    
{"id":65123,"date":"2023-03-14T15:32:26","date_gmt":"2023-03-14T14:32:26","guid":{"rendered":"https:\/\/www.praha7.cz\/?p=65123"},"modified":"2023-03-16T12:07:56","modified_gmt":"2023-03-16T11:07:56","slug":"programove-prohlaseni-rady-mc-praha-7-pro-obdobi-2022-2026","status":"publish","type":"post","link":"https:\/\/www.praha7.cz\/programove-prohlaseni-rady-mc-praha-7-pro-obdobi-2022-2026\/","title":{"rendered":"Programov\u00e9 prohl\u00e1\u0161en\u00ed Rady M\u010c Praha&nbsp;7 pro obdob\u00ed 2022\u20132026"},"content":{"rendered":"<p>[perex]<\/p>\r\n<p>Rada M\u010c Praha&nbsp;7 schv\u00e1lila dne 14.&nbsp;b\u0159ezna 2023 sv\u00e9 programov\u00e9 prohl\u00e1\u0161en\u00ed pro volebn\u00ed obdob\u00ed 2022\u20132026.<\/p>\r\n<p>Sezn\u00e1mit se s&nbsp;t\u00edmto dokumentem m\u016f\u017eete <a href=\"https:\/\/www.praha7.cz\/radnice\/voleni-zastupci-mistni-samospravy\/rada-mc-praha-7\/programove-prohlaseni-rady-mestske-casti-praha-7\/\">ZDE<\/a>.<\/p>\r\n<p>[\/perex]<\/p>","protected":false},"excerpt":{"rendered":"[perex] Rada M\u010c Praha&nbsp;7 schv\u00e1lila dne 14.&nbsp;b\u0159ezna 2023 sv\u00e9 programov\u00e9 prohl\u00e1\u0161en\u00ed pro volebn\u00ed obdob\u00ed 2022\u20132026. Sezn\u00e1mit se s&nbsp;t\u00edmto dokumentem m\u016f\u017eete ZDE. [\/perex]","protected":false},"author":5,"featured_media":61732,"comment_status":"closed","ping_status":"open","sticky":false,"template":"","format":"standard","meta":[],"categories":[34],"tags":[],"_links":{"self":[{"href":"https:\/\/www.praha7.cz\/api\/wp\/v2\/posts\/65123"}],"collection":[{"href":"https:\/\/www.praha7.cz\/api\/wp\/v2\/posts"}],"about":[{"href":"https:\/\/www.praha7.cz\/api\/wp\/v2\/types\/post"}],"author":[{"embeddable":true,"href":"https:\/\/www.praha7.cz\/api\/wp\/v2\/users\/5"}],"replies":[{"embeddable":true,"href":"https:\/\/www.praha7.cz\/api\/wp\/v2\/comments?post=65123"}],"version-history":[{"count":3,"href":"https:\/\/www.praha7.cz\/api\/wp\/v2\/posts\/65123\/revisions"}],"predecessor-version":[{"id":65189,"href":"https:\/\/www.praha7.cz\/api\/wp\/v2\/posts\/65123\/revisions\/65189"}],"wp:featuredmedia":[{"embeddable":true,"href":"https:\/\/www.praha7.cz\/api\/wp\/v2\/media\/61732"}],"wp:attachment":[{"href":"https:\/\/www.praha7.cz\/api\/wp\/v2\/media?parent=65123"}],"wp:term":[{"taxonomy":"category","embeddable":true,"href":"https:\/\/www.praha7.cz\/api\/wp\/v2\/categories?post=65123"},{"taxonomy":"post_tag","embeddable":true,"href":"https:\/\/www.praha7.cz\/api\/wp\/v2\/tags?post=65123"}],"curies":[{"name":"wp","href":"https:\/\/api.w.org\/{rel}","templated":true}]}}