    
{"id":65032,"date":"2023-03-11T16:11:06","date_gmt":"2023-03-11T15:11:06","guid":{"rendered":"https:\/\/www.praha7.cz\/?p=65032"},"modified":"2023-03-16T11:30:32","modified_gmt":"2023-03-16T10:30:32","slug":"rekonstrukce-plynovodu-a-omezeni-v-doprave","status":"publish","type":"post","link":"https:\/\/www.praha7.cz\/rekonstrukce-plynovodu-a-omezeni-v-doprave\/","title":{"rendered":"Rekonstrukce plynovodu a&nbsp;omezen\u00ed v&nbsp;doprav\u011b Korunova\u010dn\u00ed x Jana Zaj\u00edce"},"content":{"rendered":"<p>[perex]<\/p>\r\n<p>V souvislosti s&nbsp;rekonstrukc\u00ed plynovodu v&nbsp;ul. Jana Zaj\u00edce v&nbsp;Praze 7 dojde k&nbsp;\u010d\u00e1ste\u010dn\u00e9mu omezen\u00ed provozu v&nbsp;ul. Korunova\u010dn\u00ed. Stavebn\u00ed pr\u00e1ce spol. Pra\u017esk\u00e1 plyn\u00e1rensk\u00e1 Distribuce zah\u00e1j\u00ed 16.&nbsp;3.&nbsp;2023 a&nbsp;hotov\u00e9 budou v\u010detn\u011b dokon\u010den\u00ed fin\u00e1ln\u00edch povrch\u016f do 7.&nbsp;4.&nbsp;2023.<\/p>\r\n<p>[\/perex]<\/p>\r\n<p>Pr\u00e1ce jsou rozd\u011bleny do dvou etap tak, aby omezen\u00ed dopravy a&nbsp;\u010d\u00e1ste\u010dn\u00e1 omezen\u00ed parkovac\u00edch z\u00f3n rezident\u016f byla v&nbsp;co nejmen\u0161\u00edm rozsahu.<\/p>\r\n<p>V\u00a0 ul. Korunova\u010dn\u00ed dojde k\u00a0z\u00e1boru jednoho j\u00edzdn\u00edho pruhu ze t\u0159\u00ed celkov\u00fdch s&nbsp;t\u00edm, \u017ee bude zachov\u00e1na pr\u016fjezdnost jednoho pruhu v&nbsp;ka\u017ed\u00e9m sm\u011bru. V\u00a0dot\u010den\u00e9 lokalit\u011b dojde tak\u00e9 k&nbsp;do\u010dasn\u00fdm lok\u00e1ln\u00edm z\u00e1bor\u016fm parkovac\u00edch z\u00f3n a&nbsp;tak\u00e9 k&nbsp;lok\u00e1ln\u00edm omezen\u00edm chodn\u00edk\u016f.<\/p>\r\n<p>Pro rekonstrukci plynovodu v\u00a0t\u00e9to lokalit\u011b budou \u010d\u00e1ste\u010dn\u011b vyu\u017eity modern\u00ed \u201ebezv\u00fdkopov\u00e9\u201c technologie, d\u00edky kter\u00fdm se poda\u0159\u00ed prov\u00e9st pl\u00e1novan\u00e9 pr\u00e1ce a&nbsp;p\u0159itom zachovat pr\u016fjezdnost ulice Korunova\u010dn\u00ed. V\u00fdznamn\u011b se t\u00edm sn\u00ed\u017e\u00ed n\u00e1roky na p\u0159esun stavebn\u00edch hmot, pra\u0161nost, hluk a&nbsp;s&nbsp;t\u00edm souvisej\u00edc\u00ed p\u0159\u00edpadn\u00e9 negativn\u00ed dopady na \u017eivotn\u00ed prost\u0159ed\u00ed.<\/p>\r\n<p>Odb\u011bratel\u00e9 plynu, u&nbsp;nich\u017e p\u0159\u00edpadn\u011b dojde ke kr\u00e1tkodob\u00e9mu omezen\u00ed dod\u00e1vek, byli s&nbsp;p\u0159edstihem informov\u00e1ni o&nbsp;konkr\u00e9tn\u00edch term\u00ednech v\u010detn\u011b uveden\u00ed kontakt\u016f, na kter\u00e9 se mohou obr\u00e1tit s&nbsp;p\u0159\u00edpadn\u00fdmi dotazy.<\/p>\r\n<p>D\u016fvodem oprav je dlouhodob\u00e9 zaji\u0161t\u011bn\u00ed bezpe\u010dnosti a&nbsp;plynulosti dod\u00e1vek zemn\u00edho plynu nejen v&nbsp;t\u00e9to oblasti.<\/p>\r\n<p>Spole\u010dnost Pra\u017esk\u00e1 plyn\u00e1rensk\u00e1 Distribuce se omlouv\u00e1 za nep\u0159\u00edjemnosti spojen\u00e9 s\u00a0nezbytnou rekonstrukc\u00ed a&nbsp;pros\u00ed o&nbsp;dodr\u017eov\u00e1n\u00ed zv\u00fd\u0161en\u00e9 opatrnosti s&nbsp;ohledem na pohyb pracovn\u00edk\u016f stavby a&nbsp;stavebn\u00ed techniky a&nbsp;respektov\u00e1n\u00ed dopravn\u00edho zna\u010den\u00ed.<\/p>\r\n<p><em>Zdroj: Pra\u017esk\u00e1 plyn\u00e1rensk\u00e1 Distribuce, a.s.<\/em><\/p>\r\n<p><strong>Dal\u0161\u00ed informace najdete <a href=\"https:\/\/www.ppdistribuce.cz\/rekonstrukce-plynovudu-se-dotkne-take-ul-korunovacni-na-praze-7\">ZDE<\/a>.<\/strong><\/p>","protected":false},"excerpt":{"rendered":"[perex] V&nbsp;souvislosti s&nbsp;rekonstrukc\u00ed plynovodu v&nbsp;ul. Jana Zaj\u00edce v&nbsp;Praze 7 dojde k&nbsp;\u010d\u00e1ste\u010dn\u00e9mu omezen\u00ed provozu v&nbsp;ul. Korunova\u010dn\u00ed. Stavebn\u00ed pr\u00e1ce spol. Pra\u017esk\u00e1 plyn\u00e1rensk\u00e1 Distribuce zah\u00e1j\u00ed 16.&nbsp;3.&nbsp;2023 a&nbsp;hotov\u00e9 budou v\u010detn\u011b dokon\u010den\u00ed fin\u00e1ln\u00edch povrch\u016f do 7.&nbsp;4.&nbsp;2023. [\/perex] Pr\u00e1ce jsou rozd\u011bleny do dvou etap tak, aby omezen\u00ed dopravy a&nbsp;\u010d\u00e1ste\u010dn\u00e1 omezen\u00ed parkovac\u00edch z\u00f3n rezident\u016f byla v&nbsp;co nejmen\u0161\u00edm rozsahu. V\u00a0 ul. Korunova\u010dn\u00ed [&hellip;]","protected":false},"author":5,"featured_media":65134,"comment_status":"closed","ping_status":"open","sticky":false,"template":"","format":"standard","meta":[],"categories":[34],"tags":[],"_links":{"self":[{"href":"https:\/\/www.praha7.cz\/api\/wp\/v2\/posts\/65032"}],"collection":[{"href":"https:\/\/www.praha7.cz\/api\/wp\/v2\/posts"}],"about":[{"href":"https:\/\/www.praha7.cz\/api\/wp\/v2\/types\/post"}],"author":[{"embeddable":true,"href":"https:\/\/www.praha7.cz\/api\/wp\/v2\/users\/5"}],"replies":[{"embeddable":true,"href":"https:\/\/www.praha7.cz\/api\/wp\/v2\/comments?post=65032"}],"version-history":[{"count":7,"href":"https:\/\/www.praha7.cz\/api\/wp\/v2\/posts\/65032\/revisions"}],"predecessor-version":[{"id":65188,"href":"https:\/\/www.praha7.cz\/api\/wp\/v2\/posts\/65032\/revisions\/65188"}],"wp:featuredmedia":[{"embeddable":true,"href":"https:\/\/www.praha7.cz\/api\/wp\/v2\/media\/65134"}],"wp:attachment":[{"href":"https:\/\/www.praha7.cz\/api\/wp\/v2\/media?parent=65032"}],"wp:term":[{"taxonomy":"category","embeddable":true,"href":"https:\/\/www.praha7.cz\/api\/wp\/v2\/categories?post=65032"},{"taxonomy":"post_tag","embeddable":true,"href":"https:\/\/www.praha7.cz\/api\/wp\/v2\/tags?post=65032"}],"curies":[{"name":"wp","href":"https:\/\/api.w.org\/{rel}","templated":true}]}}