    
{"id":65014,"date":"2023-03-11T15:12:30","date_gmt":"2023-03-11T14:12:30","guid":{"rendered":"https:\/\/www.praha7.cz\/?p=65014"},"modified":"2023-03-11T15:12:30","modified_gmt":"2023-03-11T14:12:30","slug":"zahajeni-vystavy-dominiky-vyskocilove-v-galerii-na-milade","status":"publish","type":"post","link":"https:\/\/www.praha7.cz\/zahajeni-vystavy-dominiky-vyskocilove-v-galerii-na-milade\/","title":{"rendered":"Zah\u00e1jen\u00ed v\u00fdstavy Dominiky Vysko\u010dilov\u00e9 v&nbsp;Galerii na Milad\u011b"},"content":{"rendered":"<p>[perex]<\/p>\r\n<p>Zveme v\u00e1s na zah\u00e1jen\u00ed v\u00fdstavy Felt cute might delete later\u2026 um\u011blkyn\u011b Dominiky Vysko\u010dilov\u00e9. Jej\u00ed pr\u00e1ce je dlouhodob\u011b prostoupena referencemi na estetiku charakteristickou pro nult\u00e1 l\u00e9ta, kter\u00e1 se formovala zejm\u00e9na v&nbsp;prost\u0159ed\u00ed internetu.\u00a0Vernis\u00e1\u017e v\u00fdstavy se uskute\u010dn\u00ed v&nbsp;\u00fater\u00fd 14.&nbsp;b\u0159ezna 2023 v\u00a016.30 v&nbsp;Galerii na Milad\u011b.<\/p>\r\n<p>[\/perex]<\/p>\r\n<p>Dominika Vysko\u010dilov\u00e1 (*1999) studuje na Akademii v\u00fdtvarn\u00fdch um\u011bn\u00ed v&nbsp;Praze v\u00a0ateli\u00e9ru Malba III u&nbsp;Josefa Bolfa, Jakuba Ho\u0161ka a&nbsp;Nik Timkov\u00e9. Zam\u011b\u0159uje se p\u0159edev\u0161\u00edm na figur\u00e1ln\u00ed malbu, kter\u00e1 \u010dasto p\u0159er\u016fst\u00e1 do objektov\u00e9 tvorby a&nbsp;komplexn\u00edch prostorov\u00fdch instalac\u00ed. Ve sv\u00e9 sou\u010dasn\u00e9 tvorb\u011b zpracov\u00e1v\u00e1 t\u00e9mata manipulace, soci\u00e1ln\u00edch vztah\u016f v&nbsp;digit\u00e1ln\u00ed dimenzi a&nbsp;psychologick\u00e9ho vlivu k\u00fd\u010de a&nbsp;poklesl\u00e9 estetiky na pudov\u00e9 vn\u00edm\u00e1n\u00ed \u010dlov\u011bka.<\/p>\r\n<hr \/>\r\n<p>Vernis\u00e1\u017e v\u00fdstavy se uskute\u010dn\u00ed v&nbsp;\u00fater\u00fd 14.&nbsp;b\u0159ezna v\u00a016.30 v&nbsp;Galerii na Milad\u011b, Informa\u010dn\u00ed centrum Milady Hor\u00e1kov\u00e9 2.<\/p>\r\n<hr \/>\r\n<p>V\u00fdstava potrv\u00e1 do 16.&nbsp;dubna 2023, nav\u0161t\u00edvit ji m\u016f\u017eete kdykoli <a href=\"https:\/\/www.praha7.cz\/radnice\/organizacni-struktura\/odbor-spravnich-agend\/oddeleni-egovernment\/pracoviste-informacniho-centra-milady-horakove\/\">v otv\u00edrac\u00ed dob\u011b<\/a> informa\u010dn\u00edho centra.<br \/>\r\nVstup voln\u00fd.<\/p>","protected":false},"excerpt":{"rendered":"[perex] Zveme v\u00e1s na zah\u00e1jen\u00ed v\u00fdstavy Felt cute might delete later\u2026 um\u011blkyn\u011b Dominiky Vysko\u010dilov\u00e9. Jej\u00ed pr\u00e1ce je dlouhodob\u011b prostoupena referencemi na estetiku charakteristickou pro nult\u00e1 l\u00e9ta, kter\u00e1 se formovala zejm\u00e9na v&nbsp;prost\u0159ed\u00ed internetu.\u00a0Vernis\u00e1\u017e v\u00fdstavy se uskute\u010dn\u00ed v&nbsp;\u00fater\u00fd 14.&nbsp;b\u0159ezna 2023 v\u00a016.30 v&nbsp;Galerii na Milad\u011b. [\/perex] Dominika Vysko\u010dilov\u00e1 (*1999) studuje na Akademii v\u00fdtvarn\u00fdch um\u011bn\u00ed v&nbsp;Praze v\u00a0ateli\u00e9ru Malba III [&hellip;]","protected":false},"author":251,"featured_media":65015,"comment_status":"closed","ping_status":"open","sticky":false,"template":"","format":"standard","meta":[],"categories":[34],"tags":[],"_links":{"self":[{"href":"https:\/\/www.praha7.cz\/api\/wp\/v2\/posts\/65014"}],"collection":[{"href":"https:\/\/www.praha7.cz\/api\/wp\/v2\/posts"}],"about":[{"href":"https:\/\/www.praha7.cz\/api\/wp\/v2\/types\/post"}],"author":[{"embeddable":true,"href":"https:\/\/www.praha7.cz\/api\/wp\/v2\/users\/251"}],"replies":[{"embeddable":true,"href":"https:\/\/www.praha7.cz\/api\/wp\/v2\/comments?post=65014"}],"version-history":[{"count":1,"href":"https:\/\/www.praha7.cz\/api\/wp\/v2\/posts\/65014\/revisions"}],"predecessor-version":[{"id":65016,"href":"https:\/\/www.praha7.cz\/api\/wp\/v2\/posts\/65014\/revisions\/65016"}],"wp:featuredmedia":[{"embeddable":true,"href":"https:\/\/www.praha7.cz\/api\/wp\/v2\/media\/65015"}],"wp:attachment":[{"href":"https:\/\/www.praha7.cz\/api\/wp\/v2\/media?parent=65014"}],"wp:term":[{"taxonomy":"category","embeddable":true,"href":"https:\/\/www.praha7.cz\/api\/wp\/v2\/categories?post=65014"},{"taxonomy":"post_tag","embeddable":true,"href":"https:\/\/www.praha7.cz\/api\/wp\/v2\/tags?post=65014"}],"curies":[{"name":"wp","href":"https:\/\/api.w.org\/{rel}","templated":true}]}}