    
{"id":65009,"date":"2023-03-11T13:38:12","date_gmt":"2023-03-11T12:38:12","guid":{"rendered":"https:\/\/www.praha7.cz\/?p=65009"},"modified":"2023-03-11T14:59:50","modified_gmt":"2023-03-11T13:59:50","slug":"postni-pulhodinky-v-kostele-sv-antonina","status":"publish","type":"post","link":"https:\/\/www.praha7.cz\/postni-pulhodinky-v-kostele-sv-antonina\/","title":{"rendered":"Postn\u00ed p\u016flhodinky v&nbsp;kostele sv. Anton\u00edna"},"content":{"rendered":"<p>[perex]<\/p>\r\n<p>\u010cas p\u0159ed Velikonocemi, doba postn\u00ed, p\u0159in\u00e1\u0161\u00ed \u0159adu t\u00e9mat k&nbsp;zamy\u0161len\u00ed. Zastavte se o&nbsp;ned\u011bl\u00edch 12.&nbsp;b\u0159ezna a&nbsp;2.&nbsp;dubna 2023 od 17 hodin v&nbsp;kostele sv. Anton\u00edna na Strossmayerov\u011b n\u00e1m\u011bst\u00ed a&nbsp;za zvuk\u016f varhan a&nbsp;s&nbsp;duchovn\u00edm slovem zde pro\u017eijte klidnou p\u016flhodinku. Vstupn\u00e9 dobrovoln\u00e9.<\/p>\r\n<p>[\/perex]<\/p>\r\n<h4>12.&nbsp;b\u0159ezna 2023, 3.&nbsp;ned\u011ble postn\u00ed, od 17&nbsp;h<\/h4>\r\n<p>varhann\u00ed improvizace\u00a0Jakub Jan\u0161ta, duchovn\u00ed slovo j\u00e1hen Ji\u0159\u00ed Beran<\/p>\r\n<p>&nbsp;<\/p>\r\n<h4>2.&nbsp;dubna 2023, Kv\u011btn\u00e1 ned\u011ble, od 17 h\u00a0<\/h4>\r\n<p>varhann\u00ed improvizace Jaroslav T\u016fma, duchovn\u00ed slovo P. Pavel Semela<\/p>\r\n<hr \/>\r\n<p>V\u00edce se do\u010dtete na <a href=\"https:\/\/www.svatyantonin.cz\/news\/postni-pulhodinky-2023-chvile-k-zastaveni-modlitbe-a-rozjimani\/\">webu farnosti<\/a>.<\/p>","protected":false},"excerpt":{"rendered":"[perex] \u010cas p\u0159ed Velikonocemi, doba postn\u00ed, p\u0159in\u00e1\u0161\u00ed \u0159adu t\u00e9mat k&nbsp;zamy\u0161len\u00ed. Zastavte se o&nbsp;ned\u011bl\u00edch 12.&nbsp;b\u0159ezna a&nbsp;2.&nbsp;dubna 2023 od 17 hodin v&nbsp;kostele sv. Anton\u00edna na Strossmayerov\u011b n\u00e1m\u011bst\u00ed a&nbsp;za zvuk\u016f varhan a&nbsp;s&nbsp;duchovn\u00edm slovem zde pro\u017eijte klidnou p\u016flhodinku. Vstupn\u00e9 dobrovoln\u00e9. [\/perex] 12.&nbsp;b\u0159ezna 2023, 3.&nbsp;ned\u011ble postn\u00ed, od 17&nbsp;h varhann\u00ed improvizace\u00a0Jakub Jan\u0161ta, duchovn\u00ed slovo j\u00e1hen Ji\u0159\u00ed Beran &nbsp; 2.&nbsp;dubna 2023, Kv\u011btn\u00e1 [&hellip;]","protected":false},"author":251,"featured_media":25381,"comment_status":"closed","ping_status":"open","sticky":false,"template":"","format":"standard","meta":[],"categories":[34],"tags":[],"_links":{"self":[{"href":"https:\/\/www.praha7.cz\/api\/wp\/v2\/posts\/65009"}],"collection":[{"href":"https:\/\/www.praha7.cz\/api\/wp\/v2\/posts"}],"about":[{"href":"https:\/\/www.praha7.cz\/api\/wp\/v2\/types\/post"}],"author":[{"embeddable":true,"href":"https:\/\/www.praha7.cz\/api\/wp\/v2\/users\/251"}],"replies":[{"embeddable":true,"href":"https:\/\/www.praha7.cz\/api\/wp\/v2\/comments?post=65009"}],"version-history":[{"count":4,"href":"https:\/\/www.praha7.cz\/api\/wp\/v2\/posts\/65009\/revisions"}],"predecessor-version":[{"id":65013,"href":"https:\/\/www.praha7.cz\/api\/wp\/v2\/posts\/65009\/revisions\/65013"}],"wp:featuredmedia":[{"embeddable":true,"href":"https:\/\/www.praha7.cz\/api\/wp\/v2\/media\/25381"}],"wp:attachment":[{"href":"https:\/\/www.praha7.cz\/api\/wp\/v2\/media?parent=65009"}],"wp:term":[{"taxonomy":"category","embeddable":true,"href":"https:\/\/www.praha7.cz\/api\/wp\/v2\/categories?post=65009"},{"taxonomy":"post_tag","embeddable":true,"href":"https:\/\/www.praha7.cz\/api\/wp\/v2\/tags?post=65009"}],"curies":[{"name":"wp","href":"https:\/\/api.w.org\/{rel}","templated":true}]}}