    
{"id":64950,"date":"2023-03-08T15:01:18","date_gmt":"2023-03-08T14:01:18","guid":{"rendered":"https:\/\/www.praha7.cz\/?p=64950"},"modified":"2023-03-08T15:24:10","modified_gmt":"2023-03-08T14:24:10","slug":"26-3-2023-prerusen-provoz","status":"publish","type":"post","link":"https:\/\/www.praha7.cz\/26-3-2023-prerusen-provoz\/","title":{"rendered":"Kr\u00e1tkodob\u00e9 p\u0159eru\u0161en\u00ed provozu tramvaj\u00ed 26.&nbsp;3."},"content":{"rendered":"<p>[perex]<\/p>\r\n<p>Z d\u016fvodu \u00fadr\u017eby tramvajov\u00e9 trati doch\u00e1z\u00ed v&nbsp;ned\u011bli <strong>26.&nbsp;b\u0159ezna 2023 od 5.05 hodin do 11.00 hodin<\/strong> ke kr\u00e1tkodob\u00e9mu p\u0159eru\u0161en\u00ed provozu tramvaj\u00ed v&nbsp;\u00faseku Strossmayerovo n\u00e1m\u011bst\u00ed \u2013 V\u00fdstavi\u0161t\u011b \u2013 N\u00e1dra\u017e\u00ed Hole\u0161ovice.<\/p>\r\n<p>[\/perex]<\/p>\r\n<h3>Zm\u011bny tras tramvajov\u00fdch linek<\/h3>\r\n<ul>\r\n\t<li>Linka \u010d\u00edslo\u00a06\u00a0je v&nbsp;\u00faseku\u00a0Strossmayerovo n\u00e1m\u011bst\u00ed \u2013 Maniny\u00a0odklon\u011bna p\u0159es zast\u00e1vky\u00a0Vltavsk\u00e1\u00a0a\u00a0Hole\u0161ovick\u00e1 tr\u017enice.<\/li>\r\n\t<li>Linka \u010d\u00edslo\u00a012\u00a0nen\u00ed po dobu v\u00fdluky v&nbsp;provozu.<\/li>\r\n\t<li>Linka \u010d\u00edslo\u00a017\u00a0je v&nbsp;\u00faseku\u00a0Strossmayerovo n\u00e1m\u011bst\u00ed \u2013 N\u00e1dra\u017e\u00ed Hole\u0161ovice\u00a0odklon\u011bna p\u0159es zast\u00e1vky\u00a0Vltavsk\u00e1,\u00a0Hole\u0161ovick\u00e1 tr\u017enice,\u00a0D\u011blnick\u00e1\u00a0a\u00a0Ortenovo n\u00e1m\u011bst\u00ed.<\/li>\r\n<\/ul>\r\n<h3>N\u00e1hradn\u00ed doprava<\/h3>\r\n<ul>\r\n\t<li>V trase\u00a0Strossmayerovo n\u00e1m\u011bst\u00ed \u2013 V\u00fdstavi\u0161t\u011b \u2013 N\u00e1dra\u017e\u00ed Hole\u0161ovice\u00a0je zavedena n\u00e1hradn\u00ed autobusov\u00e1 doprava\u00a0X6.<\/li>\r\n<\/ul>","protected":false},"excerpt":{"rendered":"[perex] Z&nbsp;d\u016fvodu \u00fadr\u017eby tramvajov\u00e9 trati doch\u00e1z\u00ed v&nbsp;ned\u011bli 26.&nbsp;b\u0159ezna 2023 od 5.05 hodin do 11.00 hodin ke kr\u00e1tkodob\u00e9mu p\u0159eru\u0161en\u00ed provozu tramvaj\u00ed v&nbsp;\u00faseku Strossmayerovo n\u00e1m\u011bst\u00ed \u2013 V\u00fdstavi\u0161t\u011b \u2013 N\u00e1dra\u017e\u00ed Hole\u0161ovice. [\/perex] Zm\u011bny tras tramvajov\u00fdch linek Linka \u010d\u00edslo\u00a06\u00a0je v&nbsp;\u00faseku\u00a0Strossmayerovo n\u00e1m\u011bst\u00ed \u2013 Maniny\u00a0odklon\u011bna p\u0159es zast\u00e1vky\u00a0Vltavsk\u00e1\u00a0a\u00a0Hole\u0161ovick\u00e1 tr\u017enice. Linka \u010d\u00edslo\u00a012\u00a0nen\u00ed po dobu v\u00fdluky v&nbsp;provozu. Linka \u010d\u00edslo\u00a017\u00a0je v&nbsp;\u00faseku\u00a0Strossmayerovo n\u00e1m\u011bst\u00ed \u2013 N\u00e1dra\u017e\u00ed [&hellip;]","protected":false},"author":251,"featured_media":25054,"comment_status":"closed","ping_status":"open","sticky":false,"template":"","format":"standard","meta":[],"categories":[34],"tags":[],"_links":{"self":[{"href":"https:\/\/www.praha7.cz\/api\/wp\/v2\/posts\/64950"}],"collection":[{"href":"https:\/\/www.praha7.cz\/api\/wp\/v2\/posts"}],"about":[{"href":"https:\/\/www.praha7.cz\/api\/wp\/v2\/types\/post"}],"author":[{"embeddable":true,"href":"https:\/\/www.praha7.cz\/api\/wp\/v2\/users\/251"}],"replies":[{"embeddable":true,"href":"https:\/\/www.praha7.cz\/api\/wp\/v2\/comments?post=64950"}],"version-history":[{"count":5,"href":"https:\/\/www.praha7.cz\/api\/wp\/v2\/posts\/64950\/revisions"}],"predecessor-version":[{"id":64960,"href":"https:\/\/www.praha7.cz\/api\/wp\/v2\/posts\/64950\/revisions\/64960"}],"wp:featuredmedia":[{"embeddable":true,"href":"https:\/\/www.praha7.cz\/api\/wp\/v2\/media\/25054"}],"wp:attachment":[{"href":"https:\/\/www.praha7.cz\/api\/wp\/v2\/media?parent=64950"}],"wp:term":[{"taxonomy":"category","embeddable":true,"href":"https:\/\/www.praha7.cz\/api\/wp\/v2\/categories?post=64950"},{"taxonomy":"post_tag","embeddable":true,"href":"https:\/\/www.praha7.cz\/api\/wp\/v2\/tags?post=64950"}],"curies":[{"name":"wp","href":"https:\/\/api.w.org\/{rel}","templated":true}]}}