    
{"id":64916,"date":"2023-03-07T15:59:08","date_gmt":"2023-03-07T14:59:08","guid":{"rendered":"https:\/\/www.praha7.cz\/?p=64916"},"modified":"2023-03-20T14:38:56","modified_gmt":"2023-03-20T13:38:56","slug":"vyluka-vlaku-praha-masarykovo-nadrazi-kladno","status":"publish","type":"post","link":"https:\/\/www.praha7.cz\/vyluka-vlaku-praha-masarykovo-nadrazi-kladno\/","title":{"rendered":"V\u00fdluka vlak\u016f Praha \u2013 Masarykovo n\u00e1dra\u017e\u00ed \u2013 Kladno"},"content":{"rendered":"<p>[perex]<\/p>\r\n<p>Velk\u00e1 v\u00fdluka kladensk\u00fdch vlak\u016f se bl\u00ed\u017e\u00ed. Ji\u017e od ned\u011ble 12.&nbsp;b\u0159ezna 2023 budou v\u0161echny vlaky od Kladna asi na dva roky zkr\u00e1ceny do Dejvic, u\u017e tedy nepojedou na Masarykovo n\u00e1dra\u017e\u00ed. D\u016fvodem je modernizace trati, kter\u00e1 p\u0159inese jej\u00ed zdvoukolejn\u011bn\u00ed i&nbsp;novou zast\u00e1vku Praha-V\u00fdstavi\u0161t\u011b. Jednou budou po t\u00e9to trati jezdit nejen vlaky do Kladna, ale i&nbsp;na leti\u0161t\u011b V\u00e1clava Havla.<\/p>\r\n<p>[\/perex]<\/p>\r\n<p>Z d\u016fvodu modernizace trati v&nbsp;\u00faseku Praha-Bubny (v\u010detn\u011b) \u2013 Praha-Dejvice (mimo) bude od 12.&nbsp;b\u0159ezna 2023 p\u0159eru\u0161en provoz v\u0161ech vlak\u016f linek S5 , S54 , R24 a&nbsp;R45 mezi stanicemi Praha Masarykovo n\u00e1dra\u017e\u00ed \u2013 Praha-Dejvice. Vlaky ve sm\u011bru Hostivice \u2013 Kladno \u2013 Rakovn\u00edk budou v\u00fdchoz\u00ed ze stanice Praha-Dejvice, vlaky v&nbsp;opa\u010dn\u00e9m sm\u011bru budou ve stanici Praha-Dejvice ukon\u010deny. Pro cesty z\/do \u017eelezni\u010dn\u00edch stanic Praha-Bubny a&nbsp;Praha Masarykovo n\u00e1dra\u017e\u00ed bude nutn\u00e9 vyu\u017e\u00edt spoj\u016f MHD.\u00a0<\/p>\r\n<p>Cestuj\u00edc\u00ed vyu\u017e\u00edvaj\u00edc\u00ed v&nbsp;\u00faseku Praha Masarykovo n\u00e1dra\u017e\u00ed \u2013 Praha-Bubny \u2013 Praha-Dejvice j\u00edzdn\u00ed doklady \u010cD nebo OneTicket obdr\u017e\u00ed v&nbsp;pokladn\u00e1ch \u010di u&nbsp;pr\u016fvod\u010d\u00edho j\u00edzdn\u00ed doklad \u201eNAD Praha\u201c s&nbsp;platnost\u00ed 30 minut vyu\u017eiteln\u00fd ve spoj\u00edch MHD. Bli\u017e\u0161\u00ed informace lze nal\u00e9zt na webov\u00fdch str\u00e1nk\u00e1ch dopravce.\u00a0<\/p>\r\n<p><strong>Opat\u0159en\u00ed bude trvat po zbytek leto\u0161n\u00edho roku a&nbsp;t\u00e9m\u011b\u0159 cel\u00fd p\u0159\u00ed\u0161t\u00ed rok (ukon\u010den\u00ed v\u00fdluky se p\u0159edpokl\u00e1d\u00e1 v&nbsp;polovin\u011b prosince roku 2024).\u00a0<\/strong><\/p>\r\n<p>Sou\u010d\u00e1st\u00ed opat\u0159en\u00ed je zaveden\u00ed jednoho ve\u010dern\u00edho p\u00e1ru vlak\u016f v&nbsp;\u00faseku Hostivice \u2013 Praha hlavn\u00ed n\u00e1dra\u017e\u00ed p\u0159es Prahu-Zli\u010d\u00edn, kter\u00e9 umo\u017en\u00ed zachov\u00e1n\u00ed p\u0159estupn\u00edch vazeb na d\u00e1lkovou dopravu na pra\u017esk\u00e9m hlavn\u00edm n\u00e1dra\u017e\u00ed. Spoje budou vedeny jako p\u0159\u00edpoje k&nbsp;vlak\u016fm 9805 (sm\u011br do Prahy), resp. 9850 (sm\u011br z&nbsp;Prahy).\u00a0<\/p>\r\n<p>V r\u00e1mci stavby dojde k&nbsp;celkov\u00e9 modernizaci \u017eelezni\u010dn\u00ed stanice Praha- Bubny, zv\u00fd\u0161en\u00ed kapacity trati a&nbsp;v\u00fdstavb\u011b nov\u00e9 zast\u00e1vky Praha-V\u00fdstavi\u0161t\u011b. Nov\u011b \u0159e\u0161en\u00e1 stanice Praha- Bubny, kter\u00e1 bude p\u0159em\u00edst\u011bna bl\u00ed\u017ee k&nbsp;zast\u00e1vce Vltavsk\u00e1, umo\u017en\u00ed podstatn\u00e9 zkr\u00e1cen\u00ed p\u0159estup\u016f na tramvajov\u00e9 linky a&nbsp;metro linky C.<\/p>\r\n<p>V\u00edce o&nbsp;projektu modernizace trati a&nbsp;souvisej\u00edc\u00edch opat\u0159en\u00edch se do\u010dtete <a href=\"https:\/\/www.praha7.cz\/temata\/verejny-prostor\/zeleznice-na-letiste\/\"><strong>zde<\/strong><\/a>.<\/p>\r\n<p>&nbsp;<\/p>\r\n<p><a href=\"https:\/\/www.praha7.cz\/wp-content\/uploads\/2023\/03\/vlaky_v\u00fdluka_Kladno.jpg\"><img loading=\"lazy\" src=\"https:\/\/www.praha7.cz\/wp-content\/uploads\/2023\/03\/vlaky_v\u00fdluka_Kladno.jpg\" alt=\"\" width=\"1231\" height=\"604\" class=\"alignnone size-full wp-image-64917\" srcset=\"https:\/\/www.praha7.cz\/wp-content\/uploads\/2023\/03\/vlaky_v\u00fdluka_Kladno.jpg 1231w, https:\/\/www.praha7.cz\/wp-content\/uploads\/2023\/03\/vlaky_v\u00fdluka_Kladno-600x294.jpg 600w, https:\/\/www.praha7.cz\/wp-content\/uploads\/2023\/03\/vlaky_v\u00fdluka_Kladno-768x377.jpg 768w\" sizes=\"(max-width: 1231px) 100vw, 1231px\" \/><\/a><\/p>","protected":false},"excerpt":{"rendered":"[perex] Velk\u00e1 v\u00fdluka kladensk\u00fdch vlak\u016f se bl\u00ed\u017e\u00ed. Ji\u017e od ned\u011ble 12.&nbsp;b\u0159ezna 2023 budou v\u0161echny vlaky od Kladna asi na dva roky zkr\u00e1ceny do Dejvic, u\u017e tedy nepojedou na Masarykovo n\u00e1dra\u017e\u00ed. D\u016fvodem je modernizace trati, kter\u00e1 p\u0159inese jej\u00ed zdvoukolejn\u011bn\u00ed i&nbsp;novou zast\u00e1vku Praha-V\u00fdstavi\u0161t\u011b. Jednou budou po t\u00e9to trati jezdit nejen vlaky do Kladna, ale i&nbsp;na leti\u0161t\u011b V\u00e1clava [&hellip;]","protected":false},"author":251,"featured_media":64918,"comment_status":"closed","ping_status":"open","sticky":false,"template":"","format":"standard","meta":[],"categories":[34],"tags":[],"_links":{"self":[{"href":"https:\/\/www.praha7.cz\/api\/wp\/v2\/posts\/64916"}],"collection":[{"href":"https:\/\/www.praha7.cz\/api\/wp\/v2\/posts"}],"about":[{"href":"https:\/\/www.praha7.cz\/api\/wp\/v2\/types\/post"}],"author":[{"embeddable":true,"href":"https:\/\/www.praha7.cz\/api\/wp\/v2\/users\/251"}],"replies":[{"embeddable":true,"href":"https:\/\/www.praha7.cz\/api\/wp\/v2\/comments?post=64916"}],"version-history":[{"count":5,"href":"https:\/\/www.praha7.cz\/api\/wp\/v2\/posts\/64916\/revisions"}],"predecessor-version":[{"id":64939,"href":"https:\/\/www.praha7.cz\/api\/wp\/v2\/posts\/64916\/revisions\/64939"}],"wp:featuredmedia":[{"embeddable":true,"href":"https:\/\/www.praha7.cz\/api\/wp\/v2\/media\/64918"}],"wp:attachment":[{"href":"https:\/\/www.praha7.cz\/api\/wp\/v2\/media?parent=64916"}],"wp:term":[{"taxonomy":"category","embeddable":true,"href":"https:\/\/www.praha7.cz\/api\/wp\/v2\/categories?post=64916"},{"taxonomy":"post_tag","embeddable":true,"href":"https:\/\/www.praha7.cz\/api\/wp\/v2\/tags?post=64916"}],"curies":[{"name":"wp","href":"https:\/\/api.w.org\/{rel}","templated":true}]}}