    
{"id":64904,"date":"2023-03-07T14:37:29","date_gmt":"2023-03-07T13:37:29","guid":{"rendered":"https:\/\/www.praha7.cz\/?p=64904"},"modified":"2023-03-07T16:22:59","modified_gmt":"2023-03-07T15:22:59","slug":"novy-mural-v-argentinske","status":"publish","type":"post","link":"https:\/\/www.praha7.cz\/novy-mural-v-argentinske\/","title":{"rendered":"Nov\u00fd mural v&nbsp;Argentinsk\u00e9 bojuje proti dom\u00e1c\u00edmu n\u00e1sil\u00ed"},"content":{"rendered":"<p>[perex]<\/p>\r\n<p>U p\u0159\u00edle\u017eitosti Mezin\u00e1rodn\u00edho dne \u017een odhalila IKEA v&nbsp;Hole\u0161ovic\u00edch na zdi domu v&nbsp;Argentinsk\u00e9 ulici u&nbsp;k\u0159\u00ed\u017een\u00ed s\u00a0Plyn\u00e1rn\u00ed velkoform\u00e1tovou n\u00e1st\u011bnnou malbu od vizu\u00e1ln\u00edho um\u011blce Davida Strauzze. D\u00edlo je sou\u010d\u00e1st\u00ed dlouhodob\u00e9ho projektu proti dom\u00e1c\u00edmu n\u00e1sil\u00ed. Malba odkazuje i&nbsp;na nov\u00fd web <a href=\"https:\/\/www.probezpecnydomov.cz\/\" target=\"_blank\" rel=\"noopener\">probezpecnydomov.cz<\/a>, kter\u00fd se v\u011bnuje problematice legislativn\u00ed zm\u011bny, jej\u00edm\u017e c\u00edlem je zajistit lep\u0161\u00ed pr\u00e1vn\u00ed ochranu ob\u011bt\u00ed dom\u00e1c\u00edho n\u00e1sil\u00ed.<\/p>\r\n<p>[\/perex]<\/p>\r\n<p>Projekt na podporu bezpe\u010dn\u00e9ho domova pro v\u0161echny spustila IKEA ve spolupr\u00e1ci se sv\u00fdmi partnery u\u017e na podzim roku 2020. Letos spojila s\u00edly s\u00a0jedn\u00edm z\u00a0p\u0159edn\u00edch sou\u010dasn\u00fdch vizu\u00e1ln\u00edch um\u011blc\u016f Davidem Strauzzem, kter\u00fd vytvo\u0159il 20 metr\u016f vysok\u00fd a&nbsp;16 metr\u016f\u00a0\u0161irok\u00fd mural s&nbsp;podobiznou \u017eeny, kter\u00e1 dod\u00e1v\u00e1 s\u00edlu v\u0161em, kte\u0159\u00ed se doma nec\u00edt\u00ed bezpe\u010dn\u011b.\u00a0<\/p>\r\n<p><em>\u201eKdy\u017e m\u011b IKEA oslovila, abych se stal sou\u010d\u00e1st\u00ed projektu, kter\u00fd podporuje ob\u011bti dom\u00e1c\u00edho n\u00e1sil\u00ed, hned jsem souhlasil. M\u00e1m pocit, \u017ee tady v&nbsp;\u010cesku si lid\u00e9 \u010dasto mysl\u00ed, \u017ee co je za zav\u0159en\u00fdmi dve\u0159mi domova, to se ned\u011bje nebo jim do toho nic nen\u00ed. Ale to je \u0161patn\u011b,\u201c\u00a0<\/em>\u0159\u00edk\u00e1\u00a0David Strauzz.\u00a0<em>\u201eJ\u00e1 s\u00e1m jsem jako mal\u00fd dom\u00e1c\u00ed n\u00e1sil\u00ed za\u017eil. M\u016fj otec byl velmi agresivn\u00ed k&nbsp;moj\u00ed mamince, kterou bil, a&nbsp;i&nbsp;ke mn\u011b se sestrou. Jako d\u00edt\u011b takov\u00e9mu chov\u00e1n\u00ed nem\u016f\u017eete zabr\u00e1nit, teprve jako teenager jsem se mu mohl n\u011bjak\u00fdm zp\u016fsobem postavit,\u201c<\/em>\u00a0vzpom\u00edn\u00e1 \u010desko-kanadsk\u00fd um\u011blec.<\/p>\r\n<p>Ze zdi domu v&nbsp;pra\u017esk\u00fdch Hole\u0161ovic\u00edch shl\u00ed\u017e\u00ed \u017eena, jej\u00ed\u017e obli\u010dej je pokryt texty vyjad\u0159uj\u00edc\u00edmi podporu v\u0161em ob\u011btem dom\u00e1c\u00edho n\u00e1sil\u00ed. Z&nbsp;muralu vystupuj\u00ed vzkazy \u201eNejsi na to sama\u201c, \u201eN\u00e1sil\u00ed do vztahu nepat\u0159\u00ed\u201c, \u201eNad\u011bje\u201c, \u201eOdvaha\u201c, \u201eNeboj se o&nbsp;tom mluvit\u201c nebo \u201eMl\u010den\u00edm se n\u00e1sil\u00ed nezastav\u00ed\u201c. Co se t\u00fdk\u00e1 um\u011blcovy inspirace, d\u00edlo nezobrazuje \u017e\u00e1dnou konkr\u00e9tn\u00ed \u017eenu.\u00a0<em>\u201eTvo\u0159en\u00ed muralu pro m\u011b bylo velmi emotivn\u00ed, kdybych v&nbsp;n\u011bm je\u0161t\u011b zobrazoval svou maminku, bylo by to a\u017e p\u0159\u00edli\u0161 osobn\u00ed,\u201c<\/em>\u00a0vysv\u011btluje Strauzz.<\/p>\r\n<p><img loading=\"lazy\" src=\"https:\/\/www.praha7.cz\/wp-content\/uploads\/2023\/03\/mural-Argentinsk\u00e1-Strauzz-667x1000.jpg\" alt=\"\" width=\"640\" height=\"960\" class=\"alignnone size-large wp-image-64907\" srcset=\"https:\/\/www.praha7.cz\/wp-content\/uploads\/2023\/03\/mural-Argentinsk\u00e1-Strauzz-667x1000.jpg 667w, https:\/\/www.praha7.cz\/wp-content\/uploads\/2023\/03\/mural-Argentinsk\u00e1-Strauzz-267x400.jpg 267w, https:\/\/www.praha7.cz\/wp-content\/uploads\/2023\/03\/mural-Argentinsk\u00e1-Strauzz-768x1152.jpg 768w, https:\/\/www.praha7.cz\/wp-content\/uploads\/2023\/03\/mural-Argentinsk\u00e1-Strauzz.jpg 1396w\" sizes=\"(max-width: 640px) 100vw, 640px\" \/><\/p>\r\n<h3>Lep\u0161\u00ed pr\u00e1vn\u00ed ochrana ob\u011bt\u00ed dom\u00e1c\u00edho n\u00e1sil\u00ed<\/h3>\r\n<p>Sou\u010d\u00e1st\u00ed malby je tak\u00e9 odkaz na nov\u00fd web\u00a0<a href=\"https:\/\/www.probezpecnydomov.cz\/\" target=\"_blank\" rel=\"noopener\">probezpecnydomov.cz<\/a>, kter\u00fd se v\u011bnuje problematice zlep\u0161en\u00ed pr\u00e1vn\u00ed ochrany ob\u011bt\u00ed dom\u00e1c\u00edho n\u00e1sil\u00ed. IKEA ji aktivn\u011b podporuje u\u017e od za\u010d\u00e1tku projektu.<\/p>\r\n<p><em>\u201ePro pomoc ob\u011btem je kl\u00ed\u010dov\u00e1 jednotn\u00e1 definice dom\u00e1c\u00edho n\u00e1sil\u00ed, kter\u00e1 by takov\u00e9 jedn\u00e1n\u00ed jasn\u011b vymezila. P\u0159esto\u017ee je dom\u00e1c\u00ed n\u00e1sil\u00ed v&nbsp;n\u011bkolika z\u00e1konech zm\u00edn\u011bno, jeho definice v&nbsp;na\u0161\u00ed legislativ\u011b chyb\u00ed. M\u00e1m proto velkou radost, \u017ee \u00da\u0159ad vl\u00e1dy v&nbsp;sou\u010dasn\u00e9 dob\u011b dokon\u010duje p\u0159\u00edpravu z\u00e1kona, kter\u00fd tento nevyhovuj\u00edc\u00ed stav zm\u011bn\u00ed a&nbsp;zakotv\u00ed jednotnou definici do \u010desk\u00e9ho pr\u00e1vn\u00edho \u0159\u00e1du. Jako IKEA jsme sehr\u00e1li roli moder\u00e1tora, kter\u00fd propojil a&nbsp;pozval k\u202fjednac\u00edmu stolu ty, kte\u0159\u00ed mohou k\u202ft\u00e9to d\u016fle\u017eit\u00e9 legislativ\u011b pomoci. V\u011b\u0159\u00edm, \u017ee z\u00e1kon bude je\u0161t\u011b v\u202fleto\u0161n\u00edm roce schv\u00e1len a&nbsp;\u017ee ob\u011bti dom\u00e1c\u00edho n\u00e1sil\u00ed budou m\u00edt d\u00edky tomu zaji\u0161t\u011bn\u00e9 rovn\u00e9 zach\u00e1zen\u00ed,\u201c<\/em>\u00a0uvedl\u00a0Jakub Lelek, public affairs leader IKEA \u010cesk\u00e1 republika.<\/p>\r\n<p>U\u017e v&nbsp;lo\u0148sk\u00e9m roce se tak\u00e9 prvn\u00ed dva kraje \u2013 St\u0159edo\u010desk\u00fd a&nbsp;Jihomoravsk\u00fd \u2013 spole\u010dn\u011b s&nbsp;partnery a&nbsp;signat\u00e1\u0159i, mezi n\u011b\u017e se IKEA \u0159ad\u00ed, dohodly tak\u00e9 na podpisu memoranda o&nbsp;dlouhodob\u00e9 spolupr\u00e1ci na napln\u011bn\u00ed z\u00e1vazku efektivn\u00edho a&nbsp;syst\u00e9mov\u00e9ho \u0159e\u0161en\u00ed problematiky dom\u00e1c\u00edho a&nbsp;genderov\u011b podm\u00edn\u011bn\u00e9ho n\u00e1sil\u00ed. P\u0159ipojit se k&nbsp;memorandu pl\u00e1nuj\u00ed i&nbsp;dal\u0161\u00ed kraje. \u00a0<\/p>\r\n<h3>O muralu pro IKEA<\/h3>\r\n<p>Velkoform\u00e1tov\u00e1 malba na zdi na dom\u011b v&nbsp;Argentinsk\u00e9 ulici u&nbsp;k\u0159\u00ed\u017een\u00ed s&nbsp;Plyn\u00e1rn\u00ed je zhruba 20 metr\u016f vysok\u00e1 a&nbsp;6 metr\u016f \u0161irok\u00e1. Zobrazuje \u017eenu, kter\u00e1 hovo\u0159\u00ed ke v\u0161em, kter\u00fdch se dom\u00e1c\u00ed n\u00e1sil\u00ed t\u00fdk\u00e1, a\u0165 u\u017e osobn\u011b, nebo nep\u0159\u00edmo. Samotn\u00e1 realizace muralu trvala p\u0159ibli\u017en\u011b t\u00fdden. D\u00edlo bylo odhaleno 7.&nbsp;b\u0159ezna 2023 za \u00fa\u010dasti autora, z\u00e1stupc\u016f IKEA a&nbsp;Koalice NeNa a&nbsp;host\u016f. David Strauzz pou\u017eil barvy Airlite, kter\u00e9 nejen \u017ee jsou \u0161etrn\u00e9 k&nbsp;\u017eivotn\u00edmu prost\u0159ed\u00ed, ale d\u00edky inovativn\u00ed technologii \u010dist\u00ed vzduch. Plochu pro mural poskytla bezplatn\u011b M\u011bstsk\u00e1 \u010d\u00e1st Praha&nbsp;7.<\/p>\r\n<p><em>\u201eV Praze 7 se ji\u017e poda\u0159ilo zrealizovat n\u011bkolik projekt\u016f, kter\u00e9 origin\u00e1ln\u011b propojily sou\u010dasn\u00e9 um\u011bn\u00ed s&nbsp;ve\u0159ejn\u00fdm prostorem. Zaj\u00edmav\u00e9 n\u00e1pady, jak probudit zapadl\u00e1 z\u00e1kout\u00ed a&nbsp;o\u017eivit \u0161ed\u00e9 m\u011bstsk\u00e9 plochy, v\u00edt\u00e1me a&nbsp;podporujeme. Velmi r\u00e1di jsme nyn\u00ed poskytli prostor pro ztv\u00e1rn\u011bn\u00ed d\u00edla, kter\u00e9 nejen\u017ee o\u017eiv\u00ed sv\u00e9 okol\u00ed, ale p\u0159edev\u0161\u00edm upozor\u0148uje na problematiku dom\u00e1c\u00edho n\u00e1sil\u00ed a&nbsp;je sou\u010d\u00e1st\u00ed osv\u011btov\u00e9 kampan\u011b za bezpe\u010dn\u00fd domov pro v\u0161echny,\u201c<\/em>\u00a0\u0159\u00edk\u00e1\u00a0m\u00edstostarostka Prahy&nbsp;7 Hana T\u0159e\u0161t\u00edkov\u00e1.\u00a0D\u00edlo bude k&nbsp;vid\u011bn\u00ed do listopadu 2024.\u00a0\u00a0 \u00a0<\/p>\r\n<p><img loading=\"lazy\" src=\"https:\/\/www.praha7.cz\/wp-content\/uploads\/2023\/03\/mural-Argentinsk\u00e1-1500x915.jpg\" alt=\"\" width=\"640\" height=\"390\" class=\"alignnone size-large wp-image-64908\" srcset=\"https:\/\/www.praha7.cz\/wp-content\/uploads\/2023\/03\/mural-Argentinsk\u00e1-1500x915.jpg 1500w, https:\/\/www.praha7.cz\/wp-content\/uploads\/2023\/03\/mural-Argentinsk\u00e1-600x366.jpg 600w, https:\/\/www.praha7.cz\/wp-content\/uploads\/2023\/03\/mural-Argentinsk\u00e1-768x468.jpg 768w\" sizes=\"(max-width: 640px) 100vw, 640px\" \/><\/p>\r\n<hr \/>\r\n<p><span style=\"font-size: 24px; color: #000080;\"><strong>David Strauzz<\/strong><\/span> se narodil v&nbsp;roce 1976 v&nbsp;Kanad\u011b \u010deskoslovensk\u00fdm emigrant\u016fm. V&nbsp;Praze, ve sv\u00e9m ateli\u00e9ru ve vyso\u010dansk\u00e9m um\u011bleck\u00e9m centru Pragovka Art District, p\u016fsob\u00ed od roku 2015. V\u011bnuje se urban um\u011bn\u00ed, kombinovan\u00fdm technik\u00e1m a&nbsp;abstrakci. Tvo\u0159\u00ed venkovn\u00ed i&nbsp;vnit\u0159n\u00ed muraly a&nbsp;jeho d\u00edla na pl\u00e1tnech a&nbsp;d\u0159ev\u011bn\u00fdch desk\u00e1ch jsou zastoupena v&nbsp;galeri\u00edch i&nbsp;soukrom\u00fdch sb\u00edrk\u00e1ch.<\/p>\r\n<p>&nbsp;<\/p>","protected":false},"excerpt":{"rendered":"[perex] U&nbsp;p\u0159\u00edle\u017eitosti Mezin\u00e1rodn\u00edho dne \u017een odhalila IKEA v&nbsp;Hole\u0161ovic\u00edch na zdi domu v&nbsp;Argentinsk\u00e9 ulici u&nbsp;k\u0159\u00ed\u017een\u00ed s\u00a0Plyn\u00e1rn\u00ed velkoform\u00e1tovou n\u00e1st\u011bnnou malbu od vizu\u00e1ln\u00edho um\u011blce Davida Strauzze. D\u00edlo je sou\u010d\u00e1st\u00ed dlouhodob\u00e9ho projektu proti dom\u00e1c\u00edmu n\u00e1sil\u00ed. Malba odkazuje i&nbsp;na nov\u00fd web probezpecnydomov.cz, kter\u00fd se v\u011bnuje problematice legislativn\u00ed zm\u011bny, jej\u00edm\u017e c\u00edlem je zajistit lep\u0161\u00ed pr\u00e1vn\u00ed ochranu ob\u011bt\u00ed dom\u00e1c\u00edho n\u00e1sil\u00ed. [\/perex] [&hellip;]","protected":false},"author":251,"featured_media":64906,"comment_status":"closed","ping_status":"open","sticky":false,"template":"","format":"standard","meta":[],"categories":[34,74],"tags":[],"_links":{"self":[{"href":"https:\/\/www.praha7.cz\/api\/wp\/v2\/posts\/64904"}],"collection":[{"href":"https:\/\/www.praha7.cz\/api\/wp\/v2\/posts"}],"about":[{"href":"https:\/\/www.praha7.cz\/api\/wp\/v2\/types\/post"}],"author":[{"embeddable":true,"href":"https:\/\/www.praha7.cz\/api\/wp\/v2\/users\/251"}],"replies":[{"embeddable":true,"href":"https:\/\/www.praha7.cz\/api\/wp\/v2\/comments?post=64904"}],"version-history":[{"count":3,"href":"https:\/\/www.praha7.cz\/api\/wp\/v2\/posts\/64904\/revisions"}],"predecessor-version":[{"id":64914,"href":"https:\/\/www.praha7.cz\/api\/wp\/v2\/posts\/64904\/revisions\/64914"}],"wp:featuredmedia":[{"embeddable":true,"href":"https:\/\/www.praha7.cz\/api\/wp\/v2\/media\/64906"}],"wp:attachment":[{"href":"https:\/\/www.praha7.cz\/api\/wp\/v2\/media?parent=64904"}],"wp:term":[{"taxonomy":"category","embeddable":true,"href":"https:\/\/www.praha7.cz\/api\/wp\/v2\/categories?post=64904"},{"taxonomy":"post_tag","embeddable":true,"href":"https:\/\/www.praha7.cz\/api\/wp\/v2\/tags?post=64904"}],"curies":[{"name":"wp","href":"https:\/\/api.w.org\/{rel}","templated":true}]}}