    
{"id":64878,"date":"2023-03-06T14:16:03","date_gmt":"2023-03-06T13:16:03","guid":{"rendered":"https:\/\/www.praha7.cz\/?p=64878"},"modified":"2023-03-06T14:17:01","modified_gmt":"2023-03-06T13:17:01","slug":"vzpominka-na-biib-v-pamatniku-ticha","status":"publish","type":"post","link":"https:\/\/www.praha7.cz\/vzpominka-na-biib-v-pamatniku-ticha\/","title":{"rendered":"Vzpom\u00ednka na BIIb v&nbsp;Pam\u00e1tn\u00edku ticha"},"content":{"rendered":"<p>[perex]<\/p>\r\n<p>V noci z&nbsp;8.&nbsp;na 9.&nbsp;b\u0159ezna 1944 bylo v&nbsp;plynov\u00fdch komor\u00e1ch koncentra\u010dn\u00edho a&nbsp;vyhlazovac\u00edho t\u00e1bora Auschwitz-Birkenau zavra\u017ed\u011bno 3&nbsp;792 obyvatel tzv. terez\u00ednsk\u00e9ho rodinn\u00e9ho t\u00e1bora ozna\u010dovan\u00e9ho zkratkou BIIb.<\/p>\r\n<p>[\/perex]<\/p>\r\n<p>Pietn\u00ed vzpom\u00ednku p\u0159ipravil <a href=\"https:\/\/www.pamatnikticha.cz\/\" target=\"_blank\" rel=\"noopener\">Pam\u00e1tn\u00edk ticha<\/a> (Bubensk\u00e1 8b) na st\u0159edu 8.&nbsp;b\u0159ezna 2023 v&nbsp;16 hodin. Jazzov\u00e9 trio Davida Dor\u016f\u017eky vzd\u00e1 v&nbsp;odjezdov\u00e9 hale n\u00e1dra\u017e\u00ed Bubny \u010dest zesnul\u00fdm i&nbsp;nezn\u00e1m\u00e9mu fotografovi unik\u00e1tn\u00edho, ned\u00e1vno objeven\u00e9ho sn\u00edmku zachycuj\u00edc\u00edho deportaci t\u011bch, kte\u0159\u00ed se z&nbsp;Osv\u011btimi nevr\u00e1tili. Vstup zdarma. M\u00edsto si pros\u00edm rezervujte na e-mailu:\u00a0<a href=\"mailto:rezervace@pamatnikticha.cz\">rezervace@pamatnikticha.cz<\/a><\/p>\r\n<p>&nbsp;<\/p>\r\n<p><a href=\"https:\/\/www.praha7.cz\/wp-content\/uploads\/2023\/03\/vzpom\u00ednka-BIIb_2023.jpg\"><img loading=\"lazy\" src=\"https:\/\/www.praha7.cz\/wp-content\/uploads\/2023\/03\/vzpom\u00ednka-BIIb_2023.jpg\" alt=\"\" width=\"507\" height=\"720\" class=\"alignnone size-full wp-image-64880\" srcset=\"https:\/\/www.praha7.cz\/wp-content\/uploads\/2023\/03\/vzpom\u00ednka-BIIb_2023.jpg 507w, https:\/\/www.praha7.cz\/wp-content\/uploads\/2023\/03\/vzpom\u00ednka-BIIb_2023-282x400.jpg 282w\" sizes=\"(max-width: 507px) 100vw, 507px\" \/><\/a><\/p>\r\n<p>&nbsp;<\/p>","protected":false},"excerpt":{"rendered":"[perex] V&nbsp;noci z&nbsp;8.&nbsp;na 9.&nbsp;b\u0159ezna 1944 bylo v&nbsp;plynov\u00fdch komor\u00e1ch koncentra\u010dn\u00edho a&nbsp;vyhlazovac\u00edho t\u00e1bora Auschwitz-Birkenau zavra\u017ed\u011bno 3&nbsp;792 obyvatel tzv. terez\u00ednsk\u00e9ho rodinn\u00e9ho t\u00e1bora ozna\u010dovan\u00e9ho zkratkou BIIb. [\/perex] Pietn\u00ed vzpom\u00ednku p\u0159ipravil Pam\u00e1tn\u00edk ticha (Bubensk\u00e1 8b) na st\u0159edu 8.&nbsp;b\u0159ezna 2023 v&nbsp;16 hodin. Jazzov\u00e9 trio Davida Dor\u016f\u017eky vzd\u00e1 v&nbsp;odjezdov\u00e9 hale n\u00e1dra\u017e\u00ed Bubny \u010dest zesnul\u00fdm i&nbsp;nezn\u00e1m\u00e9mu fotografovi unik\u00e1tn\u00edho, ned\u00e1vno objeven\u00e9ho sn\u00edmku zachycuj\u00edc\u00edho [&hellip;]","protected":false},"author":251,"featured_media":64879,"comment_status":"closed","ping_status":"open","sticky":false,"template":"","format":"standard","meta":[],"categories":[34],"tags":[],"_links":{"self":[{"href":"https:\/\/www.praha7.cz\/api\/wp\/v2\/posts\/64878"}],"collection":[{"href":"https:\/\/www.praha7.cz\/api\/wp\/v2\/posts"}],"about":[{"href":"https:\/\/www.praha7.cz\/api\/wp\/v2\/types\/post"}],"author":[{"embeddable":true,"href":"https:\/\/www.praha7.cz\/api\/wp\/v2\/users\/251"}],"replies":[{"embeddable":true,"href":"https:\/\/www.praha7.cz\/api\/wp\/v2\/comments?post=64878"}],"version-history":[{"count":2,"href":"https:\/\/www.praha7.cz\/api\/wp\/v2\/posts\/64878\/revisions"}],"predecessor-version":[{"id":64882,"href":"https:\/\/www.praha7.cz\/api\/wp\/v2\/posts\/64878\/revisions\/64882"}],"wp:featuredmedia":[{"embeddable":true,"href":"https:\/\/www.praha7.cz\/api\/wp\/v2\/media\/64879"}],"wp:attachment":[{"href":"https:\/\/www.praha7.cz\/api\/wp\/v2\/media?parent=64878"}],"wp:term":[{"taxonomy":"category","embeddable":true,"href":"https:\/\/www.praha7.cz\/api\/wp\/v2\/categories?post=64878"},{"taxonomy":"post_tag","embeddable":true,"href":"https:\/\/www.praha7.cz\/api\/wp\/v2\/tags?post=64878"}],"curies":[{"name":"wp","href":"https:\/\/api.w.org\/{rel}","templated":true}]}}