    
{"id":64863,"date":"2023-03-03T11:39:40","date_gmt":"2023-03-03T10:39:40","guid":{"rendered":"https:\/\/www.praha7.cz\/?p=64863"},"modified":"2023-03-03T11:49:10","modified_gmt":"2023-03-03T10:49:10","slug":"vysel-breznovy-hobulet","status":"publish","type":"post","link":"https:\/\/www.praha7.cz\/vysel-breznovy-hobulet\/","title":{"rendered":"Vy\u0161el b\u0159eznov\u00fd Hobulet"},"content":{"rendered":"<p>[perex]<\/p>\r\n<p>V b\u0159eznov\u00e9m Hobuletu v\u00e1s pozveme do kr\u00e1lovstv\u00ed knih B\u011bly Je\u017ekov\u00e9, dozv\u00edte se spoustu informac\u00ed o&nbsp;pt\u00e1c\u00edch ve m\u011bst\u011b nebo o&nbsp;v\u00fduce fyziky a&nbsp;chemie interaktivn\u011b. Vyzpov\u00eddali jsme Vladim\u00edra Dr\u00e1bka, prvn\u00edho polistopadov\u00e9ho starostu Prahy&nbsp;7 a&nbsp;zakladatele Ateli\u00e9ru radostn\u00e9 tvorby. V&nbsp;rubrice Archiv v\u00e1s sezn\u00e1m\u00edme s&nbsp;bubenskou automobilkou \u0160ibrava. P\u0159in\u00e1\u0161\u00edme p\u0159ehled z\u00e1kladn\u00edch \u0161kol na Sedmi\u010dce a&nbsp;nechyb\u00ed ani tradi\u010dn\u00ed rubriky Uli\u010dn\u00edk, Stalo se, kulturn\u00ed p\u0159ehled nebo str\u00e1nka pro d\u011bti.<\/p>\r\n<p>[\/perex]<\/p>\r\n<h3>\u010c\u00edst Hobulet online m\u016f\u017eete\u00a0<a href=\"https:\/\/zpravodaj.munipolis.cz\/praha7\/brezen-2023\/\">zde<\/a>.<\/h3>\r\n<p>B\u0159eznov\u00e9 vyd\u00e1n\u00ed doprovodil sv\u00fdmi ilustracemi srbsk\u00fd v\u00fdtvarn\u00edk Darjan Hardi.<br \/>\r\nP\u0159\u00edjemn\u00e9 \u010dten\u00ed v\u00e1m p\u0159eje redakce Hobuletu.<\/p>\r\n<hr \/>\r\n<p>Archiv m\u011bs\u00ed\u010dn\u00edku m\u011bstsk\u00e9 \u010d\u00e1sti Praha\u00a07\u00a0Hobulet\u00a0najdete\u00a0<a href=\"https:\/\/www.praha7.cz\/hobulet\/archiv-hobuletu\/\">zde<\/a>.<\/p>","protected":false},"excerpt":{"rendered":"[perex] V&nbsp;b\u0159eznov\u00e9m Hobuletu v\u00e1s pozveme do kr\u00e1lovstv\u00ed knih B\u011bly Je\u017ekov\u00e9, dozv\u00edte se spoustu informac\u00ed o&nbsp;pt\u00e1c\u00edch ve m\u011bst\u011b nebo o&nbsp;v\u00fduce fyziky a&nbsp;chemie interaktivn\u011b. Vyzpov\u00eddali jsme Vladim\u00edra Dr\u00e1bka, prvn\u00edho polistopadov\u00e9ho starostu Prahy&nbsp;7 a&nbsp;zakladatele Ateli\u00e9ru radostn\u00e9 tvorby. V&nbsp;rubrice Archiv v\u00e1s sezn\u00e1m\u00edme s&nbsp;bubenskou automobilkou \u0160ibrava. P\u0159in\u00e1\u0161\u00edme p\u0159ehled z\u00e1kladn\u00edch \u0161kol na Sedmi\u010dce a&nbsp;nechyb\u00ed ani tradi\u010dn\u00ed rubriky Uli\u010dn\u00edk, Stalo se, [&hellip;]","protected":false},"author":251,"featured_media":64866,"comment_status":"closed","ping_status":"open","sticky":false,"template":"","format":"standard","meta":[],"categories":[34],"tags":[],"_links":{"self":[{"href":"https:\/\/www.praha7.cz\/api\/wp\/v2\/posts\/64863"}],"collection":[{"href":"https:\/\/www.praha7.cz\/api\/wp\/v2\/posts"}],"about":[{"href":"https:\/\/www.praha7.cz\/api\/wp\/v2\/types\/post"}],"author":[{"embeddable":true,"href":"https:\/\/www.praha7.cz\/api\/wp\/v2\/users\/251"}],"replies":[{"embeddable":true,"href":"https:\/\/www.praha7.cz\/api\/wp\/v2\/comments?post=64863"}],"version-history":[{"count":1,"href":"https:\/\/www.praha7.cz\/api\/wp\/v2\/posts\/64863\/revisions"}],"predecessor-version":[{"id":64865,"href":"https:\/\/www.praha7.cz\/api\/wp\/v2\/posts\/64863\/revisions\/64865"}],"wp:featuredmedia":[{"embeddable":true,"href":"https:\/\/www.praha7.cz\/api\/wp\/v2\/media\/64866"}],"wp:attachment":[{"href":"https:\/\/www.praha7.cz\/api\/wp\/v2\/media?parent=64863"}],"wp:term":[{"taxonomy":"category","embeddable":true,"href":"https:\/\/www.praha7.cz\/api\/wp\/v2\/categories?post=64863"},{"taxonomy":"post_tag","embeddable":true,"href":"https:\/\/www.praha7.cz\/api\/wp\/v2\/tags?post=64863"}],"curies":[{"name":"wp","href":"https:\/\/api.w.org\/{rel}","templated":true}]}}