    
{"id":64853,"date":"2023-03-03T10:30:37","date_gmt":"2023-03-03T09:30:37","guid":{"rendered":"https:\/\/www.praha7.cz\/?p=64853"},"modified":"2023-03-03T10:30:37","modified_gmt":"2023-03-03T09:30:37","slug":"provoz-metra-v-useku-hlavni-nadrazi-vltavska-bude-o-vikendu-prerusen","status":"publish","type":"post","link":"https:\/\/www.praha7.cz\/provoz-metra-v-useku-hlavni-nadrazi-vltavska-bude-o-vikendu-prerusen\/","title":{"rendered":"Provoz metra v&nbsp;\u00faseku Hlavn\u00ed n\u00e1dra\u017e\u00ed \u2013 Vltavsk\u00e1 bude o&nbsp;v\u00edkendu p\u0159eru\u0161en"},"content":{"rendered":"<p>[perex]<\/p>\r\n<p>Trasu C \u010dek\u00e1 v&nbsp;sobotu 4.&nbsp;a&nbsp;v&nbsp;ned\u011bli 5.&nbsp;b\u0159ezna 2023 op\u011bt v\u00fdluka z\u00a0d\u016fvodu rekonstrukce stropn\u00ed desky ve stanici Florenc. Zavedena bude n\u00e1hradn\u00ed tramvajov\u00e1 doprava XC a&nbsp;36.<\/p>\r\n<p>[\/perex]<\/p>\r\n<h4>N\u00e1hradn\u00ed tramvajov\u00e1 doprava (v&nbsp;denn\u00edm provozu):<\/h4>\r\n<p><strong>Linka XC<\/strong>\u00a0v trase\u00a0Hlavn\u00ed n\u00e1dra\u017e\u00ed\u00a0(v&nbsp;Opletalov\u011b ulici) \u2013\u00a0Masarykovo n\u00e1dra\u017e\u00ed \u2013 B\u00edl\u00e1 labu\u0165 \u2013 Vltavsk\u00e1\u00a0(na p\u0159edmost\u00ed Hl\u00e1vkova mostu) \u2013\u00a0Strossmayerovo n\u00e1m\u011bst\u00ed \u2013 V\u00fdstavi\u0161t\u011b.<br \/>\r\n<strong>Linka \u010d\u00edslo\u00a036<\/strong>\u00a0v trase\u00a0Zvona\u0159ka \u2013 I. P. Pavlova \u2013 Karlovo n\u00e1m\u011bst\u00ed \u2013 V\u00e1clavsk\u00e9 n\u00e1m\u011bst\u00ed \u2013 Masarykovo n\u00e1dra\u017e\u00ed \u2013 B\u00edl\u00e1 labu\u0165 \u2013 Vltavsk\u00e1\u00a0(na p\u0159edmost\u00ed Hl\u00e1vkova mostu) \u2013\u00a0 V\u00fdstavi\u0161t\u011b \u2013 N\u00e1dra\u017e\u00ed Hole\u0161ovice \u2013 Kobylisy \u2013 L\u00e1dv\u00ed \u2013 S\u00eddli\u0161t\u011b \u010e\u00e1blice\u00a0(v&nbsp;\u00faseku Kobylisy \u2013 S\u00eddli\u0161t\u011b \u010e\u00e1blice pouze vybran\u00e9 spoje).<\/p>\r\n<p><img loading=\"lazy\" src=\"https:\/\/www.praha7.cz\/wp-content\/uploads\/2023\/01\/Schema_provozu_behem_opatreni_Hl_nad_Vltavska.png\" alt=\"\" width=\"1270\" height=\"293\" class=\"alignnone size-full wp-image-63300\" srcset=\"https:\/\/www.praha7.cz\/wp-content\/uploads\/2023\/01\/Schema_provozu_behem_opatreni_Hl_nad_Vltavska.png 1270w, https:\/\/www.praha7.cz\/wp-content\/uploads\/2023\/01\/Schema_provozu_behem_opatreni_Hl_nad_Vltavska-600x138.png 600w, https:\/\/www.praha7.cz\/wp-content\/uploads\/2023\/01\/Schema_provozu_behem_opatreni_Hl_nad_Vltavska-768x177.png 768w\" sizes=\"(max-width: 1270px) 100vw, 1270px\" \/><\/p>\r\n<h4>Zm\u011bny tras tramvajov\u00fdch linek:<\/h4>\r\n<p>Linka \u010d\u00edslo\u00a023\u00a0je ve sm\u011bru od Kr\u00e1lovky ze zast\u00e1vky\u00a0\u010cech\u016fv most\u00a0odklon\u011bna p\u0159es zast\u00e1vky\u00a0Dlouh\u00e1 t\u0159\u00edda\u00a0a\u00a0N\u00e1m\u011bst\u00ed Republiky\u00a0do zast\u00e1vky\u00a0B\u00edl\u00e1 labu\u0165.<\/p>\r\n<h4>Zm\u011bny v&nbsp;zast\u00e1vk\u00e1ch tramvaj\u00ed:<\/h4>\r\n<p>Z\u0159izuj\u00ed se (pro oba sm\u011bry) zast\u00e1vky\u00a0Vltavsk\u00e1\u00a0na p\u0159edmost\u00ed Hl\u00e1vkova mostu a\u00a0Hlavn\u00ed n\u00e1dra\u017e\u00ed\u00a0v Opletalov\u011b ulici.<\/p>\r\n<p><img loading=\"lazy\" src=\"https:\/\/www.praha7.cz\/wp-content\/uploads\/2023\/01\/Vltavska_schema-v\u00fdluka-902x1000.png\" alt=\"\" width=\"640\" height=\"710\" class=\"alignnone size-large wp-image-63298\" srcset=\"https:\/\/www.praha7.cz\/wp-content\/uploads\/2023\/01\/Vltavska_schema-v\u00fdluka-902x1000.png 902w, https:\/\/www.praha7.cz\/wp-content\/uploads\/2023\/01\/Vltavska_schema-v\u00fdluka-361x400.png 361w, https:\/\/www.praha7.cz\/wp-content\/uploads\/2023\/01\/Vltavska_schema-v\u00fdluka-768x852.png 768w\" sizes=\"(max-width: 640px) 100vw, 640px\" \/><\/p>\r\n<hr \/>\r\n<p><strong>Detaily najdete na str\u00e1nk\u00e1ch <a href=\"https:\/\/www.dpp.cz\/omezeni-a-mimoradne-udalosti\/detail\/16998\">PID<\/a>.<\/strong><\/p>","protected":false},"excerpt":{"rendered":"[perex] Trasu C \u010dek\u00e1 v&nbsp;sobotu 4.&nbsp;a&nbsp;v&nbsp;ned\u011bli 5.&nbsp;b\u0159ezna 2023 op\u011bt v\u00fdluka z\u00a0d\u016fvodu rekonstrukce stropn\u00ed desky ve stanici Florenc. Zavedena bude n\u00e1hradn\u00ed tramvajov\u00e1 doprava XC a&nbsp;36. [\/perex] N\u00e1hradn\u00ed tramvajov\u00e1 doprava (v&nbsp;denn\u00edm provozu): Linka XC\u00a0v trase\u00a0Hlavn\u00ed n\u00e1dra\u017e\u00ed\u00a0(v&nbsp;Opletalov\u011b ulici) \u2013\u00a0Masarykovo n\u00e1dra\u017e\u00ed \u2013 B\u00edl\u00e1 labu\u0165 \u2013 Vltavsk\u00e1\u00a0(na p\u0159edmost\u00ed Hl\u00e1vkova mostu) \u2013\u00a0Strossmayerovo n\u00e1m\u011bst\u00ed \u2013 V\u00fdstavi\u0161t\u011b. Linka \u010d\u00edslo\u00a036\u00a0v trase\u00a0Zvona\u0159ka \u2013 I. P. [&hellip;]","protected":false},"author":251,"featured_media":64856,"comment_status":"closed","ping_status":"open","sticky":false,"template":"","format":"standard","meta":[],"categories":[34],"tags":[],"_links":{"self":[{"href":"https:\/\/www.praha7.cz\/api\/wp\/v2\/posts\/64853"}],"collection":[{"href":"https:\/\/www.praha7.cz\/api\/wp\/v2\/posts"}],"about":[{"href":"https:\/\/www.praha7.cz\/api\/wp\/v2\/types\/post"}],"author":[{"embeddable":true,"href":"https:\/\/www.praha7.cz\/api\/wp\/v2\/users\/251"}],"replies":[{"embeddable":true,"href":"https:\/\/www.praha7.cz\/api\/wp\/v2\/comments?post=64853"}],"version-history":[{"count":1,"href":"https:\/\/www.praha7.cz\/api\/wp\/v2\/posts\/64853\/revisions"}],"predecessor-version":[{"id":64857,"href":"https:\/\/www.praha7.cz\/api\/wp\/v2\/posts\/64853\/revisions\/64857"}],"wp:featuredmedia":[{"embeddable":true,"href":"https:\/\/www.praha7.cz\/api\/wp\/v2\/media\/64856"}],"wp:attachment":[{"href":"https:\/\/www.praha7.cz\/api\/wp\/v2\/media?parent=64853"}],"wp:term":[{"taxonomy":"category","embeddable":true,"href":"https:\/\/www.praha7.cz\/api\/wp\/v2\/categories?post=64853"},{"taxonomy":"post_tag","embeddable":true,"href":"https:\/\/www.praha7.cz\/api\/wp\/v2\/tags?post=64853"}],"curies":[{"name":"wp","href":"https:\/\/api.w.org\/{rel}","templated":true}]}}