    
{"id":64838,"date":"2023-03-29T19:48:34","date_gmt":"2023-03-29T17:48:34","guid":{"rendered":"https:\/\/www.praha7.cz\/?p=64838"},"modified":"2023-03-30T10:58:15","modified_gmt":"2023-03-30T08:58:15","slug":"uklidme-cesko-uklidme-sedmicku-jaro-2023","status":"publish","type":"post","link":"https:\/\/www.praha7.cz\/uklidme-cesko-uklidme-sedmicku-jaro-2023\/","title":{"rendered":"Ukli\u010fme \u010cesko, ukli\u010fme Sedmi\u010dku \u2013 jaro 2023"},"content":{"rendered":"<p>[perex]<\/p>\r\n<p>Tak\u00e9 letos se p\u0159ipojujeme k&nbsp;celorepublikov\u00e9 kampani <a href=\"https:\/\/www.uklidmecesko.cz\/\">Ukli\u010fme \u010cesko<\/a> a&nbsp;zveme dobrovoln\u00edky na sobotu 1.&nbsp;dubna 2023. Sejdeme se v&nbsp;9 hodin u&nbsp;h\u0159i\u0161t\u011b Sedmikr\u00e1ska (Jate\u010dn\u00ed a&nbsp;roh Komunard\u016f) a&nbsp;spole\u010dn\u011b se z\u00e1stupci radnice budeme ukl\u00edzet vytipovan\u00e9 lokality v&nbsp;Praze 7. Trasy o&nbsp;\u010dasov\u00e9 n\u00e1ro\u010dnosti asi dv\u011b hodiny budou vhodn\u00e9 i&nbsp;pro rodiny s\u00a0d\u011btmi. Budeme moc r\u00e1di, pokud n\u00e1m p\u0159ijdete pomoct! Registrovat se m\u016f\u017eete <a href=\"https:\/\/www.uklidmecesko.cz\/event\/36752\/\">zde<\/a>.\u00a0D\u011bkujeme.\u00a0<\/p>\r\n<p>[\/perex]<\/p>\r\n<p>Chcete si uspo\u0159\u00e1dat vlastn\u00ed \u00faklid? V\u00edce informac\u00ed se do\u010dtete <a href=\"https:\/\/www.praha7.cz\/uklidme-sedmicku-jaro-2023\/\">zde<\/a>.<\/p>","protected":false},"excerpt":{"rendered":"[perex] Tak\u00e9 letos se p\u0159ipojujeme k&nbsp;celorepublikov\u00e9 kampani Ukli\u010fme \u010cesko a&nbsp;zveme dobrovoln\u00edky na sobotu 1.&nbsp;dubna 2023. Sejdeme se v&nbsp;9 hodin u&nbsp;h\u0159i\u0161t\u011b Sedmikr\u00e1ska (Jate\u010dn\u00ed a&nbsp;roh Komunard\u016f) a&nbsp;spole\u010dn\u011b se z\u00e1stupci radnice budeme ukl\u00edzet vytipovan\u00e9 lokality v&nbsp;Praze 7. Trasy o&nbsp;\u010dasov\u00e9 n\u00e1ro\u010dnosti asi dv\u011b hodiny budou vhodn\u00e9 i&nbsp;pro rodiny s\u00a0d\u011btmi. Budeme moc r\u00e1di, pokud n\u00e1m p\u0159ijdete pomoct! Registrovat se m\u016f\u017eete [&hellip;]","protected":false},"author":251,"featured_media":64839,"comment_status":"closed","ping_status":"open","sticky":false,"template":"","format":"standard","meta":[],"categories":[34],"tags":[],"_links":{"self":[{"href":"https:\/\/www.praha7.cz\/api\/wp\/v2\/posts\/64838"}],"collection":[{"href":"https:\/\/www.praha7.cz\/api\/wp\/v2\/posts"}],"about":[{"href":"https:\/\/www.praha7.cz\/api\/wp\/v2\/types\/post"}],"author":[{"embeddable":true,"href":"https:\/\/www.praha7.cz\/api\/wp\/v2\/users\/251"}],"replies":[{"embeddable":true,"href":"https:\/\/www.praha7.cz\/api\/wp\/v2\/comments?post=64838"}],"version-history":[{"count":5,"href":"https:\/\/www.praha7.cz\/api\/wp\/v2\/posts\/64838\/revisions"}],"predecessor-version":[{"id":64848,"href":"https:\/\/www.praha7.cz\/api\/wp\/v2\/posts\/64838\/revisions\/64848"}],"wp:featuredmedia":[{"embeddable":true,"href":"https:\/\/www.praha7.cz\/api\/wp\/v2\/media\/64839"}],"wp:attachment":[{"href":"https:\/\/www.praha7.cz\/api\/wp\/v2\/media?parent=64838"}],"wp:term":[{"taxonomy":"category","embeddable":true,"href":"https:\/\/www.praha7.cz\/api\/wp\/v2\/categories?post=64838"},{"taxonomy":"post_tag","embeddable":true,"href":"https:\/\/www.praha7.cz\/api\/wp\/v2\/tags?post=64838"}],"curies":[{"name":"wp","href":"https:\/\/api.w.org\/{rel}","templated":true}]}}