    
{"id":64830,"date":"2023-03-02T11:29:34","date_gmt":"2023-03-02T10:29:34","guid":{"rendered":"https:\/\/www.praha7.cz\/?p=64830"},"modified":"2023-03-11T14:35:52","modified_gmt":"2023-03-11T13:35:52","slug":"na-konci-brezna-znovu-vypluje-privoz-holka","status":"publish","type":"post","link":"https:\/\/www.praha7.cz\/na-konci-brezna-znovu-vypluje-privoz-holka\/","title":{"rendered":"Na konci b\u0159ezna znovu vypluje p\u0159\u00edvoz HolKa"},"content":{"rendered":"<p>[perex]<\/p>\r\n<p>V sobotu 25.&nbsp;b\u0159ezna 2023 znovu vypluje p\u0159\u00edvoz spojuj\u00edc\u00ed Hole\u0161ovickou tr\u017enici a&nbsp;Rohansk\u00fd ostrov. Linka P7 bude v&nbsp;provozu a\u017e do otev\u0159en\u00ed \u0160tvanick\u00e9 l\u00e1vky v&nbsp;polovin\u011b roku.\u00a0<\/p>\r\n<p>[\/perex]<\/p>\r\n<p>P\u0159\u00edvoz linky P7, zvan\u00fd HolKa, vypluje stejn\u011b jako ostatn\u00ed pra\u017esk\u00e9 p\u0159\u00edvozy v&nbsp;sobotu 25.&nbsp;b\u0159ezna 2023. Cestuj\u00edc\u00ed se budou moci p\u0159eplavit z&nbsp;hole\u0161ovick\u00e9ho na karl\u00ednsk\u00fd b\u0159eh (a&nbsp;zp\u011bt) a\u017e do otev\u0159en\u00ed \u0160tvanick\u00e9 l\u00e1vky v&nbsp;polovin\u011b leto\u0161n\u00edho roku.<\/p>\r\n<p>K \u00faprav\u011b harmonogramu otev\u0159en\u00ed \u0160tvanick\u00e9 l\u00e1vky doch\u00e1z\u00ed kv\u016fli komplikovan\u00e9mu podlo\u017e\u00ed i&nbsp;chladn\u00e9mu po\u010das\u00ed, kter\u00e9 znemo\u017enilo sestavov\u00e1n\u00ed jednotliv\u00fdch \u010d\u00e1st\u00ed konstrukce\u00a0z ultra-vysokopevnostn\u00edho betonu.\u00a0<\/p>\r\n<p>\u201eK v\u011bt\u0161in\u011b toho zdr\u017een\u00ed do\u0161lo kv\u016fli probl\u00e9m\u016fm se zalo\u017een\u00edm pil\u00ed\u0159\u016f v&nbsp;plavebn\u00edm kan\u00e1le, byla komplikovan\u00e1 geologie. N\u011bjak\u00e1 \u010d\u00e1st zdr\u017een\u00ed jde na vrub toho, \u017ee byly problematick\u00e9 klimatick\u00e9 podm\u00ednky,\u201c uvedl pro \u010cesk\u00fd rozhlas Zden\u011bk H\u0159ib,\u00a0n\u00e1m\u011bstek prim\u00e1tora pro oblast dopravy.<\/p>\r\n<hr \/>\r\n<p>O projektu l\u00e1vky se do\u010dtete <a href=\"https:\/\/www.praha7.cz\/praha-zahajila-vystavbu-stvanicke-lavky-mezi-holesovicemi-s-karlinem\/\">zde<\/a>.<\/p>\r\n<p>V\u00edce o&nbsp;provozu p\u0159\u00edvoz\u016f najdete <a href=\"https:\/\/pid.cz\/privozy\/\">zde<\/a>.<\/p>","protected":false},"excerpt":{"rendered":"[perex] V&nbsp;sobotu 25.&nbsp;b\u0159ezna 2023 znovu vypluje p\u0159\u00edvoz spojuj\u00edc\u00ed Hole\u0161ovickou tr\u017enici a&nbsp;Rohansk\u00fd ostrov. Linka P7 bude v&nbsp;provozu a\u017e do otev\u0159en\u00ed \u0160tvanick\u00e9 l\u00e1vky v&nbsp;polovin\u011b roku.\u00a0 [\/perex] P\u0159\u00edvoz linky P7, zvan\u00fd HolKa, vypluje stejn\u011b jako ostatn\u00ed pra\u017esk\u00e9 p\u0159\u00edvozy v&nbsp;sobotu 25.&nbsp;b\u0159ezna 2023. Cestuj\u00edc\u00ed se budou moci p\u0159eplavit z&nbsp;hole\u0161ovick\u00e9ho na karl\u00ednsk\u00fd b\u0159eh (a&nbsp;zp\u011bt) a\u017e do otev\u0159en\u00ed \u0160tvanick\u00e9 l\u00e1vky v&nbsp;polovin\u011b [&hellip;]","protected":false},"author":251,"featured_media":24545,"comment_status":"closed","ping_status":"open","sticky":false,"template":"","format":"standard","meta":[],"categories":[34],"tags":[],"_links":{"self":[{"href":"https:\/\/www.praha7.cz\/api\/wp\/v2\/posts\/64830"}],"collection":[{"href":"https:\/\/www.praha7.cz\/api\/wp\/v2\/posts"}],"about":[{"href":"https:\/\/www.praha7.cz\/api\/wp\/v2\/types\/post"}],"author":[{"embeddable":true,"href":"https:\/\/www.praha7.cz\/api\/wp\/v2\/users\/251"}],"replies":[{"embeddable":true,"href":"https:\/\/www.praha7.cz\/api\/wp\/v2\/comments?post=64830"}],"version-history":[{"count":1,"href":"https:\/\/www.praha7.cz\/api\/wp\/v2\/posts\/64830\/revisions"}],"predecessor-version":[{"id":64831,"href":"https:\/\/www.praha7.cz\/api\/wp\/v2\/posts\/64830\/revisions\/64831"}],"wp:featuredmedia":[{"embeddable":true,"href":"https:\/\/www.praha7.cz\/api\/wp\/v2\/media\/24545"}],"wp:attachment":[{"href":"https:\/\/www.praha7.cz\/api\/wp\/v2\/media?parent=64830"}],"wp:term":[{"taxonomy":"category","embeddable":true,"href":"https:\/\/www.praha7.cz\/api\/wp\/v2\/categories?post=64830"},{"taxonomy":"post_tag","embeddable":true,"href":"https:\/\/www.praha7.cz\/api\/wp\/v2\/tags?post=64830"}],"curies":[{"name":"wp","href":"https:\/\/api.w.org\/{rel}","templated":true}]}}