    
{"id":64791,"date":"2023-03-01T14:01:44","date_gmt":"2023-03-01T13:01:44","guid":{"rendered":"https:\/\/www.praha7.cz\/?p=64791"},"modified":"2023-03-01T14:05:46","modified_gmt":"2023-03-01T13:05:46","slug":"rok-rekonstrukce-prumysloveho-palace-na-rade-je-ocelova-konstrukce","status":"publish","type":"post","link":"https:\/\/www.praha7.cz\/rok-rekonstrukce-prumysloveho-palace-na-rade-je-ocelova-konstrukce\/","title":{"rendered":"Rok rekonstrukce Pr\u016fmyslov\u00e9ho pal\u00e1ce. Na \u0159ad\u011b je ocelov\u00e1 konstrukce"},"content":{"rendered":"<p>[perex]<\/p>\r\n<p>Obnova Pr\u016fmyslov\u00e9ho pal\u00e1ce, jedn\u00e9 z\u00a0pra\u017esk\u00fdch dominant, jeho\u017e lev\u00e9 k\u0159\u00eddlo vyho\u0159elo v&nbsp;roce 2008, pokra\u010duje dle pl\u00e1nu tak\u00e9 v\u00a0roce 2023. V\u00fdkopov\u00e9 pr\u00e1ce na lev\u00e9m k\u0159\u00eddle pal\u00e1ce postupn\u011b sp\u011bj\u00ed k\u00a0dokon\u010den\u00ed a&nbsp;na \u0159ad\u011b budou v\u00a0n\u00e1sleduj\u00edc\u00edch m\u011bs\u00edc\u00edch pr\u00e1ce zejm\u00e9na na ocelov\u00fdch konstrukc\u00edch. Po sund\u00e1n\u00ed vitr\u00e1\u017e\u00ed \u010di hodin kv\u016fli renovaci je nyn\u00ed v&nbsp;pl\u00e1nu sanace jedn\u00e9 z&nbsp;nejd\u016fle\u017eit\u011bj\u0161\u00edch \u010d\u00e1st\u00ed cel\u00e9 rekonstrukce a&nbsp;samotn\u00e9 stavby.<\/p>\r\n<p>[\/perex]<\/p>\r\n<p>Stavebn\u00ed pr\u00e1ce v&nbsp;r\u00e1mci rekonstrukce vyho\u0159el\u00e9ho Pr\u016fmyslov\u00e9ho pal\u00e1ce byly zapo\u010daty v&nbsp;\u00fanoru lo\u0148sk\u00e9ho roku, v\u00a0tuto chv\u00edli pokra\u010duj\u00ed renovace historick\u00fdch sklen\u011bn\u00fdch vitr\u00e1\u017e\u00ed a&nbsp;v\u011b\u017en\u00edch hodin. Komplexn\u00ed rekonstrukce hodinov\u00e9 v\u011b\u017ee bude p\u0159itom pokra\u010dovat je\u0161t\u011b minim\u00e1ln\u011b rok. Dokon\u010deny byly tak\u00e9 vrty pro tepeln\u00e1 \u010derpadla v&nbsp;j\u00e1m\u011b lev\u00e9ho k\u0159\u00eddla. V\u00a0jeho prvn\u00ed \u010d\u00e1sti se ji\u017e uskute\u010d\u0148uje realizace budouc\u00edch z\u00e1klad\u016f stavby, ve druh\u00e9 \u010d\u00e1sti pak sp\u011bje k&nbsp;dokon\u010den\u00ed podchycen\u00ed z\u00e1klad\u016f st\u00e1vaj\u00edc\u00ed st\u0159edn\u00ed haly a&nbsp;jej\u00edho foyer.<\/p>\r\n<p><img loading=\"lazy\" src=\"https:\/\/www.praha7.cz\/wp-content\/uploads\/2023\/03\/09179-Prumyslovy-palac-JiriSebek-print-1500x1000.jpg\" alt=\"\" width=\"640\" height=\"427\" class=\"alignnone size-large wp-image-64796\" srcset=\"https:\/\/www.praha7.cz\/wp-content\/uploads\/2023\/03\/09179-Prumyslovy-palac-JiriSebek-print-1500x1000.jpg 1500w, https:\/\/www.praha7.cz\/wp-content\/uploads\/2023\/03\/09179-Prumyslovy-palac-JiriSebek-print-600x400.jpg 600w, https:\/\/www.praha7.cz\/wp-content\/uploads\/2023\/03\/09179-Prumyslovy-palac-JiriSebek-print-768x512.jpg 768w, https:\/\/www.praha7.cz\/wp-content\/uploads\/2023\/03\/09179-Prumyslovy-palac-JiriSebek-print.jpg 2000w\" sizes=\"(max-width: 640px) 100vw, 640px\" \/><\/p>\r\n<p>Z\u00e1padn\u00ed \u010d\u00e1st suter\u00e9nu vstupn\u00edho foyer musela b\u00fdt kv\u016fli \u0161patn\u00e9mu stavu odstran\u011bna a&nbsp;m\u00edsto n\u00ed bude vystav\u011bna zcela nov\u00e1. D\u00e1le byly ve st\u0159edn\u00ed hale sm\u011brem k&nbsp;lev\u00e9mu k\u0159\u00eddlu \u010d\u00e1ste\u010dn\u011b demontov\u00e1ny historick\u00e9 vitr\u00e1\u017ee, kter\u00e9 jsou z&nbsp;d\u016fvodu po\u017e\u00e1ru v&nbsp;roce 2008 ve velmi \u0161patn\u00e9m stavu a&nbsp;v\u0161echny budou nahrazeny nov\u00fdmi.<\/p>\r\n<p>Intenzivn\u00edch prac\u00ed se tak\u00e9 do\u010dkala st\u0159edn\u00ed hala a&nbsp;prav\u00e9 k\u0159\u00eddlo pal\u00e1ce. Komplexn\u00ed reviz\u00ed nyn\u00ed proch\u00e1zej\u00ed technologick\u00e9 kan\u00e1ly, kter\u00e9 zab\u00edraj\u00ed zhruba \u010dtvrtinu celkov\u00e9 plochy. Jejich st\u00e1vaj\u00edc\u00ed stav je v\u0161ak nevyhovuj\u00edc\u00ed pro pl\u00e1novan\u00e9 zat\u00ed\u017een\u00ed v\u00fdstavn\u00edm prostorem, proto musely b\u00fdt jejich stropy vybour\u00e1ny a&nbsp;budou vybudov\u00e1ny op\u011btovn\u011b s&nbsp;dostate\u010dn\u00fdm mno\u017estv\u00edm v\u00fdztu\u017ee. Paraleln\u011b vznikaj\u00ed v&nbsp;prav\u00e9m k\u0159\u00eddle i&nbsp;dal\u0161\u00ed dva nov\u00e9 \u017eelezobetonov\u00e9 kolektory ur\u010den\u00e9 pro budouc\u00ed propojen\u00ed severn\u00ed a&nbsp;ji\u017en\u00ed \u010d\u00e1sti pal\u00e1ce technick\u00fdmi rozvody. Oprav se ji\u017e do\u010dkaly i&nbsp;\u010d\u00e1sti \u0161tukov\u00fdch fas\u00e1d na st\u00e1vaj\u00edc\u00edch k\u0159\u00eddlech, kter\u00e9 jsou z&nbsp;jedn\u00e9 t\u0159etiny v&nbsp;hrub\u00e9 podob\u011b hotovy.<\/p>\r\n<p><img loading=\"lazy\" src=\"https:\/\/www.praha7.cz\/wp-content\/uploads\/2023\/03\/07411-Prumyslovy-palac-JiriSebek-print.jpg\" alt=\"\" width=\"1500\" height=\"1000\" class=\"alignnone size-full wp-image-64794\" srcset=\"https:\/\/www.praha7.cz\/wp-content\/uploads\/2023\/03\/07411-Prumyslovy-palac-JiriSebek-print.jpg 1500w, https:\/\/www.praha7.cz\/wp-content\/uploads\/2023\/03\/07411-Prumyslovy-palac-JiriSebek-print-600x400.jpg 600w, https:\/\/www.praha7.cz\/wp-content\/uploads\/2023\/03\/07411-Prumyslovy-palac-JiriSebek-print-768x512.jpg 768w\" sizes=\"(max-width: 1500px) 100vw, 1500px\" \/><\/p>\r\n<p><img loading=\"lazy\" src=\"https:\/\/www.praha7.cz\/wp-content\/uploads\/2023\/03\/07426-Prumyslovy-palac-JiriSebek-print-1500x1000.jpg\" alt=\"\" width=\"640\" height=\"427\" class=\"alignnone size-large wp-image-64795\" srcset=\"https:\/\/www.praha7.cz\/wp-content\/uploads\/2023\/03\/07426-Prumyslovy-palac-JiriSebek-print-1500x1000.jpg 1500w, https:\/\/www.praha7.cz\/wp-content\/uploads\/2023\/03\/07426-Prumyslovy-palac-JiriSebek-print-600x400.jpg 600w, https:\/\/www.praha7.cz\/wp-content\/uploads\/2023\/03\/07426-Prumyslovy-palac-JiriSebek-print-768x512.jpg 768w, https:\/\/www.praha7.cz\/wp-content\/uploads\/2023\/03\/07426-Prumyslovy-palac-JiriSebek-print.jpg 2000w\" sizes=\"(max-width: 640px) 100vw, 640px\" \/><\/p>\r\n<p>St\u00e1le postupuj\u00ed i&nbsp;des\u00edtky dodate\u010dn\u00fdch destruktivn\u00edch i&nbsp;nedestruktivn\u00edch pr\u016fzkum\u016f, d\u00edky kter\u00fdm je prov\u011b\u0159ov\u00e1n detailn\u00ed stav p\u016fvodn\u00edch \u010d\u00e1st\u00ed budovy a&nbsp;na z\u00e1klad\u011b kter\u00fdch doch\u00e1z\u00ed k&nbsp;n\u00e1sledn\u00fdm \u00faprav\u00e1m projektov\u00e9 dokumentace.<\/p>\r\n<p><em>\u201eV minul\u00e9m volebn\u00edm obdob\u00ed jsme rozjeli celou \u0159adu kl\u00ed\u010dov\u00fdch investi\u010dn\u00edch akc\u00ed. A&nbsp;pr\u00e1v\u011b Pr\u016fmyslov\u00fd pal\u00e1c je jednou z&nbsp;t\u011bch nejv\u011bt\u0161\u00edch. V&nbsp;\u010desk\u00e9m stavebnictv\u00ed se \u0159\u00edk\u00e1, \u017ee nejt\u011b\u017e\u0161\u00ed je za\u010d\u00edt, co\u017e plat\u00ed i&nbsp;v&nbsp;p\u0159\u00edpad\u011b t\u00e9to investice \u2013 na rekonstrukci a&nbsp;dostavbu Pr\u016fmyslov\u00e9ho pal\u00e1ce \u010dekali Pra\u017ean\u00e9 dlouh\u00fdch 13 let. Proto m\u00e1m r<\/em><em>adost, \u017ee po letech intenzivn\u00edch p\u0159\u00edprav se n\u00e1m poda\u0159ilo cel\u00fd projekt dot\u00e1hnout k&nbsp;realizaci a&nbsp;u\u017e m\u00e1me za sebou dokonce pr<\/em><em>vn\u00ed rok stavebn\u00edch prac\u00ed, kdy se nap\u0159\u00edklad hloubily vrty pro tepeln\u00e1 \u010derpadla, prob\u00edhaly rozs\u00e1h<\/em><em>l\u00e9 v\u00fdkopov\u00e9 pr\u00e1ce pod lev\u00fdm k\u0159\u00eddlem a&nbsp;rozb\u011bhly se i&nbsp;restaur\u00e1torsk\u00e9 pr\u00e1ce na vitr\u00e1\u017e\u00edch \u010di v\u011b\u017en\u00edch hodin\u00e1ch. P\u0159esto na\u0161e n\u00e1stupce \u010dek\u00e1 je\u0161t\u011b hodn\u011b pr\u00e1ce a&nbsp;j\u00e1 jsem p\u0159ipraven b\u00fdt jim n\u00e1pomocn\u00fd, aby Pr\u016fmyslov\u00fd pal\u00e1c mohl op\u011bt v&nbsp;pln\u00e9 kr\u00e1se slou\u017eit Praze a&nbsp;Pra\u017ean\u016fm,\u201c<\/em> popisuje Pavel Vyhn\u00e1nek, b\u00fdval\u00fd n\u00e1m\u011bstek prim\u00e1tora hl. m. Prahy pro rozpo\u010det a&nbsp;finance, kter\u00fd m\u011bl Pr\u016fmyslov\u00fd pal\u00e1c na starosti.<\/p>\r\n<p>Dominantou pal\u00e1ce je ocelov\u00e1 konstrukce, kter\u00e1 tvo\u0159\u00ed hlavn\u00ed p\u00e1te\u0159 cel\u00e9 stavby a&nbsp;sklen\u011bn\u00fdch vitr\u00e1\u017e\u00ed. Konstrukce je ned\u00edlnou sou\u010d\u00e1st\u00ed v\u0161ech t\u0159\u00ed \u010d\u00e1st\u00ed pal\u00e1ce \u2013 lev\u00e9ho i&nbsp;prav\u00e9ho k\u0159\u00eddla a&nbsp;st\u0159edn\u00ed haly v\u010detn\u011b v\u011b\u017ei\u010dek a&nbsp;hodinov\u00e9 v\u011b\u017ee. N\u00e1roky na nosnost ocelov\u00fdch konstrukc\u00ed se s&nbsp;rekonstrukc\u00ed pal\u00e1ce zvy\u0161uj\u00ed, a&nbsp;to p\u0159edev\u0161\u00edm z&nbsp;d\u016fvodu p\u0159it\u00ed\u017een\u00ed nov\u00fdmi vrstvami, kter\u00e9 objekt energeticky zefektivn\u00ed. Proto je nutn\u00e9 uskute\u010dnit jejich komplexn\u00ed revizi a&nbsp;ocelovou konstrukci je pot\u0159eba na mnoha m\u00edstech nejd\u0159\u00edve zp\u0159\u00edstupnit, aby mohlo doj\u00edt k&nbsp;jej\u00ed sanaci.<\/p>\r\n<p>\u201eV 50.&nbsp;letech byla velk\u00e1 \u010d\u00e1st konstrukc\u00ed zakryta p\u0159estavbou dle n\u00e1vrhu pana architekta Smetany, proto nyn\u00ed stavba proch\u00e1z\u00ed \u0159adou dodate\u010dn\u00fdch bourac\u00edch prac\u00ed. Po zp\u0159\u00edstupn\u011bn\u00ed je \u010d\u00e1ste\u010dn\u011b ocelov\u00e1 konstrukce nahrubo otrysk\u00e1na a&nbsp;doch\u00e1z\u00ed k\u00a0vyhodnocen\u00ed jej\u00edho aktu\u00e1ln\u00ed stavu. U\u017e nyn\u00ed je jasn\u00e9, \u017ee je pot\u0159eba na n\u011bkter\u00fdch m\u00edstech ur\u010dit\u00e9 \u010d\u00e1sti vyztu\u017eit, jinde zase budou p\u0159id\u00e1ny cel\u00e9 nov\u00e9 prvky pro zv\u00fd\u0161en\u00ed nosnosti, na kter\u00e9 n\u00e1sledn\u011b p\u0159iva\u0159\u00edme n\u00fdty, abychom dodr\u017eeli p\u016fvodn\u00ed vzhled konstrukce. Pr\u00e1ce pak zavr\u0161\u00ed fin\u00e1ln\u00ed n\u00e1t\u011br v\u00a0olivov\u011b \u0161ed\u00e9m odst\u00ednu,\u201c vysv\u011btluje David \u010cech, vedouc\u00ed projektu ze spole\u010dnosti Metrostav DIZ, kter\u00e1 obnovu Pr\u016fmyslov\u00e9ho pal\u00e1ce realizuje ve sdru\u017een\u00ed se spole\u010dnostmi Avers, Syner a&nbsp;Metrostav.<\/p>\r\n<p><img loading=\"lazy\" src=\"https:\/\/www.praha7.cz\/wp-content\/uploads\/2023\/03\/09198-Prumyslovy-palac-JiriSebek-print-1500x1000.jpg\" alt=\"\" width=\"640\" height=\"427\" class=\"alignnone size-large wp-image-64797\" srcset=\"https:\/\/www.praha7.cz\/wp-content\/uploads\/2023\/03\/09198-Prumyslovy-palac-JiriSebek-print-1500x1000.jpg 1500w, https:\/\/www.praha7.cz\/wp-content\/uploads\/2023\/03\/09198-Prumyslovy-palac-JiriSebek-print-600x400.jpg 600w, https:\/\/www.praha7.cz\/wp-content\/uploads\/2023\/03\/09198-Prumyslovy-palac-JiriSebek-print-768x512.jpg 768w, https:\/\/www.praha7.cz\/wp-content\/uploads\/2023\/03\/09198-Prumyslovy-palac-JiriSebek-print.jpg 2000w\" sizes=\"(max-width: 640px) 100vw, 640px\" \/><\/p>\r\n<p>V tuto chv\u00edli je nahrubo otrysk\u00e1no t\u00e9m\u011b\u0159 5&nbsp;000&nbsp;m<sup>2<\/sup> ocelov\u00fdch konstrukc\u00ed, to je zhruba 25&nbsp;% v\u0161ech ploch st\u0159edn\u00ed haly. Zes\u00edleno bylo ji\u017e v\u00edce ne\u017e 10&nbsp;% konstrukce, co\u017e odpov\u00edd\u00e1 20 tun\u00e1m. Pro lev\u00e9 k\u0159\u00eddlo je pak vyrobeno zhruba 20&nbsp;% kompletn\u011b nov\u00e9 ocelov\u00e9 konstrukce.<\/p>\r\n<p>Pr\u00e1ce by m\u011bly b\u00fdt dokon\u010deny v&nbsp;roce 2025, kdy n\u00e1sledn\u011b Pr\u016fmyslov\u00fd pal\u00e1c nab\u00eddne jeden z&nbsp;nejv\u011bt\u0161\u00edch kryt\u00fdch prostor pro akce ve st\u0159edn\u00ed Evrop\u011b, a&nbsp;to se \u0161pi\u010dkov\u00fdm z\u00e1zem\u00edm i&nbsp;pro ty nejn\u00e1ro\u010dn\u011bj\u0161\u00ed n\u00e1pady v\u00a0osloven\u00ed z\u00e1kazn\u00edka \u010di \u0161irok\u00e9 ve\u0159ejnosti.\u00a0<\/p>","protected":false},"excerpt":{"rendered":"[perex] Obnova Pr\u016fmyslov\u00e9ho pal\u00e1ce, jedn\u00e9 z\u00a0pra\u017esk\u00fdch dominant, jeho\u017e lev\u00e9 k\u0159\u00eddlo vyho\u0159elo v&nbsp;roce 2008, pokra\u010duje dle pl\u00e1nu tak\u00e9 v\u00a0roce 2023. V\u00fdkopov\u00e9 pr\u00e1ce na lev\u00e9m k\u0159\u00eddle pal\u00e1ce postupn\u011b sp\u011bj\u00ed k\u00a0dokon\u010den\u00ed a&nbsp;na \u0159ad\u011b budou v\u00a0n\u00e1sleduj\u00edc\u00edch m\u011bs\u00edc\u00edch pr\u00e1ce zejm\u00e9na na ocelov\u00fdch konstrukc\u00edch. Po sund\u00e1n\u00ed vitr\u00e1\u017e\u00ed \u010di hodin kv\u016fli renovaci je nyn\u00ed v&nbsp;pl\u00e1nu sanace jedn\u00e9 z&nbsp;nejd\u016fle\u017eit\u011bj\u0161\u00edch \u010d\u00e1st\u00ed cel\u00e9 rekonstrukce a&nbsp;samotn\u00e9 [&hellip;]","protected":false},"author":251,"featured_media":64798,"comment_status":"closed","ping_status":"open","sticky":false,"template":"","format":"standard","meta":[],"categories":[34],"tags":[],"_links":{"self":[{"href":"https:\/\/www.praha7.cz\/api\/wp\/v2\/posts\/64791"}],"collection":[{"href":"https:\/\/www.praha7.cz\/api\/wp\/v2\/posts"}],"about":[{"href":"https:\/\/www.praha7.cz\/api\/wp\/v2\/types\/post"}],"author":[{"embeddable":true,"href":"https:\/\/www.praha7.cz\/api\/wp\/v2\/users\/251"}],"replies":[{"embeddable":true,"href":"https:\/\/www.praha7.cz\/api\/wp\/v2\/comments?post=64791"}],"version-history":[{"count":2,"href":"https:\/\/www.praha7.cz\/api\/wp\/v2\/posts\/64791\/revisions"}],"predecessor-version":[{"id":64800,"href":"https:\/\/www.praha7.cz\/api\/wp\/v2\/posts\/64791\/revisions\/64800"}],"wp:featuredmedia":[{"embeddable":true,"href":"https:\/\/www.praha7.cz\/api\/wp\/v2\/media\/64798"}],"wp:attachment":[{"href":"https:\/\/www.praha7.cz\/api\/wp\/v2\/media?parent=64791"}],"wp:term":[{"taxonomy":"category","embeddable":true,"href":"https:\/\/www.praha7.cz\/api\/wp\/v2\/categories?post=64791"},{"taxonomy":"post_tag","embeddable":true,"href":"https:\/\/www.praha7.cz\/api\/wp\/v2\/tags?post=64791"}],"curies":[{"name":"wp","href":"https:\/\/api.w.org\/{rel}","templated":true}]}}