    
{"id":64693,"date":"2023-02-27T11:00:55","date_gmt":"2023-02-27T10:00:55","guid":{"rendered":"https:\/\/www.praha7.cz\/?p=64693"},"modified":"2023-02-28T11:21:14","modified_gmt":"2023-02-28T10:21:14","slug":"hledate-zajimavou-praci-v-rozvoji-a-planovani-staveb-2","status":"publish","type":"post","link":"https:\/\/www.praha7.cz\/hledate-zajimavou-praci-v-rozvoji-a-planovani-staveb-2\/","title":{"rendered":"Hled\u00e1te zaj\u00edmavou pr\u00e1ci v&nbsp;rozvoji a&nbsp;pl\u00e1nov\u00e1n\u00ed staveb?"},"content":{"rendered":"<p>[perex]<\/p>\r\n<p>\u00da\u0159ad Prahy\u00a07 sh\u00e1n\u00ed do sv\u00e9ho t\u00fdmu kolegyni\/kolegu na pozici referent\/ka p\u0159\u00edpravy a\u00a0realizace staveb v&nbsp;Odboru rozvoje a&nbsp;p\u00e9\u010de o&nbsp;ve\u0159ejn\u00fd prostor. Vyzn\u00e1te se ve stavebnictv\u00ed a\u00a0\u00fazemn\u00edm pl\u00e1nov\u00e1n\u00ed? Bavila by v\u00e1s p\u0159\u00edprava a\u00a0koordinace stavebn\u00edch projekt\u016f od pl\u00e1n\u016f a\u017e po realizaci? M\u00e1te z\u00e1jem pracovat v\u00a0dynamicky se rozv\u00edjej\u00edc\u00ed m\u011bstsk\u00e9 \u010d\u00e1sti pro \u00fa\u0159ad s\u00a0tak trochu jin\u00fdm p\u0159\u00edstupem? Nev\u00e1hejte a\u00a0p\u0159ihlaste se do na\u0161eho popt\u00e1vkov\u00e9ho \u0159\u00edzen\u00ed.<\/p>\r\n<p>[\/perex]<\/p>\r\n<h3>Co u&nbsp;n\u00e1s budete d\u011blat?<\/h3>\r\n<p>N\u00e1pln\u00ed va\u0161\u00ed pr\u00e1ce bude zpracov\u00e1n\u00ed projektov\u00e9 dokumentace na \u00fapravy ve\u0159ejn\u00fdch prostranstv\u00ed v\u010detn\u011b koordinace a&nbsp;zaji\u0161t\u011bn\u00ed povolen\u00ed a&nbsp;vyj\u00e1d\u0159en\u00ed. Budete p\u0159ipravovat podklady a&nbsp;zad\u00e1n\u00ed pro vyhl\u00e1\u0161en\u00ed architektonick\u00fdch sout\u011b\u017e\u00ed a&nbsp;ve\u0159ejn\u00fdch zak\u00e1zek na projektov\u00e9 dokumentace \u010di stavebn\u00ed pr\u00e1ce a&nbsp;koordinovat projekty r\u016fzn\u00fdch investor\u016f ve ve\u0159ejn\u00e9m prostoru. Po celou dobu realizovan\u00fdch projekt\u016f budete zaji\u0161\u0165ovat investorsk\u00fd dozor, dodr\u017eov\u00e1n\u00ed harmonogram\u016f prac\u00ed, prodlu\u017eov\u00e1n\u00ed staveb, jedn\u00e1n\u00ed a&nbsp;koordinace s&nbsp;dot\u010den\u00fdmi org\u00e1ny, dodr\u017eov\u00e1n\u00ed finan\u010dn\u00edho pln\u011bn\u00ed, realizaci m\u00e9n\u011b prac\u00ed, v\u00edceprac\u00ed, likvidaci faktur \u010di ekonomickou a&nbsp;administrativn\u00ed agendu stavby. Pod\u00edlet se budete tak\u00e9 na zpracov\u00e1n\u00ed pl\u00e1nu oprav a&nbsp;investic ve ve\u0159ejn\u00e9m prostoru, v\u010detn\u011b p\u0159\u00edprav rozpo\u010dtu.<\/p>\r\n<p>&nbsp;<\/p>\r\n<h3>Co od v\u00e1s o\u010dek\u00e1v\u00e1me?<\/h3>\r\n<ul>\r\n\t<li>vysoko\u0161kolsk\u00e9 vzd\u011bl\u00e1n\u00ed v&nbsp;bakal\u00e1\u0159sk\u00e9m studijn\u00edm programu nebo vy\u0161\u0161\u00ed odborn\u00e9 vzd\u011bl\u00e1n\u00ed<\/li>\r\n\t<li>odborn\u00e9 vzd\u011bl\u00e1n\u00ed v&nbsp;technick\u00e9m oboru (pozemn\u00ed stavby, dopravn\u00ed stavby \u010di obdobn\u00e9)<\/li>\r\n\t<li>v\u00fdborn\u00e9 organiza\u010dn\u00ed schopnosti (veden\u00ed projektu, koordinace a&nbsp;jedn\u00e1n\u00ed s&nbsp;dot\u010den\u00fdmi org\u00e1ny, p\u0159\u00edprava ve\u0159ejn\u00fdch zak\u00e1zek, pr\u00e1ce v&nbsp;ter\u00e9nu, administrativn\u00ed<br \/>\r\n\u010dinnost)<\/li>\r\n\t<li>samostatnost, vlastn\u00ed iniciativa a&nbsp;logick\u00e9 uva\u017eov\u00e1n\u00ed<\/li>\r\n\t<li>z\u00e1jem o&nbsp;kvalitu ve\u0159ejn\u00fdch prostranstv\u00ed ve m\u011bstech<\/li>\r\n\t<li>znalost a&nbsp;orientace ve v\u0161ech typech projektov\u00e9 dokumentace a&nbsp;postupu stavebn\u00edch prac\u00ed<\/li>\r\n\t<li>orientaci ve stavebn\u00ed a&nbsp;dopravn\u00ed legislativ\u011b<\/li>\r\n\t<li>dobr\u00e9 komunika\u010dn\u00ed a&nbsp;vyjad\u0159ovac\u00ed schopnosti slovem i&nbsp;p\u00edsmem<\/li>\r\n\t<li>samostatn\u00e9 a&nbsp;bezprobl\u00e9mov\u00e9 ovl\u00e1d\u00e1n\u00ed PC na kancel\u00e1\u0159sk\u00e9 \u00farovni<\/li>\r\n\t<li>v\u00fdhodou je:<\/li>\r\n\t<li>zku\u0161enost s&nbsp;projekty ve\u0159ejn\u00fdch prostranstv\u00ed v\u00fdhodou<\/li>\r\n\t<li style=\"text-align: left;\">zku\u0161enost s&nbsp;projektov\u00fdm \u0159\u00edzen\u00edm a&nbsp;zad\u00e1v\u00e1n\u00edm ve\u0159ejn\u00fdch zak\u00e1zek v\u00fdhodou<\/li>\r\n\t<li style=\"text-align: left;\">zku\u0161enosti z&nbsp;pr\u00e1ce v&nbsp;samospr\u00e1v\u011b a&nbsp;orientace v&nbsp;organizac\u00edch hl. m. Prahy v\u00fdhodou<\/li>\r\n<\/ul>\r\n<p>&nbsp;<\/p>\r\n<h3>Co v\u00e1m nab\u00edz\u00edme?<\/h3>\r\n<p>Pracovn\u00ed pom\u011br na dobu neur\u010ditou s&nbsp;mo\u017enost\u00ed zkr\u00e1cen\u00e9ho \u00favazku. N\u00e1stupn\u00ed plat v&nbsp;10.&nbsp;platov\u00e9 t\u0159\u00edd\u011b a\u017e do v\u00fd\u0161e 34&nbsp;370&nbsp;K\u010d podle d\u00e9lky odborn\u00e9 praxe. Po zku\u0161ebn\u00ed dob\u011b osobn\u00ed p\u0159\u00edplatek a\u017e do v\u00fd\u0161e 100 %\u00a0maxim\u00e1ln\u00edho n\u00e1stupn\u00edho platu.<\/p>\r\n<table width=\"1109\" height=\"217\" style=\"color: black !important; font-weight: normal !important;\">\r\n<tbody>\r\n<tr>\r\n<td style=\"height: 0px; text-align: center;\"><\/td>\r\n<td style=\"height: 0px; text-align: center;\"><\/td>\r\n<td style=\"height: 0px; text-align: center;\"><\/td>\r\n<\/tr>\r\n<tr>\r\n<td style=\"width: 361px; text-align: center;\">\r\n<p><img loading=\"lazy\" src=\"https:\/\/www.praha7.cz\/wp-content\/uploads\/2018\/11\/rust.jpg\" alt=\"\" width=\"99\" height=\"96\" class=\"alignnone size-full wp-image-21382\" \/><\/p>\r\n<span style=\"font-weight: normal !important; color: black !important;\">Platov\u00e9 ohodnocen\u00ed, kter\u00e9 roste spolu s&nbsp;v\u00e1mi.<\/span><\/td>\r\n<td style=\"width: 363px; text-align: center;\">\r\n<p><img loading=\"lazy\" src=\"https:\/\/www.praha7.cz\/wp-content\/uploads\/2018\/11\/benefit.jpg\" alt=\"\" width=\"99\" height=\"96\" class=\"alignnone size-full wp-image-21381\" \/><\/p>\r\n<span style=\"font-weight: normal !important; color: black !important;\">\u0160irokou \u0161k\u00e1lu benefit\u016f, kter\u00e9 p\u0159ich\u00e1zej\u00ed ve spr\u00e1vn\u00fd \u010das.<\/span><\/td>\r\n<td style=\"width: 363px; text-align: center;\">\r\n<p><img loading=\"lazy\" src=\"https:\/\/www.praha7.cz\/wp-content\/uploads\/2018\/11\/dovolena.jpg\" alt=\"\" width=\"99\" height=\"96\" class=\"alignnone size-full wp-image-21383\" \/><\/p>\r\n<span style=\"font-weight: normal !important; color: black !important;\">5 t\u00fddn\u016f dovolen\u00e9, na kterou nebudete cht\u00edt odjet.<\/span><\/td>\r\n<\/tr>\r\n<tr>\r\n<td style=\"width: 361px; text-align: center;\">\r\n<p><img loading=\"lazy\" src=\"https:\/\/www.praha7.cz\/wp-content\/uploads\/2018\/11\/vzdelavani.jpg\" alt=\"\" width=\"142\" height=\"96\" class=\"alignnone size-full wp-image-21384\" \/><\/p>\r\n<span style=\"font-weight: normal !important; color: black !important;\">Mo\u017enost dal\u0161\u00edho vzd\u011bl\u00e1v\u00e1n\u00ed, abyste se ve sv\u011bt\u011b neztratili.<\/span><\/td>\r\n<td style=\"width: 363px; text-align: center;\">\r\n<p><img loading=\"lazy\" src=\"https:\/\/www.praha7.cz\/wp-content\/uploads\/2018\/11\/inspirace.jpg\" alt=\"\" width=\"99\" height=\"96\" class=\"alignnone size-full wp-image-21385\" \/><\/p>\r\n<span style=\"font-weight: normal !important; color: black !important;\">Pr\u00e1ci v&nbsp;inspirativn\u00edm kolektivu, kde se p\u0159ed n\u00e1pady nezav\u00edraj\u00ed o\u010di.<\/span><\/td>\r\n<td style=\"width: 363px; text-align: center;\">\r\n<p><img loading=\"lazy\" src=\"https:\/\/www.praha7.cz\/wp-content\/uploads\/2018\/11\/perspektiva.jpg\" alt=\"\" width=\"99\" height=\"96\" class=\"alignnone size-full wp-image-21386\" \/><\/p>\r\n<span style=\"font-weight: normal !important; color: black !important;\">Perspektivn\u00ed zam\u011bstn\u00e1n\u00ed, kde pom\u00e1h\u00e1te m\u011bnit sv\u011bt kolem sebe.<\/span><\/td>\r\n<\/tr>\r\n<\/tbody>\r\n<\/table>\r\n<p>&nbsp;<\/p>\r\n<h3>Jak se k\u00a0n\u00e1m dostanete?<\/h3>\r\n<p>P\u0159ihl\u00e1\u0161ku a&nbsp;souhlas se zpracov\u00e1n\u00edm osobn\u00edch \u00fadaj\u016f (naleznete ve <a href=\"https:\/\/www.praha7.cz\/radnice\/povinne-zverejnovane-informace\/formulare\/\">Formul\u00e1\u0159\u00edch Odboru person\u00e1ln\u00edch \u010dinnost\u00ed<\/a>) v\u010detn\u011b strukturovan\u00e9ho \u017eivotopisu je mo\u017en\u00e9 osobn\u011b doru\u010dit v&nbsp;\u00fa\u0159edn\u00edch hodin\u00e1ch do podatelny \u00da\u0159adu M\u010c Praha&nbsp;7 nebo zaslat na n\u00ed\u017ee uvedenou adresu, p\u0159\u00edpadn\u011b emailem na <a href=\"mailto:pouzarovae@praha7.cz\">pouzarovae@praha7.cz<\/a> <span style=\"color: #ff0000;\"><strong>nejpozd\u011bji do 23.&nbsp;3.&nbsp;2023<\/strong><\/span>.<\/p>\r\n<p>&nbsp;<\/p>\r\n<p><strong>P\u0159edpokl\u00e1dan\u00fd vznik pracovn\u00edho pom\u011bru je 1.&nbsp;4.&nbsp;2023.<\/strong><\/p>\r\n<p>&nbsp;<\/p>\r\n<p><em>M\u011bstsk\u00e1 \u010d\u00e1st Praha&nbsp;7<\/em><\/p>\r\n<p><em>\u00da\u0159ad m\u011bstsk\u00e9 \u010d\u00e1sti Praha&nbsp;7<\/em><\/p>\r\n<p><em>Odbor person\u00e1ln\u00edch \u010dinnost\u00ed<\/em><\/p>\r\n<p><em>U Pr\u016fhonu 1338\/38<\/em><\/p>\r\n<p><em>170&nbsp;00 Praha&nbsp;7<\/em><\/p>\r\n<p>&nbsp;<\/p>\r\n<p>Ve\u0161ker\u00e9 pot\u0159ebn\u00e9 informace pro p\u0159ihl\u00e1\u0161en\u00ed do popt\u00e1vkov\u00e9ho \u0159\u00edzen\u00ed naleznete <a href=\"https:\/\/www.praha7.cz\/wp-content\/uploads\/2023\/02\/ORVP-referent-p\u0159\u00edpravy-a-realizace-staveb-II.pdf\">ZDE<\/a>.<\/p>","protected":false},"excerpt":{"rendered":"[perex] \u00da\u0159ad Prahy\u00a07 sh\u00e1n\u00ed do sv\u00e9ho t\u00fdmu kolegyni\/kolegu na pozici referent\/ka p\u0159\u00edpravy a\u00a0realizace staveb v&nbsp;Odboru rozvoje a&nbsp;p\u00e9\u010de o&nbsp;ve\u0159ejn\u00fd prostor. Vyzn\u00e1te se ve stavebnictv\u00ed a\u00a0\u00fazemn\u00edm pl\u00e1nov\u00e1n\u00ed? Bavila by v\u00e1s p\u0159\u00edprava a\u00a0koordinace stavebn\u00edch projekt\u016f od pl\u00e1n\u016f a\u017e po realizaci? M\u00e1te z\u00e1jem pracovat v\u00a0dynamicky se rozv\u00edjej\u00edc\u00ed m\u011bstsk\u00e9 \u010d\u00e1sti pro \u00fa\u0159ad s\u00a0tak trochu jin\u00fdm p\u0159\u00edstupem? Nev\u00e1hejte a\u00a0p\u0159ihlaste se do [&hellip;]","protected":false},"author":5,"featured_media":63491,"comment_status":"closed","ping_status":"open","sticky":false,"template":"","format":"standard","meta":[],"categories":[34],"tags":[],"_links":{"self":[{"href":"https:\/\/www.praha7.cz\/api\/wp\/v2\/posts\/64693"}],"collection":[{"href":"https:\/\/www.praha7.cz\/api\/wp\/v2\/posts"}],"about":[{"href":"https:\/\/www.praha7.cz\/api\/wp\/v2\/types\/post"}],"author":[{"embeddable":true,"href":"https:\/\/www.praha7.cz\/api\/wp\/v2\/users\/5"}],"replies":[{"embeddable":true,"href":"https:\/\/www.praha7.cz\/api\/wp\/v2\/comments?post=64693"}],"version-history":[{"count":1,"href":"https:\/\/www.praha7.cz\/api\/wp\/v2\/posts\/64693\/revisions"}],"predecessor-version":[{"id":64695,"href":"https:\/\/www.praha7.cz\/api\/wp\/v2\/posts\/64693\/revisions\/64695"}],"wp:featuredmedia":[{"embeddable":true,"href":"https:\/\/www.praha7.cz\/api\/wp\/v2\/media\/63491"}],"wp:attachment":[{"href":"https:\/\/www.praha7.cz\/api\/wp\/v2\/media?parent=64693"}],"wp:term":[{"taxonomy":"category","embeddable":true,"href":"https:\/\/www.praha7.cz\/api\/wp\/v2\/categories?post=64693"},{"taxonomy":"post_tag","embeddable":true,"href":"https:\/\/www.praha7.cz\/api\/wp\/v2\/tags?post=64693"}],"curies":[{"name":"wp","href":"https:\/\/api.w.org\/{rel}","templated":true}]}}