    
{"id":64595,"date":"2023-02-24T13:32:14","date_gmt":"2023-02-24T12:32:14","guid":{"rendered":"https:\/\/www.praha7.cz\/?p=64595"},"modified":"2023-02-24T14:10:47","modified_gmt":"2023-02-24T13:10:47","slug":"starosta-art-brut","status":"publish","type":"post","link":"https:\/\/www.praha7.cz\/starosta-art-brut\/","title":{"rendered":"Starosta art brut"},"content":{"rendered":"<p>[perex]<\/p>\r\n<p>Zakladatel <a href=\"http:\/\/www.altanart.cz\">Ateli\u00e9ru radostn\u00e9 tvorby<\/a> a\u00a0<a href=\"http:\/\/www.altanart.cz\">Kulturn\u011b komunitn\u00edho centra Art<\/a> nebo prvn\u00ed polistopadov\u00fd starosta Prahy&nbsp;7, kter\u00fd st\u00e1l u\u00a0zrodu Hobuletu. T\u00edm v\u0161\u00edm a\u00a0mnohem v\u00edc je Vladim\u00edr Dr\u00e1bek, mu\u017e mnoha tv\u00e1\u0159\u00ed, nad\u0161en\u00fd sportovec, poutn\u00edk a\u00a0milovn\u00edk um\u011bn\u00ed. Pov\u00eddali jsme si o\u00a0jeho starostov\u00e1n\u00ed na Sedmi\u010dce a\u00a0nev\u0161edn\u00edm\u00a0um\u011bn\u00ed art brut, kter\u00e9mu se v\u00a0kreativn\u00edm v\u00fdtvarn\u00e9m ateli\u00e9ru A.R.T. v\u011bnuj\u00ed jedinci marginalizovan\u00ed spole\u010dnost\u00ed, nadan\u00ed um\u011blci s\u00a0du\u0161evn\u00edmi poruchami.<\/p>\r\n<p>[\/perex]<\/p>\r\n<p><strong>Vy jste zakl\u00e1dal Hobulet, je to tak?<\/strong><br \/>\r\nNejen zakl\u00e1dal, j\u00e1 jsem mu dal i\u00a0jm\u00e9no. Kdy\u017e jsem se na Sedmi\u010dce stal v\u00a0roce 1990 prvn\u00edm polistopadov\u00fdm starostou, v\u00a0Praze tehdy v\u016fbec nebylo zvykem, \u017ee by m\u011bstsk\u00e1 \u010d\u00e1st vyd\u00e1vala sv\u00e9 radni\u010dn\u00ed noviny. Impulzem pro vznik m\u00edstn\u00edch novin byla n\u00e1v\u0161t\u011bva prvn\u00edho partnersk\u00e9ho m\u011bsta na z\u00e1pad od na\u0161ich hranic, holandsk\u00e9ho Capelle pobl\u00ed\u017e Rotterdamu. Byla to komunita velikost\u00ed podobn\u00e1 Praze 7 s\u00a0asi 50 tis\u00edci obyvateli a\u00a0m\u011bli tam hned dva \u010dasopisy, kter\u00e9 se v\u011bnovaly pouze m\u011bstu. Z\u00a0n\u00e1v\u0161t\u011bvy jsme se vraceli v\u00a0\u0159\u00edjnu 1991 s\u00a0velkou inspirac\u00ed, sice s\u00a0trochu neur\u010ditou p\u0159edstavou, ale s\u00a0neochv\u011bjnou v\u016fl\u00ed ud\u011blat pro vznik sedmi\u010dkov\u00fdch novin v\u0161e pot\u0159ebn\u00e9. N\u00e1sledovalo v\u00fdb\u011brov\u00e9 \u0159\u00edzen\u00ed na \u0161\u00e9fredaktora a\u00a0tisk\u00e1rnu a\u00a0p\u0159ed V\u00e1nocemi vy\u0161lo nult\u00e9 \u010d\u00edslo <a href=\"https:\/\/www.praha7.cz\/historie-hobuletu\/\">Hobuletu<\/a>, prvn\u00ed radni\u010dn\u00ed noviny v\u00a0hlavn\u00edm m\u011bst\u011b spole\u010dn\u011b s\u00a0Tu\u010d\u0148\u00e1kem Prahy 4. Byl to tehdy \u010dtrn\u00e1ctiden\u00edk, dvoustrana. Prvn\u00ed rok bylo v\u0161e financov\u00e1no ze sponzorsk\u00fdch p\u0159\u00edsp\u011bvk\u016f, proto\u017ee rozpo\u010det byl tou dobou u\u017e hotov\u00fd a\u00a0nem\u011bli jsme na to prost\u0159edky. Tajemn\u00edk vypsal sout\u011b\u017e o\u00a0n\u00e1zev a\u00a0vyhr\u00e1l jsem j\u00e1 jako starosta. Jedn\u00edm z\u00a0dal\u0161\u00edch n\u00e1vrh\u016f byl nap\u0159\u00edklad n\u00e1zev Sedmi\u010dka, co\u017e by navazovalo na polistopadov\u00fd v\u011bstn\u00edk Ob\u010dansk\u00e9ho f\u00f3ra Prahy&nbsp;7. Tehdej\u0161\u00ed logo vytvo\u0159ili studenti z\u00a0AVU, kde byl rektorem Milan Kn\u00ed\u017e\u00e1k.<\/p>\r\n<p><strong>Z\u016fstalo ve v\u00e1s starostov\u00e1n\u00ed n\u011bjak\u00fdm zp\u016fsobem dodnes? P\u0159ece jen je to n\u00e1lepka, kter\u00e9 se \u010dlov\u011bk asi zbavuje t\u011b\u017eko.<\/strong><br \/>\r\nStarosta z\u016fstane \u010dlov\u011bku doslova p\u0159i\u0161it\u00fd. Byl jsem na sedmi\u010dkov\u00e9 radnici jen jedno volebn\u00ed obdob\u00ed, potom jsem je\u0161t\u011b jedno obdob\u00ed p\u016fsobil na velk\u00e9 radnici jako n\u00e1m\u011bstek prim\u00e1tora pro kulturu a\u00a0sport, ale dodnes m\u011b lid\u00e9 na ulici zastavuj\u00ed\u00a0a\u00a0\u0159\u00edkaj\u00ed mi, \u017ee by bylo pot\u0159eba zlep\u0161it tohle a\u00a0t\u00e1mhleto, a\u00a0j\u00e1 jim odpov\u00edd\u00e1m, \u017ee u\u017e 25 let na radnici v\u016fbec nejsem. Ale pak si t\u0159eba hezky popov\u00edd\u00e1me. Nebo kdy\u017e byl covid, tak jsem si p\u0159ed restaurac\u00ed Ztracen\u00fd r\u00e1j d\u00e1val pivo na ulici a\u00a0kolem \u0161el kdosi z\u00a0m\u00edstn\u00edch, zastavil se a\u00a0s\u00a0takov\u00fdm li\u0161\u00e1ck\u00fdm sarkasmem mi \u0159\u00edk\u00e1: Ale pane starosto, to je zak\u00e1zan\u00fd, p\u00edt alkohol na ulici. Takov\u00e9 p\u0159\u00edhody jsou p\u0159\u00edjemn\u00e9. Ale celkov\u011b je to \u00fad\u011bl. Kdy\u017e je \u010dlov\u011bk jednou starostou a\u00a0je\u0161t\u011b nav\u00edc vypad\u00e1 jako j\u00e1, ka\u017ed\u00fd si ho v\u0161imne. Nem\u016f\u017eete pak z\u016fstat v\u00a0anonymit\u011b, co\u017e mn\u011b v\u017edy vadilo. Co se nev\u011bnuji politice, je to lep\u0161\u00ed, aspo\u0148 u\u017e nejsem \u201eve\u0159ejn\u00fdm majetkem\u201c. Je\u0161t\u011b m\u011b napad\u00e1 jedna vtipn\u00e1 historka. Chod\u00edme hr\u00e1t pravideln\u011b fotbal na Letenskou pl\u00e1\u0148. Jednou jsem si \u0161el do Billy koupit n\u011bco k\u00a0j\u00eddlu rovnou z\u00a0h\u0159i\u0161t\u011b, \u0161pinav\u00fd, v\u00a0kopa\u010dk\u00e1ch a\u00a0zpoza pultu se zbo\u017e\u00edm se na mne d\u00edv\u00e1 takov\u00e1 star\u0161\u00ed dvojice a\u00a0\u0159\u00edk\u00e1 si: Hele, to je b\u00fdval\u00fd starosta. Ten dopadl, co? (sm\u00edch)<\/p>\r\n<p><strong>Vystudoval jste matematicko-fyzik\u00e1ln\u00ed fakultu. V\u011bnoval jste se n\u011bkdy sv\u00e9mu p\u016fvodn\u00edmu oboru?<\/strong><br \/>\r\nV\u00a0\u00dastavu dopravn\u00edho in\u017een\u00fdrstv\u00ed jsem se v\u011bnoval problematice \u0159\u00edzen\u00ed dopravy sv\u011btelnou signalizac\u00ed. Pracoval jsem na matematick\u00fdch modelech \u0159\u00edzen\u00ed a\u00a0ta pr\u00e1ce byla skv\u011bl\u00e1 i\u00a0v\u00a0tom, \u017ee m\u011bla okam\u017eit\u00e9 p\u0159\u00edm\u00e9 a\u00a0viditeln\u00e9 v\u00fdsledky\u00a0\u2013 na konkr\u00e9tn\u00edch k\u0159i\u017eovatk\u00e1ch jsem vid\u011bl, jak vozidla jezd\u00ed plynuleji a\u00a0o\u00a0malinko l\u00e9pe se d\u00fdch\u00e1. Dopravou v\u00a0Praze jsem se zab\u00fdval deset let. Sv\u00e9 zku\u0161enosti\u00a0z\u00a0dopravy jsem pak uplat\u0148oval i\u00a0v\u00a0politice. I\u00a0d\u00edky nim se mi poda\u0159ilo po p\u016fl roce starostov\u00e1n\u00ed prosadit z\u00e1kaz pr\u016fjezdu t\u011b\u017ek\u00fdch vozidel Prahou 7, co\u017e byla dlouhodob\u00e1 \u010dern\u00e1 m\u016fra p\u0159edev\u0161\u00edm Veletr\u017en\u00ed ulice.<\/p>\r\n<p><strong>Jak jste se ke komun\u00e1ln\u00ed politice vlastn\u011b dostal?<\/strong><br \/>\r\nPo listopadu jsem byl nastartovan\u00fd k\u00a0tomu, \u017ee by se \u010dlov\u011bk m\u011bl n\u011bjak anga\u017eovat. Kamar\u00e1dka m\u00e9 sestry mne tehdy bez m\u00e9ho v\u011bdom\u00ed navrhla na kandidaturu do \u010cesk\u00e9 n\u00e1rodn\u00ed rady. J\u00e1 jsem se po v\u0161ech v\u00fdb\u011brov\u00fdch \u0159\u00edzen\u00edch v\u00a0Ob\u010dansk\u00e9m f\u00f3ru (OF) dostal na kandid\u00e1tku a\u00a0po volb\u00e1ch jsem skon\u010dil jako prvn\u00ed n\u00e1hradn\u00edk. B\u011bhem volebn\u00ed kampan\u011b mi mana\u017eerka OF Praha&nbsp;7 \u0159ekla: Hele, ty mus\u00ed\u0161 d\u011blat starostu. A\u00a0stalo se.<\/p>\r\n<p><strong>Tak\u017ee v\u00e1s to tam sp\u00ed\u0161 dovedlo?<\/strong><br \/>\r\nTak n\u011bjak jsem tam doplul. J\u00e1 jsem netu\u0161il, \u017ee takov\u00e9 schopnosti v\u016fbec m\u00e1m. T\u0159eba na t\u0159\u00eddn\u00edch sch\u016fzk\u00e1ch\u00a0\u2013 a\u00a0bylo jich hodn\u011b, m\u00e1m \u010dty\u0159i d\u011bti\u00a0\u2013 jsem m\u011bl probl\u00e9m promluvit. Bylo mi to hloup\u00e9 p\u0159ed tolika lidmi. Ale ten impulz, nechci \u0159\u00edct svobody, to je p\u0159\u00edli\u0161 velk\u00e9 kli\u0161\u00e9, impulz zm\u011bny n\u011bco inicioval a\u00a0uk\u00e1zal \u010dlov\u011bku, \u017ee dok\u00e1\u017ee, co chce\u2026 Kandidoval jsem za Ob\u010dansk\u00e9 f\u00f3rum, kter\u00e9 se po roce rozd\u011blilo na ODS a\u00a0ODA, a\u00a0p\u0159esto, \u017ee ODA m\u011bla oproti ODS v\u00a0zastupitelstvu Prahy&nbsp;7 v\u00fdraznou men\u0161inu, z\u016fstal jsem starostou po cel\u00e9 volebn\u00ed obdob\u00ed\u00a0\u2013 to cht\u011blo schopnost politick\u00e9 diplomacie, kterou jsem s\u00e1m sob\u011b dok\u00e1zal. I\u00a0proto jsem v\u00a0dal\u0161\u00edm volebn\u00edm obdob\u00ed pokra\u010doval v\u00a0politice jako n\u00e1m\u011bstek prim\u00e1tora.<\/p>\r\n<p><strong>L\u00edb\u00ed se v\u00e1m, kam se Praha&nbsp;7 vyvinula? Dnes b\u00fdv\u00e1 ozna\u010dov\u00e1na za hipsterskou \u010dtvr\u0165, n\u011bkdy s\u00a0obdivem, ob\u010das i\u00a0s\u00a0despektem.<\/strong><br \/>\r\nZa m\u00e9ho p\u016fsoben\u00ed m\u011bla Praha&nbsp;7 radu plnou osobnost\u00ed. Byli tam mimo jin\u00e9 novin\u00e1\u0159ka Milena \u0160indel\u00e1\u0159ov\u00e1, Michael T\u0159e\u0161t\u00edk, tehdej\u0161\u00ed \u0161\u00e9fredaktor \u010dasopisu Tvar, Pavel Smet\u00e1\u010dek, kapeln\u00edk skupiny Traditional Jazz Studio, \u010di Jarmila Slab\u00e1 z\u00a0N\u00e1rodn\u00edho technick\u00e9ho muzea. Zkr\u00e1tka zaj\u00edmav\u00e1 kulturn\u00ed enkl\u00e1va. Z\u00e1sadn\u00ed ot\u00e1zkou na\u0161eho povolebn\u00edho p\u016fsoben\u00ed bylo pr\u00e1v\u011b to, kam budeme Prahu 7 sm\u011brovat. A\u00a0shodli jsme se na tom, \u017ee by to m\u011bla b\u00fdt kulturn\u00ed \u010dtvr\u0165, kde se dob\u0159e bydl\u00ed a\u00a0ve sv\u00e9m bezprost\u0159edn\u00edm okol\u00ed se d\u00e1 dob\u0159e tr\u00e1vit voln\u00fd \u010das. Ten kulturn\u011b-kav\u00e1rensk\u00fd duch tady byl u\u017e tehdy, nav\u00edc p\u0159\u00edjemn\u00e1 m\u011bstsk\u00e1 architektura a\u00a0dva velk\u00e9 parky v\u00a0centru m\u011bsta. To se zkr\u00e1tka nab\u00edzelo a\u00a0j\u00e1 se domn\u00edv\u00e1m, \u017ee ta vize se pln\u00ed. Tak\u017ee jsem spokojen\u00fd, kam to zhruba do\u0161lo. Je jen jedin\u00e1 v\u011bc, kter\u00e1 m\u011b trochu tr\u00e1p\u00ed. Nem\u016f\u017eu se sm\u00ed\u0159it s\u00a0t\u00edm, jak vypad\u00e1 Letensk\u00e1 pl\u00e1\u0148. Po stavb\u011b tunelu Blanka je jej\u00ed povrch pro voln\u00fd \u010das a\u00a0sport prakticky nepou\u017eiteln\u00fd. Kdy\u017e jsem odch\u00e1zel z\u00a0pra\u017esk\u00e9 radnice, byl pl\u00e1n takov\u00fd, \u017ee se tamn\u00ed sportovi\u0161t\u011b zp\u0159\u00edstupn\u00ed lidem, bude tam voda, sprchy, z\u00e1chody a\u00a0vhodn\u00fd povrch pro voln\u00fd \u010das a\u00a0sport. Jen\u017ee to se nestalo. Letensk\u00e1 pl\u00e1\u0148 je nesm\u00edrn\u011b cenn\u00fd urbanistick\u00fd prostor v\u00a0centru m\u011bsta a\u00a0ve chv\u00edli, kdy bude tak pust\u00e1 jako te\u010f, vyu\u017e\u00edvan\u00e1 jen jako parkovi\u0161t\u011b \u010di tu a\u00a0tam pro n\u011bjakou spole\u010denskou akci, tak se za deset let m\u016f\u017ee zm\u011bnit \u00fazemn\u00ed pl\u00e1n s\u00a0c\u00edlem pl\u00e1\u0148 zastav\u011bt. Tak\u017ee jsem spokojen\u00fd, ale tro\u0161ku se i\u00a0boj\u00edm. (\u00fasm\u011bv)<\/p>\r\n<p><strong>Jak vn\u00edm\u00e1te Hole\u0161ovice? P\u0159ece jen se n\u011bkdy m\u016f\u017ee zd\u00e1t, \u017ee za stylovou Letnou trochu zaost\u00e1vaj\u00ed.<\/strong><br \/>\r\nTo hipsterstv\u00ed hodn\u011b souvis\u00ed pr\u00e1v\u011b se spodn\u00ed \u010d\u00e1st\u00ed Prahy&nbsp;7. Charakter Hole\u0161ovic, kter\u00e9 byly d\u0159\u00edve pova\u017eov\u00e1ny za outsidera, byl pr\u016fmyslov\u00fd a\u00a0vn\u00edman\u00fd jako hor\u0161\u00ed pro \u017eivot. V\u00a0dob\u011b starostov\u00e1n\u00ed jsem podrobn\u011b pro\u0161el ka\u017edou ulici a\u00a0objevil jsem i\u00a0zde kouzeln\u00e1 z\u00e1kout\u00ed, p\u0159i\u0161el jsem na chu\u0165 p\u016fvabu syrov\u00e9 industri\u00e1lnosti. A\u00a0p\u0159itom jsem vzpom\u00ednal na star\u00e9 Z\u00e1tory. To byla neuv\u011b\u0159iteln\u00e1 oblast, sice malink\u00e1, ale byly tam uli\u010dky se star\u00fdmi lucernami a\u00a0dla\u017ebou, kouzlo m\u011bstsk\u00e9 poezie. N\u011bco jako Star\u00e9 M\u011bsto v\u00a0Praze 7. N\u00e1dhern\u00e9 m\u00edsto, kter\u00e9 se zbouralo, kdy\u017e se stav\u011blo metro. Prost\u011b jsem si l\u00e9pe uv\u011bdomil, \u017ee i\u00a0tahle \u010d\u00e1st Prahy&nbsp;7 m\u00e1 sv\u016fj m\u011bstsk\u00fd potenci\u00e1l. A\u00a0pak p\u0159i\u0161ly z\u00e1plavy v\u00a0roce 2002, p\u0159\u00edrodn\u00ed katastrofa, kter\u00e1 v\u0161ak ve sv\u00fdch d\u016fsledc\u00edch Hole\u0161ovic\u00edm paradoxn\u011b pomohla\u00a0\u2013 novou v\u00fdstavbou, zm\u011bnou funkce star\u00fdch pr\u016fmyslov\u00fdch objekt\u016f. Charakter Hole\u0161ovic se t\u00edm zm\u011bnil, z\u00edskaly sv\u016fj nov\u00fd modern\u011bj\u0161\u00ed m\u011bstsk\u00fd p\u016fvab. A\u00a0najednou za\u010daly svou novou energi\u00ed ovliv\u0148ovat i\u00a0horn\u00ed \u010d\u00e1st Prahy&nbsp;7. Mysl\u00edm, \u017ee pr\u00e1v\u011b odtud vane onen hipstersk\u00fd n\u00e1dech na\u0161\u00ed m\u011bstsk\u00e9 \u010d\u00e1sti. A\u010d genera\u010dn\u011b n\u011bkde jinde, j\u00e1 se na to d\u00edv\u00e1m sp\u00ed\u0161e s\u00a0obdivem.<\/p>\r\n<p><strong>Poj\u010fme se od politiky p\u0159esunout ke kultu\u0159e, proto\u017ee vy s\u00e1m jste st\u00e1l u\u00a0vzniku n\u011bkolika m\u00edstn\u00edch kulturn\u00edch instituc\u00ed, vezm\u011bme nap\u0159\u00edklad divadlo Alfred ve dvo\u0159e.<br \/>\r\n<\/strong>Na radnici Prahy&nbsp;7 tehdy byla sekret\u00e1\u0159ka pan\u00ed Marcela Kry\u0161t\u016ffkov\u00e1, kter\u00e1 tam byla l\u00e9ta p\u0159ede mnou a\u00a0l\u00e9ta po mn\u011b, a\u00a0velmi uv\u00e1\u017eliv\u011b mi p\u0159ipravovala rozvrh sch\u016fzek. A\u00a0ta mi jednou \u0159\u00edk\u00e1: Chce k\u00a0v\u00e1m p\u0159ij\u00edt n\u011bjak\u00fd turbo. J\u00e1 na to: Jak\u00fd turbo? A\u00a0on to byl Ctibor Turba, kter\u00e9ho jsem velmi ctil. V\u00a070.&nbsp;letech m\u011bl stan s\u00a0legend\u00e1rn\u00edm pantomimick\u00fdm p\u0159edstaven\u00edm Cirkus Alfr\u00e9d\u00a0v\u00a0Letensk\u00fdch sadech a\u00a0za mnou p\u0159i\u0161el s\u00a0t\u00edm, \u017ee by cht\u011bl takov\u00fd stan postavit na dvo\u0159e domu v\u00a0ulici Franti\u0161ka K\u0159\u00ed\u017eka, kter\u00fd restituovala jeho \u017eena. To mne zaujalo, stan v\u0161ak nepovolili hasi\u010di, n\u00e1sledoval n\u00e1vrh d\u0159ev\u011bn\u00e9 boudy od Davida V\u00e1vry a\u00a0\u00fapln\u011b ve fin\u00e1le ud\u011blal n\u00e1vrh st\u00e1vaj\u00edc\u00ed podoby divadla Jind\u0159ich Smetana, budouc\u00ed rektor V\u0160UP. J\u00e1 jsem byl tehdy p\u0159edsedou Fondu pro kulturu a\u00a0vzd\u011bl\u00e1v\u00e1n\u00ed, kde jsme zrovna hledali pilotn\u00ed projekt, kter\u00fd bychom pomohli realizovat, a\u00a0Turb\u016fv projekt divadla <a href=\"https:\/\/www.alfredvedvore.cz\/\">Alfr\u00e9d ve dvo\u0159e<\/a> z\u00edskal nejv\u011bt\u0161\u00ed podporu. A\u00a0tak vzniklo dvorn\u00ed divadlo, kter\u00e9 je dnes neodmyslitelnou kulturn\u00ed sou\u010d\u00e1st\u00ed Prahy&nbsp;7.<\/p>\r\n<p>Vezm\u011bte si, \u017ee je\u0161t\u011b v\u00a0roce 1989 nebylo v\u00a0Praze 7 jedin\u00e9 divadlo\u00a0\u2013 a\u00a0kolik jich tu je dnes. Je pravda, \u017ee zde ale bylo p\u011bt zaj\u00edmav\u00fdch kin (z\u016fstalo Oko) a\u00a0taky Park kultury a\u00a0oddechu Julia Fu\u010d\u00edka, dne\u0161n\u00ed V\u00fdstavi\u0161t\u011b. Tam jsem t\u0159eba poprv\u00e9 sly\u0161el Plastic People, bylo tam letn\u00ed kino a\u00a0konaly se tam ob\u010das na tu dobu neuv\u011b\u0159iteln\u00e9 kulturn\u00ed akce, t\u0159eba v\u00fdtvarn\u00e9 salony. Poprv\u00e9 jsem tam tak\u00e9 sly\u0161el B\u00e1ru Basikovou s\u00a0kapelou Stromboli. V\u00a0p\u0159\u00edzem\u00ed Veletr\u017en\u00edho pal\u00e1ce byl Tuzex, tam se za bony prod\u00e1valy jinak u\u00a0n\u00e1s prakticky nez\u00edskateln\u00e9 gramofonov\u00e9 desky. Tak\u017ee kultura na Sedmi\u010dce vzkv\u00e9tala u\u017e tehdy. Po Alfredovi vzniklo na po\u010d\u00e1tku devades\u00e1t\u00fdch let Divadlo u\u00a0Pan\u00e1k\u016f (dnes Divadeln\u00ed klub Letka, pozn. red.). Pan Ko\u010d\u00ed, kter\u00fd na St\u0159eleck\u00e9m ostrov\u011b v\u00a0r\u00e1mci Divadeln\u00edch pout\u00ed koncem 80.&nbsp;let hr\u00e1val loutkov\u00e9 divadlo, p\u0159i\u0161el s\u00a0t\u00edm, \u017ee bydl\u00ed v\u00a0dom\u011b, kde jsou v\u00a0p\u0159\u00edzem\u00ed \u0161ic\u00ed d\u00edlny a\u00a0ty kon\u010d\u00ed, tak\u017ee by se z\u00a0prostoru dalo ud\u011blat loutkov\u00e9 divadlo pro d\u011bti a\u00a0vedle kav\u00e1rna. Zat\u00edmco by se d\u011bti koukaly na pan\u00e1ky, tak by si vedle otcov\u00e9 d\u00e1vali pan\u00e1ky. To byla jeho tehdej\u0161\u00ed idea. Do p\u016fl roku s\u00a0pomoc\u00ed m\u011bstsk\u00e9 \u010d\u00e1sti a\u00a0s\u00a0v\u00fdtvarnou pomoc\u00ed Josky Skaln\u00edka Pan\u00e1ci o\u017eili.<\/p>\r\n<p><strong>A\u00a0jak vznikl n\u00e1pad na zalo\u017een\u00ed komunitn\u00edho centra a\u00a0Ateli\u00e9ru radostn\u00e9 tvorby?<\/strong><br \/>\r\nPodn\u011bt mi dala v\u00fdstava v\u00a0pra\u017esk\u00e9 galerii Art in box v\u00a0roce 2011, kter\u00e1 p\u0159edstavovala tv\u016frce mnichovsk\u00e9ho kreativn\u00edho ateli\u00e9ru HPCA. Hrozn\u011b se mi l\u00edbilo, jak suver\u00e9nn\u011b lid\u00e9 s\u00a0ment\u00e1ln\u00edm posti\u017een\u00edm vystupovali. Kur\u00e1torkou t\u00e9 v\u00fdstavy byla Terezie Zem\u00e1nkov\u00e1. Zeptal jsem se j\u00ed, kde tady m\u00e1me takov\u00fd ateli\u00e9r, a\u00a0ona \u0159ekla, \u017ee \u017e\u00e1dn\u00fd takov\u00fd v\u00a0\u010cR nen\u00ed. Do roku a\u00a0p\u016fl tedy vznikl Ateli\u00e9r radostn\u00e9 tvorby, kde dnes sed\u00edme. Tady v\u00a0t\u011bch prostor\u00e1ch tehdy bylo ob\u010dansk\u00e9 sdru\u017een\u00ed Salet, j\u00e1 jsem pracoval vedle\u00a0jako \u0159editel asociace Sparty. Byla tady chr\u00e1n\u011bn\u00e1 d\u00edlna, j\u00e1 jsem tu l\u00e9ta pom\u00e1hal. Jednou\u00a0jsem sed\u011bl v\u00a0kav\u00e1rn\u011b u\u00a0Alchymisty s\u00a0Ludv\u00edkem \u0164ulp\u00edkem, co\u017e byl p\u0159edseda spolku, a\u00a0\u0159\u00edk\u00e1m mu, \u017ee bych cht\u011bl zalo\u017eit ateli\u00e9r, a\u00a0on: Zrovna je vypsan\u00fd grant z\u00a0EU, tak bychom to mohli zkusit spole\u010dn\u011b. Grant na ateli\u00e9r jsme z\u00edskali a\u00a0rok\u00a0a\u00a0t\u0159i \u010dtvrt\u011b byl financov\u00e1n z\u00a0evropsk\u00fdch fond\u016f. Te\u010f jsme financovan\u00ed, jak se d\u00e1, z\u00a0ve\u0159ejn\u00fdch grant\u016f, z\u00a0nada\u010dn\u00edch fond\u016f\u2026 V\u00a0posledn\u00ed dob\u011b je to t\u011b\u017ek\u00e9, ale na\u0161t\u011bst\u00ed jsme za\u010dali obrazy v\u00edce prod\u00e1vat a\u00a0prodejem pokryjeme zhruba t\u0159etinu n\u00e1klad\u016f, co\u017e je \u00fa\u017easn\u00e9. P\u0159esto\u00a0jsme z\u016fstali minul\u00fd rok v\u00a0deficitu a\u00a0hled\u00e1me dal\u0161\u00ed podporu. Pro lep\u0161\u00ed nab\u00eddku obraz\u016f<br \/>\r\nA.R.T. jsme koncem roku otev\u0159eli v\u00a0Praze 2 p\u0159i kostele sv. V\u00e1clava na Zderaze <a href=\"http:\/\/www.artbrutpraha.cz\">Galerii Art\u00a0brut Praha<\/a>, prvn\u00ed, kter\u00e1 se v\u00a0Praze v\u011bnuje v\u00fdhradn\u011b tvorb\u011b art brut.<br \/>\r\n<br \/>\r\n<\/p>\r\n<p><img loading=\"lazy\" src=\"https:\/\/www.praha7.cz\/wp-content\/uploads\/2023\/02\/U6A3074.jpg\" alt=\"\" width=\"703\" height=\"464\" class=\"alignnone wp-image-64599 size-full\" srcset=\"https:\/\/www.praha7.cz\/wp-content\/uploads\/2023\/02\/U6A3074.jpg 703w, https:\/\/www.praha7.cz\/wp-content\/uploads\/2023\/02\/U6A3074-600x396.jpg 600w\" sizes=\"(max-width: 703px) 100vw, 703px\" \/><br \/>\r\n<br \/>\r\n<\/p>\r\n<p><strong>Jak\u00e1 je pr\u016fm\u011brn\u00e1 cena obraz\u016f?<\/strong><br \/>\r\nCeny se pohybuj\u00ed od linoryt\u016f za 1000&nbsp;K\u010d a\u017e po 15&nbsp;000 za obraz. Sna\u017e\u00edme se proniknout do zahrani\u010d\u00ed, kde bychom se dostali k\u00a0\u00fapln\u011b jin\u00fdm cen\u00e1m. Takov\u00fd absolvent AVU neprod\u00e1 obraz pod 20&nbsp;000. Kdy\u017e ale d\u011bl\u00e1me spole\u010dn\u00e9 v\u00fdstavy, \u010dasto nikdo nepozn\u00e1, co je odsud a\u00a0co z\u00a0AVU. Ceny v\u00a0zahrani\u010d\u00ed by byly minim\u00e1ln\u011b trojn\u00e1sobn\u00e9. Kdy\u017e na\u0161e obrazy prod\u00e1vaj\u00ed galerie, \u010dasto se stane, \u017ee obraz prodaj\u00ed klidn\u011b za 30&nbsp;000.<\/p>\r\n<p><strong>Jak ateli\u00e9r funguje?<\/strong><br \/>\r\nJe to otev\u0159en\u00e1 skupina, st\u00e1le p\u0159ij\u00edm\u00e1me nov\u00e9 talentovan\u00e9 lidi s\u00a0du\u0161\u00ed z\u00a0vlastn\u00edch sv\u011bt\u016f. P\u016fvab ateli\u00e9ru je i\u00a0v\u00a0tom, \u017ee je tam ka\u017ed\u00fd za sebe, ale maluj\u00ed spolu a\u00a0maj\u00ed se r\u00e1di. Nebo\u2026 to p\u0159eh\u00e1n\u00edm, (sm\u00edch) nemaj\u00ed se v\u017edy \u00fapln\u011b r\u00e1di, ale u\u010d\u00ed se sn\u00e1\u0161et navz\u00e1jem a\u00a0t\u0159eba i&nbsp;n\u011bco odkoukaj\u00ed jeden od druh\u00e9ho. Na\u0161\u00edm kr\u00e9dem je, \u017ee je nesm\u00edme zkazit. Nesm\u00edme jim do tvorby mluvit, to neexistuje. Pom\u00e1h\u00e1me jim maxim\u00e1ln\u011b s\u00a0technikou, jak rozd\u011blat barvu, pro\u010d se neb\u00e1t velk\u00fdch form\u00e1t\u016f obraz\u016f, ale do toho, jak maluj\u00ed, jim nemluv\u00edme. Oni si do toho tedy v\u011bt\u0161inou ani\u00a0mluvit nenechaj\u00ed.<\/p>\r\n<p>Do komunitn\u00edho centra KKC Art m\u016f\u017ee\u00a0naopak p\u0159ij\u00edt malovat ka\u017ed\u00fd. Bylo z\u0159\u00edzeno jako reakce na ateli\u00e9r, kde jsme museli spoustu skv\u011bl\u00fdch lid\u00ed odm\u00edtnout, proto\u017ee nem\u011bli tak velk\u00fd talent. C\u00edlov\u00e1 skupina lid\u00ed se zdravotn\u00edm\u00a0znev\u00fdhodn\u011bn\u00edm byla roz\u0161\u00ed\u0159ena o\u00a0seniory a\u00a0malov\u00e1n\u00ed je zde ch\u00e1p\u00e1no jako prost\u0159edek komunikace s\u00a0kr\u00e9dem Malujeme pro radost.<\/p>\r\n<p>Ateli\u00e9r A.R.T. vede absolventka V\u0160UP\u00a0Magdalena Hejzlarov\u00e1 a\u00a0ve v\u00fdtvarn\u00e9 asistenci se st\u0159\u00edd\u00e1\u00a0s\u00a0t\u0159emi dal\u0161\u00edmi. Ateli\u00e9r funguje \u010dty\u0159i dny v\u00a0t\u00fddnu krom\u011b st\u0159edy, ale jsou tu um\u011blci, kte\u0159\u00ed jsou schopni malovat sami a\u00a0nepot\u0159ebuj\u00ed asistenci, tak\u017ee mohou p\u0159ij\u00edt po dohod\u011b samostatn\u011b. N\u011bkte\u0159\u00ed chod\u00ed naopak jen jedenkr\u00e1t do t\u00fddne, proto\u017ee maj\u00ed nabit\u00fd program a\u00a0spoustu dal\u0161\u00edch aktivit. Velk\u00e1 \u010d\u00e1st \u010dlen\u016f bydl\u00ed sama, jsou schopn\u00ed se o\u00a0sebe postarat. Pak je \u010d\u00e1st, kter\u00e1 bydl\u00ed v\u00a0domovech, ty mus\u00ed n\u011bkdo p\u0159iv\u00e9zt, n\u011bkdo bydl\u00ed doma u\u00a0rodi\u010d\u016f. Celkov\u011b je duch ateli\u00e9ru prolnut svobodnou tvorbou s\u00a0jistou jinakost\u00ed na\u0161ich um\u011blc\u016f, ta se zde z\u00a0handicapu st\u00e1v\u00e1 p\u0159ednost\u00ed.<\/p>\r\n<p><strong>Jak\u00e1 jsou krit\u00e9ria pro mo\u017enost vstupu do ateli\u00e9ru? Prob\u00edh\u00e1 nap\u0159\u00edklad v\u00fdb\u011brov\u00e9 \u0159\u00edzen\u00ed?<br \/>\r\n<\/strong>V\u00fdb\u011brov\u00e9 \u0159\u00edzen\u00ed je p\u0159\u00edli\u0161 siln\u00e9 slovo. V\u00a0po\u010d\u00e1tc\u00edch jsme s\u00a0Terezi\u00ed Zem\u00e1nkovou a\u00a0pozd\u011bji i\u00a0s\u00a0Jarom\u00edrem Typltem, kte\u0159\u00ed jsou odborn\u00edci na art brut, nav\u0161t\u011bvovali r\u016fzn\u00e1 za\u0159\u00edzen\u00ed, jako nap\u0159\u00edklad psychoterapeutick\u00e9 sanatorium v\u00a0Ond\u0159ejov\u011b nebo Fokus (neziskov\u00e1 organizace nab\u00edzej\u00edc\u00ed lidem s\u00a0du\u0161evn\u00edm onemocn\u011bn\u00edm komunitn\u00ed p\u00e9\u010di v\u00a0ne\u00fastavn\u00edch podm\u00ednk\u00e1ch, pozn. red.), kde jsme nalezli prv\u00e9 talenty. Ob\u010das se o\u00a0n\u00e1s lid\u00e9 sami dozv\u011bd\u00ed nebo n\u00e1m je n\u011bkdo dohod\u00ed. N\u011bkdy se zase stane, \u017ee p\u0159ijde \u010dlov\u011bk, kter\u00fd \u0159ekne, \u017ee maluje art brut, ale v\u016fbec to tak nen\u00ed. Art brut se nelze nau\u010dit, ten v\u00a0sob\u011b m\u016f\u017eete pouze objevit. My jsme\u00a0v\u00a0A.R.T. schopn\u00ed vytvo\u0159it svobodn\u00e9 prost\u0159ed\u00ed a\u00a0profesion\u00e1ln\u00ed z\u00e1zem\u00ed. Tv\u016frc\u016fm nab\u00eddneme v\u00fdbavu, pom\u016fcky, profesion\u00e1ln\u00ed person\u00e1l, vystav\u00edme a\u00a0prod\u00e1me jim jejich obrazy. Kdy\u017e se prod\u00e1 obraz, 40&nbsp;% dostane autor, 60&nbsp;% jde na provoz ateli\u00e9ru.<\/p>\r\n<p><strong>Jste jedin\u00fd ateli\u00e9r sv\u00e9ho druhu?<br \/>\r\n<\/strong>Te\u010f u\u017e ne. Pracoval tady Otto Kouween, Holan\u010fan, kter\u00fd od po\u010d\u00e1tku 90.&nbsp;let \u017eije v\u00a0\u010cR. Jeho ateli\u00e9r <a href=\"https:\/\/barvolam.cz\/\">Barvolam<\/a> te\u010f s\u00eddl\u00ed v\u00a0Praze 1 a\u00a0d\u011bl\u00e1 t\u0159eba v\u00fdtvarn\u00fd jamming, co\u017e je spole\u010dn\u00e9 malov\u00e1n\u00ed. Roze\u0161li jsme se tehdy v\u00a0dobr\u00e9m s\u00a0jedinou ideou\u00a0\u2013 aby na to \u017e\u00e1dn\u00fd z\u00a0um\u011blc\u016f nedoplatil. Tak\u017ee n\u011bkte\u0159\u00ed na\u0161i v\u00fdtvarn\u00edci chod\u00ed malovat i\u00a0tam, i\u00a0sem. V\u00a0Brn\u011b podobn\u00fdm zp\u016fsobem funguje ateli\u00e9r <a href=\"http:\/\/www.kreat.cz\/kontakt\">Kreat<\/a>. \u010c\u00edm v\u00edce obdobn\u00fdch ateli\u00e9r\u016f v\u00a0\u010cR bude, t\u00edm l\u00e9pe.<\/p>\r\n<p><strong>\u010c\u00edm v\u0161\u00edm tedy komunitn\u00ed centrum a\u00a0ateli\u00e9r jsou?<\/strong><br \/>\r\nKulturn\u011b komunitn\u00ed centrum Art, kter\u00e9 je o\u00e1zou setk\u00e1v\u00e1n\u00ed lid\u00ed, a\u00a0Ateli\u00e9r radostn\u00e9 tvorby,\u00a0jen\u017e je ostrovem v\u00fdtvarn\u00e9 svobody, funguj\u00ed jako dva propojen\u00e9 sv\u011bty, jako jeden celek. Fyzicky jsou naproti sob\u011b p\u0159es chodbu. Kdy\u017e\u00a0t\u0159eba doraz\u00ed Luk\u00e1\u0161 Pale\u010dek, jeden z\u00a0\u010dlen\u016f ateli\u00e9ru, jde nejprve za holkami (kter\u00fdm je, podot\u00fdk\u00e1m, zpravidla 60 a\u017e 80 let), donese jim d\u00e1rek, povypr\u00e1v\u00ed si s\u00a0nimi\u2026 A\u00a0ony se zase chod\u00ed d\u00edvat do ateli\u00e9ru, jak maluje. Um\u011blci z\u00a0ateli\u00e9ru vedou\u00a0v\u00a0komunitn\u00edm centru za asistentsk\u00e9 pomoci v\u00fdtvarn\u00e9 kurzy. Podobn\u011b vedou i\u00a0kurzy pro d\u011bti. A\u00a0kdy\u017e se d\u011bti spoj\u00ed s\u00a0\u201eartbruty\u201c, je to\u00a0velmi zaj\u00edmav\u00e1 konfuze. Spolupr\u00e1ce z\u00a0posledn\u00ed doby v\u00a0r\u00e1mci projektu Ministerstva kultury s\u00a0d\u011btmi ze Z\u0160 Korunova\u010dn\u00ed, s\u00a0d\u011btmi z\u00a0Ukrajiny \u010di s\u00a0autistick\u00fdmi d\u011btmi n\u00e1m sem vnesla nov\u00e9 dimenze. My zkr\u00e1tka r\u00e1di chod\u00edme do nezn\u00e1m\u00fdch kon\u010din.<br \/>\r\n<br \/>\r\n<\/p>\r\n<p><img loading=\"lazy\" src=\"https:\/\/www.praha7.cz\/wp-content\/uploads\/2023\/02\/U6A3077.jpg\" alt=\"\" width=\"679\" height=\"993\" class=\"alignnone wp-image-64600 size-full\" srcset=\"https:\/\/www.praha7.cz\/wp-content\/uploads\/2023\/02\/U6A3077.jpg 679w, https:\/\/www.praha7.cz\/wp-content\/uploads\/2023\/02\/U6A3077-274x400.jpg 274w\" sizes=\"(max-width: 679px) 100vw, 679px\" \/><br \/>\r\n<br \/>\r\n<\/p>\r\n<p><strong>Co je nejv\u011bt\u0161\u00edm specifikem art brut oproti b\u011b\u017en\u00e9 v\u00fdtvarn\u00e9 tvorb\u011b?<\/strong><br \/>\r\nP\u0159irozen\u00e1 radost z\u00a0tvorby. Tv\u016frci m\u00e1lokdy podl\u00e9haj\u00ed man\u00fdr\u00e1m nebo spole\u010densk\u00fdm po\u017eadavk\u016fm, \u017ee by m\u011bli malovat tak, aby obraz prodali. Chovaj\u00ed se zkr\u00e1tka \u00fapln\u011b svobodn\u011b.\u00a0P\u0159\u00edkladem svobodomyslnosti je jedna z\u00a0na\u0161ich um\u011blky\u0148 D\u00e1\u0161a Fil\u00edpkov\u00e1, kter\u00e1 kdy\u017e na v\u00fdstav\u011b\u00a0zjistila, \u017ee se prod\u00e1v\u00e1 jej\u00ed obraz, reagovala\u00a0slovy: To nevad\u00ed. (sm\u00edch) Rodi\u010de \u010di jin\u00ed jejich bl\u00edzc\u00ed je \u010dasto v\u00a0dobr\u00e9 v\u00ed\u0159e cht\u011bj\u00ed sm\u011brovat a\u00a0\u0159\u00edkaj\u00ed jim, tohle ne, maluj n\u011bco jin\u00e9ho, nebo je stra\u0161n\u011b podce\u0148uj\u00ed. Jen\u017ee pr\u00e1v\u011b t\u00edm je paradoxn\u011b handicapuj\u00ed, jejich vlastn\u00ed handicap v\u00a0tomto\u00a0ohledu nen\u00ed \u017e\u00e1dnou p\u0159ek\u00e1\u017ekou. Um\u011blci art brut \u010dasto maluj\u00ed podv\u011bdom\u011b, p\u0159esto anebo\u00a0pr\u00e1v\u011b proto jsou jejich v\u00fdsledky neopakovateln\u00e9. Maluj\u00ed p\u0159irozen\u011b a\u00a0svobodn\u011b.\u00a0\u25cb<\/p>\r\n<hr \/>\r\n<p><strong>Ateli\u00e9r radostn\u00e9 tvorby &amp; KKC Art<\/strong><br \/>\r\nNad Kr\u00e1lovskou oborou 55, Praha&nbsp;7<br \/>\r\n\u2192\u00a0<a href=\"http:\/\/www.altanart.cz\">www.altanart.cz<\/a><\/p>\r\n<p>Galerie Art brut<br \/>\r\n\u2192\u00a0<a href=\"http:\/\/www.artbrutpraha.cz\">www.artbrutpraha.cz<\/a><\/p>\r\n<hr \/>\r\n<p><strong>Vladim\u00edr Dr\u00e1bek<\/strong>\u00a0(*1952) \u017eije od dvou let v\u00a0Praze 7, nav\u0161t\u011bvoval ZD\u0160 Strossmayerovo n\u00e1m\u011bst\u00ed a\u00a0SVV\u0160 Nad \u0160tolou, pot\u00e9 vystudoval Matematicko-fyzik\u00e1ln\u00ed fakultu UK a\u00a0n\u00e1sledn\u011b se v\u011bnoval problematice m\u011bstsk\u00e9 dopravy v\u00a0Praze v\u00a0\u00dastavu dopravn\u00edho in\u017een\u00fdrstv\u00ed. V\u00a0devades\u00e1t\u00fdch letech byl prvn\u00edm porevolu\u010dn\u00edm starostou Prahy&nbsp;7 a\u00a0n\u00e1m\u011bstkem prim\u00e1tora pro kulturu a\u00a0sport. D\u00e1le p\u016fsobil v\u00a0Pra\u017esk\u00e9m mezin\u00e1rodn\u00edm maratonu a\u00a0jako \u0159editel v\u00a0Asociaci Sparty. Zalo\u017eil spolek Alt\u00e1n Art, kter\u00fd provozuje kreativn\u00ed v\u00fdtvarn\u00fd Ateli\u00e9r radostn\u00e9 tvorby a\u00a0Kulturn\u011b komunitn\u00ed centrum Art na Letn\u00e9. V\u011bnuje se organizaci kulturn\u00edch a\u00a0sportovn\u00edch projekt\u016f. Ka\u017ed\u00fd rok organizuje a\u00a0absolvuje p\u011b\u0161\u00ed pou\u0165 do italsk\u00e9ho m\u011bsta Orvieto a\u00a0po stop\u00e1ch Karla Hynka M\u00e1chy Pou\u0165 krkono\u0161skou z\u00a0Prahy na Sn\u011b\u017eku.<\/p>","protected":false},"excerpt":{"rendered":"[perex] Zakladatel Ateli\u00e9ru radostn\u00e9 tvorby a\u00a0Kulturn\u011b komunitn\u00edho centra Art nebo prvn\u00ed polistopadov\u00fd starosta Prahy&nbsp;7, kter\u00fd st\u00e1l u\u00a0zrodu Hobuletu. T\u00edm v\u0161\u00edm a\u00a0mnohem v\u00edc je Vladim\u00edr Dr\u00e1bek, mu\u017e mnoha tv\u00e1\u0159\u00ed, nad\u0161en\u00fd sportovec, poutn\u00edk a\u00a0milovn\u00edk um\u011bn\u00ed. Pov\u00eddali jsme si o\u00a0jeho starostov\u00e1n\u00ed na Sedmi\u010dce a\u00a0nev\u0161edn\u00edm\u00a0um\u011bn\u00ed art brut, kter\u00e9mu se v\u00a0kreativn\u00edm v\u00fdtvarn\u00e9m ateli\u00e9ru A.R.T. v\u011bnuj\u00ed jedinci marginalizovan\u00ed spole\u010dnost\u00ed, nadan\u00ed um\u011blci [&hellip;]","protected":false},"author":292,"featured_media":64597,"comment_status":"closed","ping_status":"open","sticky":false,"template":"","format":"standard","meta":[],"categories":[37],"tags":[],"_links":{"self":[{"href":"https:\/\/www.praha7.cz\/api\/wp\/v2\/posts\/64595"}],"collection":[{"href":"https:\/\/www.praha7.cz\/api\/wp\/v2\/posts"}],"about":[{"href":"https:\/\/www.praha7.cz\/api\/wp\/v2\/types\/post"}],"author":[{"embeddable":true,"href":"https:\/\/www.praha7.cz\/api\/wp\/v2\/users\/292"}],"replies":[{"embeddable":true,"href":"https:\/\/www.praha7.cz\/api\/wp\/v2\/comments?post=64595"}],"version-history":[{"count":9,"href":"https:\/\/www.praha7.cz\/api\/wp\/v2\/posts\/64595\/revisions"}],"predecessor-version":[{"id":64632,"href":"https:\/\/www.praha7.cz\/api\/wp\/v2\/posts\/64595\/revisions\/64632"}],"wp:featuredmedia":[{"embeddable":true,"href":"https:\/\/www.praha7.cz\/api\/wp\/v2\/media\/64597"}],"wp:attachment":[{"href":"https:\/\/www.praha7.cz\/api\/wp\/v2\/media?parent=64595"}],"wp:term":[{"taxonomy":"category","embeddable":true,"href":"https:\/\/www.praha7.cz\/api\/wp\/v2\/categories?post=64595"},{"taxonomy":"post_tag","embeddable":true,"href":"https:\/\/www.praha7.cz\/api\/wp\/v2\/tags?post=64595"}],"curies":[{"name":"wp","href":"https:\/\/api.w.org\/{rel}","templated":true}]}}