    
{"id":64574,"date":"2023-02-24T12:00:13","date_gmt":"2023-02-24T11:00:13","guid":{"rendered":"https:\/\/www.praha7.cz\/?p=64574"},"modified":"2023-03-07T14:38:18","modified_gmt":"2023-03-07T13:38:18","slug":"pozvanka-na-2-radne-zasedani-zastupitelstva-mc-praha-7-5","status":"publish","type":"post","link":"https:\/\/www.praha7.cz\/pozvanka-na-2-radne-zasedani-zastupitelstva-mc-praha-7-5\/","title":{"rendered":"Pozv\u00e1nka na 2.&nbsp;\u0159\u00e1dn\u00e9 zased\u00e1n\u00ed Zastupitelstva M\u010c Praha&nbsp;7"},"content":{"rendered":"<p style=\"text-align: justify;\">[perex]<\/p>\r\n<p style=\"text-align: justify;\">2.&nbsp;\u0159\u00e1dn\u00e9 zased\u00e1n\u00ed Zastupitelstva M\u010c Praha\u00a07 se kon\u00e1 v\u00a0pond\u011bl\u00ed 6.&nbsp;b\u0159ezna 2023 od 17.00 hodin.<\/p>\r\n<p style=\"text-align: justify;\">P\u0159enos zased\u00e1n\u00ed m\u016f\u017eete sledovat\u00a0<a href=\"https:\/\/www.youtube.com\/watch?v=J_e5NiLJ-Nw\">ZDE<\/a>.\u00a0<\/p>\r\n<p style=\"text-align: justify;\">Materi\u00e1ly k&nbsp;2.\u00a0\u0159\u00e1dn\u00e9mu zased\u00e1n\u00ed Zastupitelstva M\u010c Praha\u00a07 najdete <a href=\"https:\/\/usneseni.praha7.cz\/usneseni\/jednani\/63\" target=\"_blank\" rel=\"noopener\">ZDE<\/a>.<\/p>\r\n<p style=\"text-align: justify;\">[\/perex]<\/p>\r\n<p style=\"text-align: justify;\"><strong>Program 2.\u00a0\u0159\u00e1dn\u00e9ho zased\u00e1n\u00ed Zastupitelstva M\u010c Praha\u00a07\u00a0<\/strong><\/p>\r\n<ul>\r\n\t<li style=\"text-align: justify;\">Pravideln\u00fd bod programu za\u0159azen\u00fd za bod \u010d. 2 \u2013 Dotazy a&nbsp;p\u0159ipom\u00ednky ob\u010dan\u016f 1<\/li>\r\n\t<li style=\"text-align: justify;\">Pravideln\u00fd bod programu za\u0159azen\u00fd pevn\u011b na 18 hodinu \u2013 Dotazy a&nbsp;p\u0159ipom\u00ednky ob\u010dan\u016f 2\u00a0<\/li>\r\n<\/ul>\r\n<p style=\"text-align: justify;\"><strong>1.<\/strong>\u00a0Zah\u00e1jen\u00ed a&nbsp;schv\u00e1len\u00ed programu<\/p>\r\n<p style=\"text-align: justify;\"><strong>2.\u00a0<\/strong>Volba n\u00e1vrhov\u00e9ho a&nbsp;volebn\u00edho v\u00fdboru Z&nbsp;M\u010c P7<\/p>\r\n<p style=\"text-align: justify;\"><strong>3.<\/strong>\u00a0N\u00c1VRH k&nbsp;volb\u011b p\u0159\u00edsed\u00edc\u00edch Obvodn\u00edho soudu pro Prahu 7<\/p>\r\n<p style=\"text-align: justify;\"><strong>4.\u00a0<\/strong>N\u00c1VRH k&nbsp;poskytnut\u00ed 8 kus\u016f benz\u00ednov\u00fdch elektrocentr\u00e1l HGG 8000X formou daru jako\u00a0humanit\u00e1rn\u00ed pomoc ukrajinsk\u00e9mu m\u011bstu Chust<\/p>\r\n<p style=\"text-align: justify;\"><strong>5.\u00a0<\/strong>N\u00c1VRH k&nbsp;prominut\u00ed a&nbsp;odpisu pohled\u00e1vek v\u010detn\u011b vy\u00fa\u010dtov\u00e1n\u00ed slu\u017eeb \u2013 byty neu\u017e\u00edvan\u00e9,\u00a0byty zem\u0159el\u00fdch, nebytov\u00e9 prostory neu\u017e\u00edvan\u00e9<\/p>\r\n<p style=\"text-align: justify;\"><strong>6.<\/strong>\u00a0N\u00c1VRH k&nbsp;za\u0159azen\u00ed nov\u00e9 investi\u010dn\u00ed akce do upraven\u00e9ho rozpo\u010dtu v\u00fddaj\u016f ORJ 0227,\u00a0ORVP &#8211; v\u010detn\u011b realizace p\u0159\u00edslu\u0161n\u00e9ho rozpo\u010dtov\u00e9ho opat\u0159en\u00ed m\u011bs\u00edce b\u0159ezna 2023 &#8211; a&nbsp;to\u00a0v celkov\u00e9m objemu finan\u010dn\u00edch prost\u0159edk\u016f 250&nbsp;000,00,- K\u010d (rozpo\u010dtov\u011b 250,0 tis. K\u010d)<\/p>\r\n<p style=\"text-align: justify;\"><strong>7.\u00a0<\/strong>N\u00c1VRH k&nbsp;p\u0159eveden\u00ed 8 ks sloup\u016f ve\u0159ejn\u00e9ho osv\u011btlen\u00ed do majetku Hlavn\u00edho m\u011bsta\u00a0Prahy<\/p>\r\n<p style=\"text-align: justify;\"><strong>8.<\/strong>\u00a0N\u00c1VRH k&nbsp;poskytnut\u00ed individu\u00e1ln\u00edch dotac\u00ed v&nbsp;oblasti soci\u00e1ln\u00ed a&nbsp;zdravotn\u00ed dle \u017e\u00e1dost\u00ed\u00a0podan\u00fdch v&nbsp;lednu 2023<\/p>\r\n<p style=\"text-align: justify;\"><strong>9.\u00a0<\/strong>INFORMACE o&nbsp;stavu rozvoje VR\u00da Bubny-Z\u00e1tory<\/p>\r\n<p style=\"text-align: justify;\"><strong>10.<\/strong> INFORMACE o&nbsp;\u010dinnosti Rady M\u010c Praha&nbsp;7 a&nbsp;pln\u011bn\u00ed \u00fakol\u016f ulo\u017een\u00fdch Rad\u011b M\u010c Praha&nbsp;7\u00a0Zastupitelstvem M\u010c Praha&nbsp;7 v&nbsp;obdob\u00ed mezi 1.&nbsp;a&nbsp;2.&nbsp;zased\u00e1n\u00edm Zastupitelstva v\u00a0roce\u00a02023<\/p>\r\n<p style=\"text-align: justify;\"><strong>11.<\/strong> INFORMACE o&nbsp;\u010dinnosti Kontroln\u00edho v\u00fdboru Zastupitelstva M\u010c Praha&nbsp;7 obdob\u00ed mezi\u00a01.&nbsp;a&nbsp;2.&nbsp;zased\u00e1n\u00edm Zastupitelstva M\u010c P7 v&nbsp;roce 2023<\/p>\r\n<p style=\"text-align: justify;\"><strong>12.<\/strong> INFORMACE o&nbsp;\u010dinnosti Finan\u010dn\u00edho v\u00fdboru Zastupitelstva M\u010c Praha&nbsp;7 v&nbsp;obdob\u00ed mezi\u00a01.&nbsp;a&nbsp;2.&nbsp;zased\u00e1n\u00edm Zastupitelstva M\u010c Praha&nbsp;7 v&nbsp;roce 2023<\/p>\r\n<p style=\"text-align: justify;\"><strong>13.\u00a0<\/strong>INFORMACE o&nbsp;\u010dinnosti V\u00fdboru pro vzd\u011bl\u00e1v\u00e1n\u00ed, soci\u00e1ln\u00ed politiku a&nbsp;zdravotnictv\u00ed\u00a0Zastupitelstva M\u010c Praha&nbsp;7 v&nbsp;obdob\u00ed mezi 1.&nbsp;a&nbsp;2.&nbsp;zased\u00e1n\u00edm Zastupitelstva M\u010c Praha\u00a07 v&nbsp;roce 2023<\/p>\r\n<p style=\"text-align: justify;\"><strong>14.<\/strong> Dopisy, adresovan\u00e9 Z&nbsp;M\u010c P7<\/p>\r\n<p style=\"text-align: justify;\"><strong>15.<\/strong> R\u016fzn\u00e9<\/p>\r\n<p style=\"text-align: justify;\"><strong>16.<\/strong> Z\u00e1v\u011br<\/p>\r\n<p style=\"text-align: justify;\">Mgr. Jan \u010ci\u017einsk\u00fd<br \/>\r\nStarosta m\u011bstsk\u00e9 \u010d\u00e1sti Praha&nbsp;7<\/p>","protected":false},"excerpt":{"rendered":"[perex] 2.&nbsp;\u0159\u00e1dn\u00e9 zased\u00e1n\u00ed Zastupitelstva M\u010c Praha\u00a07 se kon\u00e1 v\u00a0pond\u011bl\u00ed 6.&nbsp;b\u0159ezna 2023 od 17.00 hodin. P\u0159enos zased\u00e1n\u00ed m\u016f\u017eete sledovat\u00a0ZDE.\u00a0 Materi\u00e1ly k&nbsp;2.\u00a0\u0159\u00e1dn\u00e9mu zased\u00e1n\u00ed Zastupitelstva M\u010c Praha\u00a07 najdete ZDE. [\/perex] Program 2.\u00a0\u0159\u00e1dn\u00e9ho zased\u00e1n\u00ed Zastupitelstva M\u010c Praha\u00a07\u00a0 Pravideln\u00fd bod programu za\u0159azen\u00fd za bod \u010d. 2 \u2013 Dotazy a&nbsp;p\u0159ipom\u00ednky ob\u010dan\u016f 1 Pravideln\u00fd bod programu za\u0159azen\u00fd pevn\u011b na 18 hodinu \u2013 [&hellip;]","protected":false},"author":14,"featured_media":33780,"comment_status":"closed","ping_status":"open","sticky":false,"template":"","format":"standard","meta":[],"categories":[34],"tags":[],"_links":{"self":[{"href":"https:\/\/www.praha7.cz\/api\/wp\/v2\/posts\/64574"}],"collection":[{"href":"https:\/\/www.praha7.cz\/api\/wp\/v2\/posts"}],"about":[{"href":"https:\/\/www.praha7.cz\/api\/wp\/v2\/types\/post"}],"author":[{"embeddable":true,"href":"https:\/\/www.praha7.cz\/api\/wp\/v2\/users\/14"}],"replies":[{"embeddable":true,"href":"https:\/\/www.praha7.cz\/api\/wp\/v2\/comments?post=64574"}],"version-history":[{"count":6,"href":"https:\/\/www.praha7.cz\/api\/wp\/v2\/posts\/64574\/revisions"}],"predecessor-version":[{"id":64894,"href":"https:\/\/www.praha7.cz\/api\/wp\/v2\/posts\/64574\/revisions\/64894"}],"wp:featuredmedia":[{"embeddable":true,"href":"https:\/\/www.praha7.cz\/api\/wp\/v2\/media\/33780"}],"wp:attachment":[{"href":"https:\/\/www.praha7.cz\/api\/wp\/v2\/media?parent=64574"}],"wp:term":[{"taxonomy":"category","embeddable":true,"href":"https:\/\/www.praha7.cz\/api\/wp\/v2\/categories?post=64574"},{"taxonomy":"post_tag","embeddable":true,"href":"https:\/\/www.praha7.cz\/api\/wp\/v2\/tags?post=64574"}],"curies":[{"name":"wp","href":"https:\/\/api.w.org\/{rel}","templated":true}]}}