    
{"id":64509,"date":"2023-03-27T06:56:01","date_gmt":"2023-03-27T04:56:01","guid":{"rendered":"https:\/\/www.praha7.cz\/?p=64509"},"modified":"2023-03-31T09:38:53","modified_gmt":"2023-03-31T07:38:53","slug":"breznove-se-starostou-u-stolu-2","status":"publish","type":"post","link":"https:\/\/www.praha7.cz\/breznove-se-starostou-u-stolu-2\/","title":{"rendered":"B\u0159eznov\u00e9 Se starostou u&nbsp;stolu"},"content":{"rendered":"<p>[perex]<\/p>\r\n<p>Srde\u010dn\u011b v\u00e1s zveme na \u010dtvrtek 30.\u00a0b\u0159ezna 2023 od 18 hodin na setk\u00e1n\u00ed Se starostou u&nbsp;stolu v\u00a0restauraci Pod P\u00e1rou (Jankovcova 49). V\u00a0r\u00e1mci obl\u00edben\u00e9ho cyklu neform\u00e1ln\u00edch posezen\u00ed se m\u016f\u017eete potkat se starostou Janem \u010ci\u017einsk\u00fdm a&nbsp;m\u00edstostarostou Kamilem Vav\u0159incem Mare\u0161em (majetek). T\u011b\u0161\u00edme se na v\u00e1s, zastavte se kdykoli mezi 18.00 a&nbsp;20.30.<\/p>\r\n<p>[\/perex]<\/p>\r\n<p><a href=\"https:\/\/www.praha7.cz\/wp-content\/uploads\/2023\/03\/mapa-restaurace-pod-p\u00e1rou.png\"><img loading=\"lazy\" src=\"https:\/\/www.praha7.cz\/wp-content\/uploads\/2023\/03\/mapa-restaurace-pod-p\u00e1rou.png\" alt=\"\" width=\"1025\" height=\"836\" class=\"alignnone wp-image-65520 size-full\" srcset=\"https:\/\/www.praha7.cz\/wp-content\/uploads\/2023\/03\/mapa-restaurace-pod-p\u00e1rou.png 1025w, https:\/\/www.praha7.cz\/wp-content\/uploads\/2023\/03\/mapa-restaurace-pod-p\u00e1rou-490x400.png 490w, https:\/\/www.praha7.cz\/wp-content\/uploads\/2023\/03\/mapa-restaurace-pod-p\u00e1rou-768x626.png 768w\" sizes=\"(max-width: 1025px) 100vw, 1025px\" \/><\/a><\/p>","protected":false},"excerpt":{"rendered":"[perex] Srde\u010dn\u011b v\u00e1s zveme na \u010dtvrtek 30.\u00a0b\u0159ezna 2023 od 18 hodin na setk\u00e1n\u00ed Se starostou u&nbsp;stolu v\u00a0restauraci Pod P\u00e1rou (Jankovcova 49). V\u00a0r\u00e1mci obl\u00edben\u00e9ho cyklu neform\u00e1ln\u00edch posezen\u00ed se m\u016f\u017eete potkat se starostou Janem \u010ci\u017einsk\u00fdm a&nbsp;m\u00edstostarostou Kamilem Vav\u0159incem Mare\u0161em (majetek). T\u011b\u0161\u00edme se na v\u00e1s, zastavte se kdykoli mezi 18.00 a&nbsp;20.30. [\/perex]","protected":false},"author":251,"featured_media":61971,"comment_status":"closed","ping_status":"open","sticky":false,"template":"","format":"standard","meta":[],"categories":[34],"tags":[],"_links":{"self":[{"href":"https:\/\/www.praha7.cz\/api\/wp\/v2\/posts\/64509"}],"collection":[{"href":"https:\/\/www.praha7.cz\/api\/wp\/v2\/posts"}],"about":[{"href":"https:\/\/www.praha7.cz\/api\/wp\/v2\/types\/post"}],"author":[{"embeddable":true,"href":"https:\/\/www.praha7.cz\/api\/wp\/v2\/users\/251"}],"replies":[{"embeddable":true,"href":"https:\/\/www.praha7.cz\/api\/wp\/v2\/comments?post=64509"}],"version-history":[{"count":2,"href":"https:\/\/www.praha7.cz\/api\/wp\/v2\/posts\/64509\/revisions"}],"predecessor-version":[{"id":65521,"href":"https:\/\/www.praha7.cz\/api\/wp\/v2\/posts\/64509\/revisions\/65521"}],"wp:featuredmedia":[{"embeddable":true,"href":"https:\/\/www.praha7.cz\/api\/wp\/v2\/media\/61971"}],"wp:attachment":[{"href":"https:\/\/www.praha7.cz\/api\/wp\/v2\/media?parent=64509"}],"wp:term":[{"taxonomy":"category","embeddable":true,"href":"https:\/\/www.praha7.cz\/api\/wp\/v2\/categories?post=64509"},{"taxonomy":"post_tag","embeddable":true,"href":"https:\/\/www.praha7.cz\/api\/wp\/v2\/tags?post=64509"}],"curies":[{"name":"wp","href":"https:\/\/api.w.org\/{rel}","templated":true}]}}