    
{"id":64464,"date":"2023-02-22T11:16:45","date_gmt":"2023-02-22T10:16:45","guid":{"rendered":"https:\/\/www.praha7.cz\/?p=64464"},"modified":"2023-02-22T12:19:08","modified_gmt":"2023-02-22T11:19:08","slug":"uklidme-sedmicku-jaro-2023","status":"publish","type":"post","link":"https:\/\/www.praha7.cz\/uklidme-sedmicku-jaro-2023\/","title":{"rendered":"Ukli\u010fme Sedmi\u010dku \u2013 jaro 2023"},"content":{"rendered":"<p>[perex]<\/p>\r\n<p>Praha&nbsp;7 se op\u011bt zapoj\u00ed do celorepublikov\u00e9 akce Ukli\u010fme \u010cesko. Tradi\u010dn\u00ed jarn\u00ed \u00faklid ve sv\u00e9m okol\u00ed mohou zorganizovat tak\u00e9 dal\u0161\u00ed skupiny soused\u016f, p\u0159\u00e1tel \u010di koleg\u016f. Hlavn\u00ed jarn\u00ed \u00faklidov\u00fd den p\u0159ipad\u00e1 na sobotu 1.&nbsp;dubna 2023. Ji\u017e nyn\u00ed si m\u016f\u017eete napl\u00e1novat a&nbsp;hlavn\u011b zaregistrovat sv\u016fj \u00faklid na: <a href=\"https:\/\/www.uklidmecesko.cz\/\">www.uklidmecesko.cz<\/a><\/p>\r\n<p>[\/perex]<\/p>\r\n<p>D\u00edky registraci se o&nbsp;v\u00e1mi organizovan\u00e9 \u00faklidov\u00e9 akci dozv\u011bd\u00ed dal\u0161\u00ed potenci\u00e1ln\u00ed dobrovoln\u00edci, kte\u0159\u00ed se k\u00a0v\u00e1m mohou p\u0159ipojit. Organiz\u00e1to\u0159i Ukli\u010fme \u010cesko nab\u00edz\u00ed tak\u00e9 zasl\u00e1n\u00ed \u00faklidov\u00fdch bal\u00ed\u010dk\u016f, v&nbsp;nich\u017e najdete pytle na odpad a&nbsp;rukavice.<strong> \u017d\u00e1dost o&nbsp;bal\u00ed\u010dek je nutn\u00e9 vyplnit do 9.&nbsp;b\u0159ezna 2023.<\/strong><\/p>\r\n<p>Skupiny, kter\u00e9 si na 1.&nbsp;dubna napl\u00e1nuj\u00ed \u00faklid v\u00a0Praze 7, si mohou na radnici m\u011bstsk\u00e9 \u010d\u00e1sti domluvit odvoz sesb\u00edran\u00e9ho odpadu. Zkonzultovat s\u00a0n\u00e1mi m\u016f\u017eete tak\u00e9 v\u00fdb\u011br vhodn\u00fdch lokalit pro va\u0161i \u00faklidovou akci. V\u00a0p\u0159\u00edpad\u011b z\u00e1jmu se obra\u0165te na odd\u011blen\u00ed p\u00e9\u010de o&nbsp;ve\u0159ejn\u00fd prostor, tel.: 603721206, e-mail: <a href=\"mailto:BatekT@Praha7.cz\">BatekT@Praha7.cz<\/a><\/p>","protected":false},"excerpt":{"rendered":"[perex] Praha&nbsp;7 se op\u011bt zapoj\u00ed do celorepublikov\u00e9 akce Ukli\u010fme \u010cesko. Tradi\u010dn\u00ed jarn\u00ed \u00faklid ve sv\u00e9m okol\u00ed mohou zorganizovat tak\u00e9 dal\u0161\u00ed skupiny soused\u016f, p\u0159\u00e1tel \u010di koleg\u016f. Hlavn\u00ed jarn\u00ed \u00faklidov\u00fd den p\u0159ipad\u00e1 na sobotu 1.&nbsp;dubna 2023. Ji\u017e nyn\u00ed si m\u016f\u017eete napl\u00e1novat a&nbsp;hlavn\u011b zaregistrovat sv\u016fj \u00faklid na: www.uklidmecesko.cz [\/perex] D\u00edky registraci se o&nbsp;v\u00e1mi organizovan\u00e9 \u00faklidov\u00e9 akci dozv\u011bd\u00ed dal\u0161\u00ed [&hellip;]","protected":false},"author":5,"featured_media":64466,"comment_status":"closed","ping_status":"open","sticky":false,"template":"","format":"standard","meta":[],"categories":[34],"tags":[],"_links":{"self":[{"href":"https:\/\/www.praha7.cz\/api\/wp\/v2\/posts\/64464"}],"collection":[{"href":"https:\/\/www.praha7.cz\/api\/wp\/v2\/posts"}],"about":[{"href":"https:\/\/www.praha7.cz\/api\/wp\/v2\/types\/post"}],"author":[{"embeddable":true,"href":"https:\/\/www.praha7.cz\/api\/wp\/v2\/users\/5"}],"replies":[{"embeddable":true,"href":"https:\/\/www.praha7.cz\/api\/wp\/v2\/comments?post=64464"}],"version-history":[{"count":3,"href":"https:\/\/www.praha7.cz\/api\/wp\/v2\/posts\/64464\/revisions"}],"predecessor-version":[{"id":64472,"href":"https:\/\/www.praha7.cz\/api\/wp\/v2\/posts\/64464\/revisions\/64472"}],"wp:featuredmedia":[{"embeddable":true,"href":"https:\/\/www.praha7.cz\/api\/wp\/v2\/media\/64466"}],"wp:attachment":[{"href":"https:\/\/www.praha7.cz\/api\/wp\/v2\/media?parent=64464"}],"wp:term":[{"taxonomy":"category","embeddable":true,"href":"https:\/\/www.praha7.cz\/api\/wp\/v2\/categories?post=64464"},{"taxonomy":"post_tag","embeddable":true,"href":"https:\/\/www.praha7.cz\/api\/wp\/v2\/tags?post=64464"}],"curies":[{"name":"wp","href":"https:\/\/api.w.org\/{rel}","templated":true}]}}