    
{"id":64407,"date":"2023-02-20T13:52:47","date_gmt":"2023-02-20T12:52:47","guid":{"rendered":"https:\/\/www.praha7.cz\/?p=64407"},"modified":"2024-10-16T13:24:37","modified_gmt":"2024-10-16T11:24:37","slug":"modernizace-zeleznice-stavebni-prace-a-opatreni","status":"publish","type":"post","link":"https:\/\/www.praha7.cz\/modernizace-zeleznice-stavebni-prace-a-opatreni\/","title":{"rendered":"Modernizace \u017eeleznice: stavebn\u00ed pr\u00e1ce a&nbsp;opat\u0159en\u00ed"},"content":{"rendered":"<p>[perex]<\/p>\r\n<p>Modernizace trati Praha\u2013Kladno s&nbsp;p\u0159ipojen\u00edm Leti\u0161t\u011b V\u00e1clava Havla je prioritn\u00ed dopravn\u00ed stavbou \u010desk\u00e9 vl\u00e1dy a&nbsp;jedn\u00edm z&nbsp;nejrozs\u00e1hlej\u0161\u00edch p\u0159ipravovan\u00fdch infrastrukturn\u00edch projekt\u016f v&nbsp;\u010cR.<\/p>\r\n<p><a href=\"https:\/\/www.praha7.cz\/modernizace-trati-mezi-bubny-a-vystavistem\/\">Dne 12.&nbsp;1.&nbsp;2023 byla ofici\u00e1ln\u011b zah\u00e1jena realizace \u00faseku Bubny \u2013 V\u00fdstavi\u0161t\u011b.<\/a><\/p>\r\n<p>V tomto \u010dl\u00e1nku uv\u00e1d\u00edme informace o&nbsp;postupu stavby, omezen\u00ed v&nbsp;doprav\u011b, z\u00e1saz\u00edch v&nbsp;zeleni a&nbsp;dal\u0161\u00edch d\u016fle\u017eit\u00fdch opat\u0159en\u00ed a&nbsp;sd\u011blen\u00ed pro ve\u0159ejnost.<\/p>\r\n<p>Z\u00e1jemci o\u00a0bli\u017e\u0161\u00ed informace o\u00a0pr\u016fb\u011bhu stavby se mohou obracet na Spr\u00e1vu \u017eeleznic prost\u0159ednictv\u00edm e-mailu:\u00a0\u00a0<a href=\"mailto:Schreierova@spravazeleznic.cz\">Schreierova@spravazeleznic.cz<\/a><\/p>\r\n<p><a href=\"https:\/\/www.praha7.cz\/do-dukelskych-hrdinu-se-vraci-tramvaje-stross-bude-privetivejsi-pro-chodce-a-vstricnejsi-k-mhd\/\">Zde najdete aktu\u00e1ln\u00ed p\u0159ehled dopravn\u00edch opat\u0159en\u00ed.<\/a><\/p>\r\n<p><span style=\"color: #000000;\">V pond\u011bl\u00ed 19.&nbsp;\u00fanora 2024 od 17 hodin se v&nbsp;prostor\u00e1ch p\u0159\u00edzem\u00ed hotelu Mama Shelter uskute\u010dnila ve\u0159ejn\u00e1 prezentace koncep\u010dn\u00ed studie okol\u00ed estak\u00e1dy u&nbsp;V\u00fdstavi\u0161t\u011b. V\u00edce <a href=\"https:\/\/www.praha7.cz\/probehlo-setkani-nad-navrhem-koncepcni-studie-okoli-estakady-u-vystaviste\/\">zde<\/a>.\u00a0<\/span><\/p>\r\n<p>&nbsp;<\/p>\r\n<p>[\/perex]<\/p>\r\n<h3>Pl\u00e1novan\u00fd v\u00fdvoj stavby a\u00a0souvisej\u00edc\u00ed omezen\u00ed<\/h3>\r\n<p><strong>Aktu\u00e1ln\u011b:<\/strong><\/p>\r\n<p><strong>V platnosti jsou dlouhodob\u00e9 uzav\u00edrky pro automobilovou dopravu:<\/strong><\/p>\r\n<ul>\r\n\t<li>Ulice Dukelsk\u00fdch hrdin\u016f, v\u010detn\u011b p\u0159ilehl\u00fdch k\u0159i\u017eovatek, p\u0159es l\u00e9to bude uzav\u0159ena tak\u00e9 k\u0159i\u017eovatka Dukelsk\u00fdch hrdin\u016f x Veletr\u017en\u00ed\u00a0<\/li>\r\n\t<li>Pr\u016fjezd z&nbsp;Dukelsk\u00fdch hrdin\u016f k&nbsp;V\u00fdstavi\u0161ti\u00a0<\/li>\r\n\t<li>U V\u00fdstavi\u0161t\u011b \u2013 Partyz\u00e1nsk\u00e1 po ulici Na Z\u00e1tor\u00e1ch, v\u010detn\u011b pokra\u010dov\u00e1n\u00ed touto ulic\u00ed ve sm\u011bru j\u00edzdy k&nbsp;vestibulu stanice metra Hole\u0161ovice.<\/li>\r\n\t<li>Strojnick\u00e1 u&nbsp;Policejn\u00edho prezidia<\/li>\r\n\t<li>Pro p\u011b\u0161\u00ed a&nbsp;cyklisty je sm\u011brem k&nbsp;V\u00fdstavi\u0161ti umo\u017en\u011bn pr\u016fchod p\u0159es stavbu z&nbsp;ul. Strojnick\u00e1 v&nbsp;bl\u00edzkosti ul. Dukelsk\u00fdch hrdin\u016f.<\/li>\r\n<\/ul>\r\n<p>&nbsp;<\/p>\r\n<p>Spr\u00e1va \u017eeleznic se zhotoviteli pr\u016fb\u011b\u017en\u011b finalizuje podrobn\u00fd harmonogram prac\u00ed, n\u00e1vazn\u00fdch uzav\u00edrek a&nbsp;dopravn\u00edch opat\u0159en\u00ed. C\u00edlem \u00fazk\u00e9 koordinace stavebn\u00ed \u010dinnosti je, aby pr\u00e1ce prob\u00edhaly maxim\u00e1ln\u011b efektivn\u011b a&nbsp;s&nbsp;co nejmen\u0161\u00edm dopadem na obyvatele m\u011bstsk\u00e9 \u010d\u00e1sti Praha&nbsp;7. Konkr\u00e9tn\u00ed data jsou postupn\u011b up\u0159es\u0148ov\u00e1na a&nbsp;uzav\u00edrky podrobn\u011bji pops\u00e1ny v&nbsp;odkazu v\u00fd\u0161e.\u00a0<\/p>\r\n<p>&nbsp;<\/p>\r\n<h3><a href=\"https:\/\/www.praha7.cz\/wp-content\/uploads\/2023\/02\/MT-Bubny-Vystaviste-prehledny-HMG-2023_10_26.pdf\">R\u00e1mcov\u00fd p\u0159ehled pl\u00e1novan\u00fdch prac\u00ed najdete zde.<\/a> *<\/h3>\r\n<p><em>* Uveden\u00e9 term\u00edny se mohou b\u011bhem realizace stavby m\u011bnit.<\/em><\/p>\r\n<p>&nbsp;<\/p>\r\n<h3>Z\u00e1sahy v&nbsp;zeleni<\/h3>\r\n<p>S rozs\u00e1hlou a&nbsp;v\u00fdznamnou dopravn\u00ed stavbou, jako je modernizace \u017eelezni\u010dn\u00ed trati, se bohu\u017eel nevyhnuteln\u011b poj\u00ed tak\u00e9 k\u00e1cen\u00ed d\u0159evin a&nbsp;dal\u0161\u00ed z\u00e1sahy v\u00a0zeleni.<\/p>\r\n<p>V r\u00e1mci realizace stavby dojde ke zdvoukolejn\u011bn\u00ed trati sm\u011brem do Dejvic a&nbsp;vybudov\u00e1n\u00ed nov\u00e9 zast\u00e1vky Praha \u2013 V\u00fdstavi\u0161t\u011b, kter\u00e1 je situov\u00e1na na hranici p\u0159\u00edrodn\u00ed a&nbsp;kulturn\u00ed pam\u00e1tky Kr\u00e1lovsk\u00e1 obora. Ve\u0161ker\u00e9 souvisej\u00edc\u00ed pr\u00e1ce v&nbsp;dot\u010den\u00fdch oblastech jsou projedn\u00e1ny, odsouhlaseny a&nbsp;kontrolov\u00e1ny p\u0159\u00edslu\u0161n\u00fdmi org\u00e1ny ochrany \u017eivotn\u00edho prost\u0159ed\u00ed. Jednotliv\u00e9 d\u0159eviny byly p\u0159ed zah\u00e1jen\u00edm prac\u00ed ozna\u010deny a&nbsp;zapojen\u00e9 porosty geodeticky vyty\u010deny. Na dot\u010den\u00fdch m\u00edstech prob\u011bhla kontroln\u00ed a&nbsp;koordina\u010dn\u00ed setk\u00e1n\u00ed za \u00fa\u010dasti arborist\u016f a&nbsp;pracovn\u00edk\u016f ochrany prost\u0159ed\u00ed, na nich\u017e bylo potvrzeno, \u017ee stavba nezasahuje mimo nezbytnou oblast a&nbsp;nach\u00e1z\u00ed se v&nbsp;re\u017eimu povolen\u00ed.<\/p>\r\n<p><strong>Nov\u00e1 v\u00fdsadba<\/strong><\/p>\r\n<p>Sou\u010d\u00e1sti stavby je tak\u00e9 v\u00fdsadba zelen\u011b a&nbsp;sadov\u00e9 \u00fapravy v\u00a0oblasti nov\u00e9 \u017eelezni\u010dn\u00ed stanice Praha \u2013 Bubny, Pam\u00e1tn\u00edku ticha a&nbsp;ulice Strojnick\u00e1, kter\u00e9 vznikly na z\u00e1klad\u011b architektonick\u00fdch studi\u00ed. S&nbsp;dal\u0161\u00ed n\u00e1hradn\u00ed v\u00fdsadbou se po\u010d\u00edt\u00e1 ve Stromovce a&nbsp;v\u00a0are\u00e1lu V\u00fdstavi\u0161t\u011b a&nbsp;bude prov\u00e1d\u011bna dle v\u00fdsadbov\u00fdch pl\u00e1n\u016f parku.<\/p>\r\n<p><strong>Aktu\u00e1ln\u00ed pr\u00e1ce\u00a0<\/strong><\/p>\r\n<p>Od poloviny b\u0159ezna 2024 bude ve Stromovce prob\u00edhat realizace nov\u00fdch parkov\u00fdch cest, kter\u00e9 propoj\u00ed Kr\u00e1lovskou oboru s&nbsp;nov\u011b vznikaj\u00edc\u00ed \u017eelezni\u010dn\u00ed zast\u00e1vkou V\u00fdstavi\u0161t\u011b a&nbsp;p\u0159ipravovanou l\u00e1vkou na Letnou. V\u00edce informac\u00ed najdete\u00a0<a href=\"https:\/\/www.praha7.cz\/zeleznicni-zastavku-vystaviste-propoji-se-stromovkou-nove-cesty\/\">ZDE<\/a>.<\/p>\r\n<p>&nbsp;<\/p>\r\n<hr \/>\r\n<p><strong>V\u00edce informac\u00ed o&nbsp;projektu modernizace \u017eeleznice najdete <a href=\"https:\/\/www.praha7.cz\/temata\/verejny-prostor\/zeleznice-na-letiste\/\">ZDE<\/a>.<\/strong><\/p>","protected":false},"excerpt":{"rendered":"[perex] Modernizace trati Praha\u2013Kladno s&nbsp;p\u0159ipojen\u00edm Leti\u0161t\u011b V\u00e1clava Havla je prioritn\u00ed dopravn\u00ed stavbou \u010desk\u00e9 vl\u00e1dy a&nbsp;jedn\u00edm z&nbsp;nejrozs\u00e1hlej\u0161\u00edch p\u0159ipravovan\u00fdch infrastrukturn\u00edch projekt\u016f v&nbsp;\u010cR. Dne 12.&nbsp;1.&nbsp;2023 byla ofici\u00e1ln\u011b zah\u00e1jena realizace \u00faseku Bubny \u2013 V\u00fdstavi\u0161t\u011b. V&nbsp;tomto \u010dl\u00e1nku uv\u00e1d\u00edme informace o&nbsp;postupu stavby, omezen\u00ed v&nbsp;doprav\u011b, z\u00e1saz\u00edch v&nbsp;zeleni a&nbsp;dal\u0161\u00edch d\u016fle\u017eit\u00fdch opat\u0159en\u00ed a&nbsp;sd\u011blen\u00ed pro ve\u0159ejnost. Z\u00e1jemci o\u00a0bli\u017e\u0161\u00ed informace o\u00a0pr\u016fb\u011bhu stavby se mohou obracet [&hellip;]","protected":false},"author":5,"featured_media":63365,"comment_status":"closed","ping_status":"open","sticky":false,"template":"","format":"standard","meta":[],"categories":[36],"tags":[119,57],"_links":{"self":[{"href":"https:\/\/www.praha7.cz\/api\/wp\/v2\/posts\/64407"}],"collection":[{"href":"https:\/\/www.praha7.cz\/api\/wp\/v2\/posts"}],"about":[{"href":"https:\/\/www.praha7.cz\/api\/wp\/v2\/types\/post"}],"author":[{"embeddable":true,"href":"https:\/\/www.praha7.cz\/api\/wp\/v2\/users\/5"}],"replies":[{"embeddable":true,"href":"https:\/\/www.praha7.cz\/api\/wp\/v2\/comments?post=64407"}],"version-history":[{"count":123,"href":"https:\/\/www.praha7.cz\/api\/wp\/v2\/posts\/64407\/revisions"}],"predecessor-version":[{"id":79817,"href":"https:\/\/www.praha7.cz\/api\/wp\/v2\/posts\/64407\/revisions\/79817"}],"wp:featuredmedia":[{"embeddable":true,"href":"https:\/\/www.praha7.cz\/api\/wp\/v2\/media\/63365"}],"wp:attachment":[{"href":"https:\/\/www.praha7.cz\/api\/wp\/v2\/media?parent=64407"}],"wp:term":[{"taxonomy":"category","embeddable":true,"href":"https:\/\/www.praha7.cz\/api\/wp\/v2\/categories?post=64407"},{"taxonomy":"post_tag","embeddable":true,"href":"https:\/\/www.praha7.cz\/api\/wp\/v2\/tags?post=64407"}],"curies":[{"name":"wp","href":"https:\/\/api.w.org\/{rel}","templated":true}]}}