    
{"id":64401,"date":"2023-02-20T10:38:56","date_gmt":"2023-02-20T09:38:56","guid":{"rendered":"https:\/\/www.praha7.cz\/?p=64401"},"modified":"2023-02-20T12:50:15","modified_gmt":"2023-02-20T11:50:15","slug":"paleni-klesti-ve-stromovce","status":"publish","type":"post","link":"https:\/\/www.praha7.cz\/paleni-klesti-ve-stromovce\/","title":{"rendered":"P\u00e1len\u00ed klest\u00ed ve Stromovce"},"content":{"rendered":"<p>[perex]<\/p>\r\n<p>Lesy hlavn\u00edho m\u011bsta Prahy, kter\u00e9 se staraj\u00ed o&nbsp;\u00fadr\u017ebu Kr\u00e1lovsk\u00e9 obory, upozor\u0148uj\u00ed, \u017ee ve dnech 21.&nbsp;a\u017e 24.&nbsp;\u00fanora 2023 dojde k&nbsp;p\u00e1len\u00ed klest\u00ed na ostr\u016fvku na Zelen\u00e9m rybn\u00edku.<br \/>\r\n\u00a0[\/perex]<\/p>","protected":false},"excerpt":{"rendered":"[perex] Lesy hlavn\u00edho m\u011bsta Prahy, kter\u00e9 se staraj\u00ed o&nbsp;\u00fadr\u017ebu Kr\u00e1lovsk\u00e9 obory, upozor\u0148uj\u00ed, \u017ee ve dnech 21.&nbsp;a\u017e 24.&nbsp;\u00fanora 2023 dojde k&nbsp;p\u00e1len\u00ed klest\u00ed na ostr\u016fvku na Zelen\u00e9m rybn\u00edku. \u00a0[\/perex]","protected":false},"author":251,"featured_media":64406,"comment_status":"closed","ping_status":"open","sticky":false,"template":"","format":"standard","meta":[],"categories":[34],"tags":[],"_links":{"self":[{"href":"https:\/\/www.praha7.cz\/api\/wp\/v2\/posts\/64401"}],"collection":[{"href":"https:\/\/www.praha7.cz\/api\/wp\/v2\/posts"}],"about":[{"href":"https:\/\/www.praha7.cz\/api\/wp\/v2\/types\/post"}],"author":[{"embeddable":true,"href":"https:\/\/www.praha7.cz\/api\/wp\/v2\/users\/251"}],"replies":[{"embeddable":true,"href":"https:\/\/www.praha7.cz\/api\/wp\/v2\/comments?post=64401"}],"version-history":[{"count":2,"href":"https:\/\/www.praha7.cz\/api\/wp\/v2\/posts\/64401\/revisions"}],"predecessor-version":[{"id":64403,"href":"https:\/\/www.praha7.cz\/api\/wp\/v2\/posts\/64401\/revisions\/64403"}],"wp:featuredmedia":[{"embeddable":true,"href":"https:\/\/www.praha7.cz\/api\/wp\/v2\/media\/64406"}],"wp:attachment":[{"href":"https:\/\/www.praha7.cz\/api\/wp\/v2\/media?parent=64401"}],"wp:term":[{"taxonomy":"category","embeddable":true,"href":"https:\/\/www.praha7.cz\/api\/wp\/v2\/categories?post=64401"},{"taxonomy":"post_tag","embeddable":true,"href":"https:\/\/www.praha7.cz\/api\/wp\/v2\/tags?post=64401"}],"curies":[{"name":"wp","href":"https:\/\/api.w.org\/{rel}","templated":true}]}}