    
{"id":64383,"date":"2023-02-17T13:18:03","date_gmt":"2023-02-17T12:18:03","guid":{"rendered":"https:\/\/www.praha7.cz\/?p=64383"},"modified":"2023-02-17T13:18:03","modified_gmt":"2023-02-17T12:18:03","slug":"hledate-zajimavou-praci-v-oblasti-projektoveho-rizeni-6","status":"publish","type":"post","link":"https:\/\/www.praha7.cz\/hledate-zajimavou-praci-v-oblasti-projektoveho-rizeni-6\/","title":{"rendered":"Hled\u00e1te zaj\u00edmavou pr\u00e1ci v&nbsp;oblasti projektov\u00e9ho \u0159\u00edzen\u00ed?"},"content":{"rendered":"<p>[perex]<\/p>\r\n<p>\u00da\u0159ad Prahy&nbsp;7 sh\u00e1n\u00ed do sv\u00e9ho t\u00fdmu kolegu\/kolegyni na pozici koordina\u010dn\u00ed a&nbsp;projektov\u00fd\/\u00e1 mana\u017eer\/ka. R\u00e1di pl\u00e1nujete a&nbsp;koordinujete zav\u00e1d\u011bn\u00ed nov\u00fdch projekt\u016f? Vyhovuje v\u00e1m \u010dinnost, kterou \u0159\u00edd\u00edte od p\u0159\u00edpravy a\u017e po realizaci?\u00a0 Chcete vyu\u017e\u00edt mo\u017enosti pracovat v\u00a0dynamicky se rozv\u00edjej\u00edc\u00ed m\u011bstsk\u00e9 \u010d\u00e1sti pro \u00fa\u0159ad s\u00a0tak trochu jin\u00fdm p\u0159\u00edstupem? Nev\u00e1hejte a&nbsp;p\u0159ihlaste se do na\u0161eho popt\u00e1vkov\u00e9ho \u0159\u00edzen\u00ed.<\/p>\r\n<p>[\/perex]<\/p>\r\n<h3>Co u&nbsp;n\u00e1s budete d\u011blat?<\/h3>\r\n<p>Budete zaji\u0161\u0165ovat \u0159\u00edzen\u00ed projekt\u016f ve v\u0161ech jejich f\u00e1z\u00edch. Budete m\u00edt na starosti\u00a0veden\u00ed a&nbsp;\u0159\u00edzen\u00ed projektov\u00e9ho t\u00fdmu, stanoven\u00ed \u010dasov\u00e9ho a&nbsp;finan\u010dn\u00edho pl\u00e1nu, komunikaci s&nbsp;poskytovatelem dotace, \u0159\u00edzen\u00ed zm\u011bn v&nbsp;projektech a\u017e po zaji\u0161t\u011bn\u00ed p\u0159ed\u00e1n\u00ed v\u00fdstup\u016f. Budete koordinovat postupy prac\u00ed a&nbsp;n\u00e1vaznost \u010dinnost\u00ed v&nbsp;jednotliv\u00fdch \u00fakolech, pravideln\u011b reportovat o&nbsp;stavu realizace projekt\u016f,\u00a0spolupracovat na pln\u011bn\u00ed monitorovac\u00edch indik\u00e1tor\u016f a&nbsp;zaji\u0161\u0165ovat publicitu projekt\u016f. D\u00e1le budete m\u00edt na starosti finan\u010dn\u00ed pl\u00e1nov\u00e1n\u00ed, spolupr\u00e1ci na pln\u011bn\u00ed monitorovac\u00edch indik\u00e1tor\u016f, \u0159\u00edzen\u00ed, controllingu a&nbsp;implementaci projektov\u00fdch v\u00fdstup\u016f a&nbsp;spolupr\u00e1ci na p\u0159\u00edprav\u011b projektov\u00fdch z\u00e1m\u011br\u016f a&nbsp;\u017e\u00e1dost\u00ed.\u00a0<\/p>\r\n<h3><\/h3>\r\n<h3>Co od v\u00e1s o\u010dek\u00e1v\u00e1me?<\/h3>\r\n<ul>\r\n\t<li>vysoko\u0161kolsk\u00e9 vzd\u011bl\u00e1n\u00ed v&nbsp;bakal\u00e1\u0159sk\u00e9m studijn\u00edm programu nebo vy\u0161\u0161\u00ed odborn\u00e9 vzd\u011bl\u00e1n\u00ed<\/li>\r\n\t<li>zku\u0161enosti s&nbsp;projektov\u00fdm a&nbsp;finan\u010dn\u00edm \u0159\u00edzen\u00edm a&nbsp;administrac\u00ed projekt\u016f spolufinancovan\u00fdch z&nbsp;EU fond\u016f a&nbsp;jin\u00fdch zdroj\u016f min. 3 roky<\/li>\r\n\t<li>analytick\u00e9 my\u0161len\u00ed a&nbsp;proaktivn\u00ed p\u0159\u00edstup<\/li>\r\n\t<li>pe\u010dlivost, samostatnost, spolehlivost, flexibilitu<\/li>\r\n\t<li>komunika\u010dn\u00ed, prezenta\u010dn\u00ed, mana\u017eersk\u00e9 i&nbsp;organiza\u010dn\u00ed dovednosti,<\/li>\r\n\t<li>schopnost v\u00e9st a&nbsp;podporovat t\u00fdm<\/li>\r\n\t<li>ochotu u\u010dit se nov\u00fdm v\u011bcem<\/li>\r\n\t<li>v\u00fdbornou znalost \u010cJ<\/li>\r\n\t<li>v\u00fdbornou znalost pr\u00e1ce na PC &#8211; MS Office (Outlook, Excel, PowerPoint,<br \/>\r\nMS Teams)<\/li>\r\n\t<li>znalost prost\u0159ed\u00ed ISKP 2014+ a&nbsp;21+, znalost dal\u0161\u00edch dota\u010dn\u00edch syst\u00e9m\u016f<br \/>\r\nv\u00fdhodou<\/li>\r\n<\/ul>\r\n<h3><\/h3>\r\n<h3>Co v\u00e1m nab\u00edz\u00edme?<\/h3>\r\n<p>Pracovn\u00ed pom\u011br na dobu ur\u010ditou, z\u00e1stup za mate\u0159skou dovolenou. N\u00e1stupn\u00ed plat v\u00a010.\u00a0platov\u00e9 t\u0159\u00edd\u011b a\u017e do v\u00fd\u0161e 34&nbsp;370&nbsp;K\u010d podle d\u00e9lky odborn\u00e9 praxe. Po zku\u0161ebn\u00ed dob\u011b osobn\u00ed p\u0159\u00edplatek a\u017e do v\u00fd\u0161e 100 %\u00a0maxim\u00e1ln\u00edho n\u00e1stupn\u00edho platu.<\/p>\r\n<table width=\"1109\" height=\"217\" style=\"color: black !important; font-weight: normal !important;\">\r\n<tbody>\r\n<tr>\r\n<td style=\"height: 0px; text-align: center;\"><\/td>\r\n<td style=\"height: 0px; text-align: center;\"><\/td>\r\n<td style=\"height: 0px; text-align: center;\"><\/td>\r\n<\/tr>\r\n<tr>\r\n<td style=\"width: 361px; text-align: center;\">\r\n<p><img loading=\"lazy\" src=\"https:\/\/www.praha7.cz\/wp-content\/uploads\/2018\/11\/rust.jpg\" alt=\"\" width=\"99\" height=\"96\" class=\"alignnone size-full wp-image-21382\" \/><\/p>\r\n<span style=\"font-weight: normal !important; color: black !important;\">Platov\u00e9 ohodnocen\u00ed, kter\u00e9 roste spolu s&nbsp;v\u00e1mi.<\/span><\/td>\r\n<td style=\"width: 363px; text-align: center;\">\r\n<p><img loading=\"lazy\" src=\"https:\/\/www.praha7.cz\/wp-content\/uploads\/2018\/11\/benefit.jpg\" alt=\"\" width=\"99\" height=\"96\" class=\"alignnone size-full wp-image-21381\" \/><\/p>\r\n<span style=\"font-weight: normal !important; color: black !important;\">\u0160irokou \u0161k\u00e1lu benefit\u016f, kter\u00e9 p\u0159ich\u00e1zej\u00ed ve spr\u00e1vn\u00fd \u010das.<\/span><\/td>\r\n<td style=\"width: 363px; text-align: center;\">\r\n<p><img loading=\"lazy\" src=\"https:\/\/www.praha7.cz\/wp-content\/uploads\/2018\/11\/dovolena.jpg\" alt=\"\" width=\"99\" height=\"96\" class=\"alignnone size-full wp-image-21383\" \/><\/p>\r\n<span style=\"font-weight: normal !important; color: black !important;\">5 t\u00fddn\u016f dovolen\u00e9, na kterou nebudete cht\u00edt odjet.<\/span><\/td>\r\n<\/tr>\r\n<tr>\r\n<td style=\"width: 361px; text-align: center;\">\r\n<p><img loading=\"lazy\" src=\"https:\/\/www.praha7.cz\/wp-content\/uploads\/2018\/11\/vzdelavani.jpg\" alt=\"\" width=\"142\" height=\"96\" class=\"alignnone size-full wp-image-21384\" \/><\/p>\r\n<span style=\"font-weight: normal !important; color: black !important;\">Mo\u017enost dal\u0161\u00edho vzd\u011bl\u00e1v\u00e1n\u00ed, abyste se ve sv\u011bt\u011b neztratili.<\/span><\/td>\r\n<td style=\"width: 363px; text-align: center;\">\r\n<p><img loading=\"lazy\" src=\"https:\/\/www.praha7.cz\/wp-content\/uploads\/2018\/11\/inspirace.jpg\" alt=\"\" width=\"99\" height=\"96\" class=\"alignnone size-full wp-image-21385\" \/><\/p>\r\n<span style=\"font-weight: normal !important; color: black !important;\">Pr\u00e1ci v&nbsp;inspirativn\u00edm kolektivu, kde se p\u0159ed n\u00e1pady nezav\u00edraj\u00ed o\u010di.<\/span><\/td>\r\n<td style=\"width: 363px; text-align: center;\">\r\n<p><img loading=\"lazy\" src=\"https:\/\/www.praha7.cz\/wp-content\/uploads\/2018\/11\/perspektiva.jpg\" alt=\"\" width=\"99\" height=\"96\" class=\"alignnone size-full wp-image-21386\" \/><\/p>\r\n<span style=\"font-weight: normal !important; color: black !important;\">Perspektivn\u00ed zam\u011bstn\u00e1n\u00ed, kde pom\u00e1h\u00e1te m\u011bnit sv\u011bt kolem sebe.<\/span><\/td>\r\n<\/tr>\r\n<\/tbody>\r\n<\/table>\r\n<p>&nbsp;<\/p>\r\n<h3>Jak se k\u00a0n\u00e1m dostanete?<\/h3>\r\n<p>P\u0159ihl\u00e1\u0161ku a&nbsp;souhlas se zpracov\u00e1n\u00edm osobn\u00edch \u00fadaj\u016f (naleznete ve <a href=\"https:\/\/www.praha7.cz\/radnice\/povinne-zverejnovane-informace\/formulare\/\">Formul\u00e1\u0159\u00edch Odboru person\u00e1ln\u00edch \u010dinnost\u00ed<\/a>) v\u010detn\u011b strukturovan\u00e9ho \u017eivotopisu je mo\u017en\u00e9 osobn\u011b doru\u010dit v&nbsp;\u00fa\u0159edn\u00edch hodin\u00e1ch do podatelny \u00da\u0159adu M\u010c Praha&nbsp;7 nebo zaslat na n\u00ed\u017ee uvedenou adresu, p\u0159\u00edpadn\u011b zaslat i&nbsp;e-mailem na <a href=\"mailto:pouzarovae@praha7.cz\">pouzarovae@praha7.cz<\/a> <span style=\"color: #ff0000;\"><strong>nejpozd\u011bji do 17.&nbsp;3.&nbsp;2023<\/strong><\/span>.<\/p>\r\n<p>&nbsp;<\/p>\r\n<p><strong>P\u0159edpokl\u00e1dan\u00fd vznik pracovn\u00edho pom\u011bru 1.&nbsp;4.&nbsp;2023.<\/strong><\/p>\r\n<p>&nbsp;<\/p>\r\n<p><em>M\u011bstsk\u00e1 \u010d\u00e1st Praha\u00a07<\/em><\/p>\r\n<p><em>\u00da\u0159ad m\u011bstsk\u00e9 \u010d\u00e1sti Praha\u00a07<\/em><\/p>\r\n<p><em>Odbor person\u00e1ln\u00edch \u010dinnost\u00ed<\/em><\/p>\r\n<p><em>U Pr\u016fhonu 1338\/38<\/em><\/p>\r\n<p><em>170\u00a000 Praha\u00a07<\/em><\/p>\r\n<p>&nbsp;<\/p>\r\n<p><strong>Ve\u0161ker\u00e9 pot\u0159ebn\u00e9 informace pro p\u0159ihl\u00e1\u0161en\u00ed do popt\u00e1vkov\u00e9ho \u0159\u00edzen\u00ed naleznete <a href=\"https:\/\/www.praha7.cz\/wp-content\/uploads\/2023\/02\/OVP\u0158-kordina\u010dn\u00ed-a-projektov\u00fd-mana\u017eer.pdf\">ZDE<\/a>.<\/strong><\/p>","protected":false},"excerpt":{"rendered":"[perex] \u00da\u0159ad Prahy&nbsp;7 sh\u00e1n\u00ed do sv\u00e9ho t\u00fdmu kolegu\/kolegyni na pozici koordina\u010dn\u00ed a&nbsp;projektov\u00fd\/\u00e1 mana\u017eer\/ka. R\u00e1di pl\u00e1nujete a&nbsp;koordinujete zav\u00e1d\u011bn\u00ed nov\u00fdch projekt\u016f? Vyhovuje v\u00e1m \u010dinnost, kterou \u0159\u00edd\u00edte od p\u0159\u00edpravy a\u017e po realizaci?\u00a0 Chcete vyu\u017e\u00edt mo\u017enosti pracovat v\u00a0dynamicky se rozv\u00edjej\u00edc\u00ed m\u011bstsk\u00e9 \u010d\u00e1sti pro \u00fa\u0159ad s\u00a0tak trochu jin\u00fdm p\u0159\u00edstupem? Nev\u00e1hejte a&nbsp;p\u0159ihlaste se do na\u0161eho popt\u00e1vkov\u00e9ho \u0159\u00edzen\u00ed. [\/perex] Co u&nbsp;n\u00e1s budete [&hellip;]","protected":false},"author":5,"featured_media":28831,"comment_status":"closed","ping_status":"open","sticky":false,"template":"","format":"standard","meta":[],"categories":[34],"tags":[],"_links":{"self":[{"href":"https:\/\/www.praha7.cz\/api\/wp\/v2\/posts\/64383"}],"collection":[{"href":"https:\/\/www.praha7.cz\/api\/wp\/v2\/posts"}],"about":[{"href":"https:\/\/www.praha7.cz\/api\/wp\/v2\/types\/post"}],"author":[{"embeddable":true,"href":"https:\/\/www.praha7.cz\/api\/wp\/v2\/users\/5"}],"replies":[{"embeddable":true,"href":"https:\/\/www.praha7.cz\/api\/wp\/v2\/comments?post=64383"}],"version-history":[{"count":2,"href":"https:\/\/www.praha7.cz\/api\/wp\/v2\/posts\/64383\/revisions"}],"predecessor-version":[{"id":64386,"href":"https:\/\/www.praha7.cz\/api\/wp\/v2\/posts\/64383\/revisions\/64386"}],"wp:featuredmedia":[{"embeddable":true,"href":"https:\/\/www.praha7.cz\/api\/wp\/v2\/media\/28831"}],"wp:attachment":[{"href":"https:\/\/www.praha7.cz\/api\/wp\/v2\/media?parent=64383"}],"wp:term":[{"taxonomy":"category","embeddable":true,"href":"https:\/\/www.praha7.cz\/api\/wp\/v2\/categories?post=64383"},{"taxonomy":"post_tag","embeddable":true,"href":"https:\/\/www.praha7.cz\/api\/wp\/v2\/tags?post=64383"}],"curies":[{"name":"wp","href":"https:\/\/api.w.org\/{rel}","templated":true}]}}