    
{"id":64175,"date":"2023-02-10T14:54:29","date_gmt":"2023-02-10T13:54:29","guid":{"rendered":"https:\/\/www.praha7.cz\/?p=64175"},"modified":"2023-02-10T14:54:29","modified_gmt":"2023-02-10T13:54:29","slug":"rozsahla-rekonstrukce-restaurace-bohemia-na-vystavisti","status":"publish","type":"post","link":"https:\/\/www.praha7.cz\/rozsahla-rekonstrukce-restaurace-bohemia-na-vystavisti\/","title":{"rendered":"Rozs\u00e1hl\u00e1 rekonstrukce restaurace Bohemia na V\u00fdstavi\u0161ti"},"content":{"rendered":"<p>[perex]<\/p>\r\n<p>B\u00fdval\u00e1 restaurace Bohemia na pra\u017esk\u00e9m V\u00fdstavi\u0161ti se do\u010dkala kompletn\u00ed a&nbsp;velmi n\u00e1ro\u010dn\u00e9 rekonstrukce s&nbsp;ohledem na zachov\u00e1n\u00ed jej\u00edho historick\u00e9ho r\u00e1zu. Budova b\u00fdval\u00e9 plze\u0148sk\u00e9 restaurace z\u00a0roku 1891 nyn\u00ed otev\u00edr\u00e1 sv\u00e9 br\u00e1ny ve\u0159ejnosti a&nbsp;bude slou\u017eit pro rozmanit\u00e9 \u00fa\u010dely \u2013\u00a0 konference, v\u00fdstavy, m\u00f3dn\u00ed p\u0159ehl\u00eddky, komorn\u00ed koncerty a&nbsp;dal\u0161\u00ed kulturn\u00ed akce nebo spole\u010densk\u00e1 a&nbsp;obchodn\u00ed setk\u00e1n\u00ed.<\/p>\r\n<p>[\/perex]<\/p>\r\n<p><em>\u201eN\u00e1v\u0161t\u011bvn\u00edk\u016fm V\u00fdstavi\u0161t\u011b i&nbsp;Stromovky se dosud nab\u00edzel pouze smutn\u00fd pohled na ch\u00e1traj\u00edc\u00ed a&nbsp;uzav\u0159en\u00fd objekt b\u00fdval\u00e9 restaurace Bohemia. Nyn\u00ed jsme t\u00e9to historick\u00e9 budov\u011b navr\u00e1tili jej\u00ed b\u00fdvalou kr\u00e1su a&nbsp;m\u011b t\u011b\u0161\u00ed, \u017ee brzy otev\u0159eme Pra\u017ean\u016fm nov\u00fd reprezentativn\u00ed a&nbsp;kultivovan\u00fd prostor pro kon\u00e1n\u00ed nejr\u016fzn\u011bj\u0161\u00edch akc\u00ed. Restaurace Bohemia se tak za\u0159ad\u00ed na seznam investi\u010dn\u00edch akc\u00ed, kter\u00e9 jsme v&nbsp;are\u00e1lu dokon\u010dili b\u011bhem jedin\u00e9ho volebn\u00edho obdob\u00ed. Krom\u011b revitalizace doln\u00ed \u010d\u00e1sti V\u00fdstavi\u0161t\u011b s&nbsp;venkovn\u00edmi sportovi\u0161ti bych r\u00e1d zm\u00ednil opravenou sousedn\u00ed budovu s&nbsp;restaurac\u00ed Pra\u017ean a&nbsp;K\u0159i\u017e\u00edkovy pavilony. A&nbsp;v&nbsp;nejbli\u017e\u0161\u00edch letech se k&nbsp;nim p\u0159id\u00e1 i&nbsp;nyn\u00ed rekonstruovan\u00e9 divadlo Spir\u00e1la, Lapid\u00e1rium, a&nbsp;p\u0159edev\u0161\u00edm symbol cel\u00e9ho V\u00fdstavi\u0161t\u011b, Pr\u016fmyslov\u00fd pal\u00e1c,\u201c<\/em> komentuje Pavel Vyhn\u00e1nek, n\u00e1m\u011bstek prim\u00e1tora hl. m. Prahy pro oblast financ\u00ed a&nbsp;rozpo\u010dtu.\u00a0<\/p>\r\n<p>Budova Bohemia byla p\u016fvodn\u011b postavena jako restaurace v&nbsp;r\u00e1mci Jubilejn\u00ed zemsk\u00e9 v\u00fdstavy v&nbsp;roce 1891, pat\u0159\u00ed tedy k&nbsp;nejstar\u0161\u00edm stavb\u00e1m na V\u00fdstavi\u0161ti. Traduje se, \u017ee prvn\u00edm n\u00e1jemcem restaurace byl hoteli\u00e9r a&nbsp;restaurat\u00e9r V\u00e1clav Petzold, pod jeho\u017e jm\u00e9nem je restaura\u010dn\u00ed pavilon veden v&nbsp;seznamu pam\u00e1tek. Jako restaurace slou\u017eila Bohemia i&nbsp;v&nbsp;n\u00e1sleduj\u00edc\u00edch letech, a&nbsp;to a\u017e do druh\u00e9 poloviny 20.&nbsp;stolet\u00ed.<\/p>\r\n<p><img loading=\"lazy\" src=\"https:\/\/www.praha7.cz\/wp-content\/uploads\/2023\/02\/sto-let-prace.3-1500x970.jpg\" alt=\"\" width=\"640\" height=\"414\" class=\"alignnone size-large wp-image-64176\" srcset=\"https:\/\/www.praha7.cz\/wp-content\/uploads\/2023\/02\/sto-let-prace.3-1500x970.jpg 1500w, https:\/\/www.praha7.cz\/wp-content\/uploads\/2023\/02\/sto-let-prace.3-600x388.jpg 600w, https:\/\/www.praha7.cz\/wp-content\/uploads\/2023\/02\/sto-let-prace.3-768x497.jpg 768w\" sizes=\"(max-width: 640px) 100vw, 640px\" \/><\/p>\r\n<p>Objekt nyn\u00ed pro\u0161el komplexn\u00ed obnovou podle projektu architektonick\u00e9 kancel\u00e1\u0159e SGL PROJEKT s.r.o., ak. arch. Ji\u0159\u00edho Jav\u016frka a&nbsp;Ing. Heleny Literov\u00e9, stavebn\u00ed pr\u00e1ce realizovala firma Subterra a.s. Stavba ji\u017e m\u00e1 za sebou kolaudaci a&nbsp;b\u011bhem n\u00e1sleduj\u00edc\u00edch t\u00fddn\u016f bude rekonstrukce dokon\u010dena o&nbsp;posledn\u00ed detaily t\u00fdkaj\u00edc\u00ed se zejm\u00e9na okol\u00ed samotn\u00e9 budovy a&nbsp;p\u0159\u00edstupov\u00fdch cest. Celkov\u00fd rozpo\u010det rekonstruk\u010dn\u00edch prac\u00ed \u010dinil 87,7 milionu korun.<\/p>\r\n<p><img loading=\"lazy\" src=\"https:\/\/www.praha7.cz\/wp-content\/uploads\/2023\/02\/Bohemia_k\u0159\u00eddlo-1500x980.jpg\" alt=\"\" width=\"640\" height=\"418\" class=\"alignnone size-large wp-image-64219\" srcset=\"https:\/\/www.praha7.cz\/wp-content\/uploads\/2023\/02\/Bohemia_k\u0159\u00eddlo-1500x980.jpg 1500w, https:\/\/www.praha7.cz\/wp-content\/uploads\/2023\/02\/Bohemia_k\u0159\u00eddlo-600x392.jpg 600w, https:\/\/www.praha7.cz\/wp-content\/uploads\/2023\/02\/Bohemia_k\u0159\u00eddlo-768x502.jpg 768w\" sizes=\"(max-width: 640px) 100vw, 640px\" \/><\/p>\r\n<p>Objekt nab\u00edz\u00ed p\u0159\u00edzemn\u00ed prostorn\u00fd s\u00e1l pro spole\u010densk\u00e9 a&nbsp;kulturn\u00ed akce, m\u00f3dn\u00ed p\u0159ehl\u00eddky, komorn\u00ed koncerty, vernis\u00e1\u017ee, tiskov\u00e9 konference a&nbsp;dal\u0161\u00ed eventy r\u016fzn\u00e9ho zam\u011b\u0159en\u00ed. Budouc\u00edm n\u00e1v\u0161t\u011bvn\u00edk\u016fm jsou k&nbsp;dispozici v&nbsp;horn\u00edm pat\u0159e tak\u00e9 dva salonky pro obchodn\u00ed jedn\u00e1n\u00ed, komorn\u00ed setk\u00e1v\u00e1n\u00ed \u010di prezentace v\u00fdrobk\u016f a&nbsp;slu\u017eeb. Nechyb\u00ed ani \u0161pi\u010dkov\u011b vybaven\u00e1 kuchyn\u011b se z\u00e1zem\u00edm pro nejn\u00e1ro\u010dn\u011bj\u0161\u00ed catering s&nbsp;t\u00edm, \u017ee dal\u0161\u00ed men\u0161\u00ed profesion\u00e1ln\u00ed kuchyn\u011b se nach\u00e1z\u00ed tak\u00e9 v&nbsp;horn\u00edm pat\u0159e pro p\u0159\u00edpad vyu\u017eit\u00ed v\u0161ech prostor budovy v&nbsp;jeden moment. Samoz\u0159ejmost\u00ed je pak ve\u0161ker\u00e9 technick\u00e9 z\u00e1zem\u00ed v\u010detn\u011b ozvu\u010den\u00ed. Kapacita budovy je 164 osob.<\/p>\r\n\r\n<figure id=\"attachment_64221\" aria-describedby=\"caption-attachment-64221\" style=\"width: 640px\" class=\"wp-caption alignnone\"><img loading=\"lazy\" src=\"https:\/\/www.praha7.cz\/wp-content\/uploads\/2023\/02\/05101-Bohemia-JiriSebek-www-1500x1000.jpg\" alt=\"\" width=\"640\" height=\"427\" class=\"size-large wp-image-64221\" srcset=\"https:\/\/www.praha7.cz\/wp-content\/uploads\/2023\/02\/05101-Bohemia-JiriSebek-www-1500x1000.jpg 1500w, https:\/\/www.praha7.cz\/wp-content\/uploads\/2023\/02\/05101-Bohemia-JiriSebek-www-600x400.jpg 600w, https:\/\/www.praha7.cz\/wp-content\/uploads\/2023\/02\/05101-Bohemia-JiriSebek-www-768x512.jpg 768w, https:\/\/www.praha7.cz\/wp-content\/uploads\/2023\/02\/05101-Bohemia-JiriSebek-www.jpg 1800w\" sizes=\"(max-width: 640px) 100vw, 640px\" \/><figcaption id=\"caption-attachment-64221\" class=\"wp-caption-text\">foto Ji\u0159\u00ed \u0160ebek<\/figcaption><\/figure>\r\n\r\n<h4>Zaj\u00edmavosti ze stavby<\/h4>\r\n<ul>\r\n\t<li>hlavn\u00ed zaklenut\u00fd s\u00e1l objektu m\u00e1 celkovou v\u00fd\u0161ku 10&nbsp;m<\/li>\r\n\t<li>\u010deln\u00ed a&nbsp;bo\u010dn\u00ed okna s\u00e1lu maj\u00ed v\u00fd\u0161ku 5,7 m, vstupn\u00ed francouzsk\u00e9 okno s\u00a0hlavn\u00edmi vstupn\u00edmi dve\u0159mi m\u00e1 v\u00fd\u0161ku 6,7&nbsp;m<\/li>\r\n\t<li>na bo\u010dn\u00edch fas\u00e1d\u00e1ch hlavn\u00edho s\u00e1lu byly historicky provedeny klenut\u00e9 otvory pro okna, ale osazena byla okna s\u00a0rovn\u00fdm napra\u017e\u00edm, dozd\u00edvky pod klenbou byly odstran\u011bny a&nbsp;byla provedena okna s\u00a0lunetami jako v\u00a0hlavn\u00edm pr\u016f\u010del\u00ed objektu<\/li>\r\n\t<li>p\u016fvodn\u00ed okna byla zachov\u00e1na jen z\u010d\u00e1sti, profilace nov\u00fdch oken je kopi\u00ed p\u016fvodn\u00edch a&nbsp;zachovan\u00fdch prvk\u016f (profilace poutc\u016f, klapa\u010dek, r\u00e1mu, kryc\u00edch li\u0161t apod.)<\/li>\r\n\t<li>v\u00a0z\u00e1padn\u00ed zdi bylo odkryto zazd\u011bn\u00e9 p\u016fvodn\u00ed okno, jeho profilace byla pou\u017eita pro v\u00fdrobu oken v\u00a0z\u00e1padn\u00ed fas\u00e1d\u011b (sm\u011brem do Stromovky)<\/li>\r\n\t<li>v\u00fdb\u011br barvy pou\u017eit\u00e9 na oknech vych\u00e1zel z\u00a0pr\u016fzkumu oken a&nbsp;n\u00e1sledn\u011b i&nbsp;barevn\u00e9ho proveden\u00ed zazd\u011bn\u00e9ho okna objeven\u00e9ho b\u011bhem rekonstrukce<\/li>\r\n\t<li>p\u016fvodn\u00ed dve\u0159e nebyly dochov\u00e1ny<\/li>\r\n\t<li>p\u0159i demont\u00e1\u017ei novodob\u00e9 plechov\u00e9 krytiny z\u00e1padn\u00ed \u010d\u00e1sti krovu byly za pozednicemi objeveny zbytky b\u0159idli\u010dn\u00fdch st\u0159e\u0161n\u00edch \u0161ablon, kter\u00e9 pak nahradily p\u016fvodn\u011b pl\u00e1novanou st\u0159e\u0161n\u00ed krytinu<\/li>\r\n\t<li>na severn\u00ed a&nbsp;z\u00e1padn\u00ed fas\u00e1d\u011b byly dopln\u011bny p\u016fvodn\u00ed pilastry (na fas\u00e1d\u011b zachov\u00e1ny hlavice bez d\u0159\u00edku)<\/li>\r\n\t<li>stav krovu nad hlavn\u00edm s\u00e1lem vy\u017eadoval jeho kompletn\u00ed v\u00fdm\u011bnu, t\u00edm bylo nutn\u00e9 znovu zrealizovat klenut\u00fd podhled s\u00e1lu, nov\u011b jsou provedeny i&nbsp;krovy na bo\u010dn\u00edch v\u011b\u017ei\u010dk\u00e1ch<\/li>\r\n\t<li>nov\u011b realizovan\u00fd krov je tvarovou kopi\u00ed p\u016fvodn\u00edho krovu nad hlavn\u00edm s\u00e1lem, a&nbsp;to v\u010detn\u011b zav\u011b\u0161en\u00e9ho podhledu hlavn\u00edho s\u00e1lu, p\u0159ed jeho demont\u00e1\u017e\u00ed byl podrobn\u011b zam\u011b\u0159en, spoje byly provedeny v\u00a0maxim\u00e1ln\u00ed mo\u017en\u00e9 m\u00ed\u0159e tesa\u0159sky, tahov\u00e9 spoje byly provedeny jako kopie p\u016fvodn\u00edch<\/li>\r\n\t<li>ramen\u00e1ty krovu byly vyr\u00e1b\u011bny na m\u00edst\u011b stavby<\/li>\r\n\t<li>na nov\u00fd krov a&nbsp;klenut\u00fd podhled nad hlavn\u00edm s\u00e1lem bylo spot\u0159ebov\u00e1no cca 30 m3 d\u0159eva, krov se skl\u00e1d\u00e1 z\u00a0cca 570 prvk\u016f<\/li>\r\n\t<li>technologick\u00e9 rozvody jsou vedeny v\u00a0instala\u010dn\u00edch kan\u00e1lech pod podlahou 1.&nbsp;podla\u017e\u00ed<\/li>\r\n\t<li>om\u00edtky jsou provedeny v\u00e1penn\u00e9 s\u00a0pucol\u00e1nem (jemn\u00fd p\u00edse\u010dn\u00fd sope\u010dn\u00fd popel vyu\u017e\u00edvan\u00fd jako hydraulick\u00e9 pojivo do malt a&nbsp;beton\u016f)<\/li>\r\n<\/ul>\r\n<p><img loading=\"lazy\" src=\"https:\/\/www.praha7.cz\/wp-content\/uploads\/2023\/02\/Bohemia_detail-1470x1000.jpg\" alt=\"\" width=\"640\" height=\"435\" class=\"alignnone size-large wp-image-64220\" srcset=\"https:\/\/www.praha7.cz\/wp-content\/uploads\/2023\/02\/Bohemia_detail-1470x1000.jpg 1470w, https:\/\/www.praha7.cz\/wp-content\/uploads\/2023\/02\/Bohemia_detail-588x400.jpg 588w, https:\/\/www.praha7.cz\/wp-content\/uploads\/2023\/02\/Bohemia_detail-768x522.jpg 768w\" sizes=\"(max-width: 640px) 100vw, 640px\" \/><\/p>","protected":false},"excerpt":{"rendered":"[perex] B\u00fdval\u00e1 restaurace Bohemia na pra\u017esk\u00e9m V\u00fdstavi\u0161ti se do\u010dkala kompletn\u00ed a&nbsp;velmi n\u00e1ro\u010dn\u00e9 rekonstrukce s&nbsp;ohledem na zachov\u00e1n\u00ed jej\u00edho historick\u00e9ho r\u00e1zu. Budova b\u00fdval\u00e9 plze\u0148sk\u00e9 restaurace z\u00a0roku 1891 nyn\u00ed otev\u00edr\u00e1 sv\u00e9 br\u00e1ny ve\u0159ejnosti a&nbsp;bude slou\u017eit pro rozmanit\u00e9 \u00fa\u010dely \u2013\u00a0 konference, v\u00fdstavy, m\u00f3dn\u00ed p\u0159ehl\u00eddky, komorn\u00ed koncerty a&nbsp;dal\u0161\u00ed kulturn\u00ed akce nebo spole\u010densk\u00e1 a&nbsp;obchodn\u00ed setk\u00e1n\u00ed. [\/perex] \u201eN\u00e1v\u0161t\u011bvn\u00edk\u016fm V\u00fdstavi\u0161t\u011b i&nbsp;Stromovky se dosud [&hellip;]","protected":false},"author":251,"featured_media":64223,"comment_status":"closed","ping_status":"open","sticky":false,"template":"","format":"standard","meta":[],"categories":[34],"tags":[],"_links":{"self":[{"href":"https:\/\/www.praha7.cz\/api\/wp\/v2\/posts\/64175"}],"collection":[{"href":"https:\/\/www.praha7.cz\/api\/wp\/v2\/posts"}],"about":[{"href":"https:\/\/www.praha7.cz\/api\/wp\/v2\/types\/post"}],"author":[{"embeddable":true,"href":"https:\/\/www.praha7.cz\/api\/wp\/v2\/users\/251"}],"replies":[{"embeddable":true,"href":"https:\/\/www.praha7.cz\/api\/wp\/v2\/comments?post=64175"}],"version-history":[{"count":2,"href":"https:\/\/www.praha7.cz\/api\/wp\/v2\/posts\/64175\/revisions"}],"predecessor-version":[{"id":64224,"href":"https:\/\/www.praha7.cz\/api\/wp\/v2\/posts\/64175\/revisions\/64224"}],"wp:featuredmedia":[{"embeddable":true,"href":"https:\/\/www.praha7.cz\/api\/wp\/v2\/media\/64223"}],"wp:attachment":[{"href":"https:\/\/www.praha7.cz\/api\/wp\/v2\/media?parent=64175"}],"wp:term":[{"taxonomy":"category","embeddable":true,"href":"https:\/\/www.praha7.cz\/api\/wp\/v2\/categories?post=64175"},{"taxonomy":"post_tag","embeddable":true,"href":"https:\/\/www.praha7.cz\/api\/wp\/v2\/tags?post=64175"}],"curies":[{"name":"wp","href":"https:\/\/api.w.org\/{rel}","templated":true}]}}