    
{"id":64037,"date":"2023-02-03T16:06:01","date_gmt":"2023-02-03T15:06:01","guid":{"rendered":"https:\/\/www.praha7.cz\/?p=64037"},"modified":"2023-02-06T13:43:27","modified_gmt":"2023-02-06T12:43:27","slug":"participacni-prochazka-okolim-fzs-umelecka","status":"publish","type":"post","link":"https:\/\/www.praha7.cz\/participacni-prochazka-okolim-fzs-umelecka\/","title":{"rendered":"Participa\u010dn\u00ed proch\u00e1zka okol\u00edm FZ\u0160 Um\u011bleck\u00e1"},"content":{"rendered":"<p>[perex]<\/p>\r\n<p>V\u00a0pond\u011bl\u00ed 30.&nbsp;ledna 2023 od 17 hodin prob\u011bhla participa\u010dn\u00ed proch\u00e1zka v\u00a0okol\u00ed Fakultn\u00ed z\u00e1kladn\u00ed \u0161koly Um\u011bleck\u00e1. \u00da\u010dastn\u00edci se sezn\u00e1mili s\u00a0aktu\u00e1ln\u00ed f\u00e1z\u00ed projektu, j\u00ed\u017e je p\u0159\u00edprava zad\u00e1n\u00ed koncep\u010dn\u00ed studie ulic Gerstnerova, Um\u011bleck\u00e1 a\u00a0U\u00a0Stud\u00e1nky, a&nbsp;m\u011bli mo\u017enost se vyj\u00e1d\u0159it k\u00a0tomu, co je v\u00a0\u0159e\u0161en\u00e9 lokalit\u011b tr\u00e1p\u00ed, \u010di co naopak oce\u0148uj\u00ed. Setk\u00e1n\u00ed vedla radn\u00ed pro \u00fazemn\u00ed rozvoj a&nbsp;participaci Lenka Burgerov\u00e1, radn\u00ed pro dopravu Pavel Zelenka a&nbsp;z\u00e1stupkyn\u011b Odboru rozvoje a&nbsp;p\u00e9\u010de o&nbsp;ve\u0159ejn\u00fd prostor.<\/p>\r\n<p>[\/perex]<\/p>\r\n<p>Participa\u010dn\u00edmu setk\u00e1n\u00ed p\u0159edch\u00e1zely v\u00fdtvarn\u00e9 aktivity d\u011bt\u00ed z\u00a0FZ\u0160 Um\u011bleck\u00e1, p\u0159i kter\u00fdch \u017e\u00e1ci druh\u00e9ho stupn\u011b tvo\u0159ili tzv. pocitovou mapu a&nbsp;kreslili, co podle nich p\u0159ed \u0161kolou sch\u00e1z\u00ed, a&nbsp;setk\u00e1n\u00ed se z\u00e1stupci rodi\u010d\u016f FZ\u0160. Na proch\u00e1zku byli pozv\u00e1ni nejen obyvatel\u00e9 dom\u016f ulic Gerstnerova, Um\u011bleck\u00e1 a&nbsp;U&nbsp;Stud\u00e1nky, ale i&nbsp;u\u010ditel\u00e9 a&nbsp;rodi\u010de d\u011bt\u00ed \u0161koln\u00edch za\u0159\u00edzen\u00ed FZ\u0160 Um\u011bleck\u00e1, M\u0160 U&nbsp;Stud\u00e1nky, LM\u0160 Bobulka a&nbsp;obyvatel\u00e9 Domu s\u00a0pe\u010dovatelskou slu\u017ebou U&nbsp;Stud\u00e1nky.<\/p>\r\n<p><img loading=\"lazy\" src=\"https:\/\/www.praha7.cz\/wp-content\/uploads\/2023\/02\/\u00fa\u010dastn\u00edci-1343x1000.jpg\" alt=\"\" width=\"640\" height=\"477\" class=\"alignnone size-large wp-image-64040\" srcset=\"https:\/\/www.praha7.cz\/wp-content\/uploads\/2023\/02\/\u00fa\u010dastn\u00edci-1343x1000.jpg 1343w, https:\/\/www.praha7.cz\/wp-content\/uploads\/2023\/02\/\u00fa\u010dastn\u00edci-537x400.jpg 537w, https:\/\/www.praha7.cz\/wp-content\/uploads\/2023\/02\/\u00fa\u010dastn\u00edci-768x572.jpg 768w\" sizes=\"(max-width: 640px) 100vw, 640px\" \/><\/p>\r\n<p>Nep\u0159ekvapiv\u011b rezonovalo t\u00e9ma bezpe\u010dnosti d\u011bt\u00ed s\u00a0ohledem na dopravn\u00ed situaci p\u0159ed \u0161kolou a&nbsp;\u0161kolkou. Diskutovalo se o&nbsp;nep\u0159ehledn\u00fdch p\u0159echodech v\u00a0k\u0159i\u017eovatce ulic Um\u011bleck\u00e1 a&nbsp;U&nbsp;Stud\u00e1nky a\u00a0o dopravn\u00edm zna\u010den\u00ed v\u00a0ulici Gerstnerova. Bezpe\u010dnost d\u011bt\u00ed byla zm\u00edn\u011bna i&nbsp;v\u00a0souvislosti s&nbsp;budouc\u00edm pr\u016fchodem k\u00a0nov\u00e9 \u017eelezni\u010dn\u00ed zast\u00e1vce Praha-V\u00fdstavi\u0161t\u011b um\u00edst\u011bn\u00e9 za are\u00e1lem \u0161koly. Mezi dal\u0161\u00ed t\u00e9mata pat\u0159il vandalismus a&nbsp;nepo\u0159\u00e1dek, povrchy chodn\u00edk\u016f, podoba zelen\u011b, ale i\u00a0\u0161patn\u00fd stav n\u011bkter\u00fdch p\u0159ilehl\u00fdch dom\u016f. Jasn\u011b zazn\u00edvala pot\u0159eba vzniku klidov\u00e9ho m\u00edsta p\u0159ed \u0161kolou, zvl\u00e1\u0161t\u011b dopln\u011bn\u00ed mobili\u00e1\u0159e.<\/p>\r\n<p><img loading=\"lazy\" src=\"https:\/\/www.praha7.cz\/wp-content\/uploads\/2023\/02\/\u00fa\u010dastn\u00edci-v-debat\u011b-1452x1000.jpg\" alt=\"\" width=\"640\" height=\"441\" class=\"alignnone size-large wp-image-64039\" srcset=\"https:\/\/www.praha7.cz\/wp-content\/uploads\/2023\/02\/\u00fa\u010dastn\u00edci-v-debat\u011b-1452x1000.jpg 1452w, https:\/\/www.praha7.cz\/wp-content\/uploads\/2023\/02\/\u00fa\u010dastn\u00edci-v-debat\u011b-581x400.jpg 581w, https:\/\/www.praha7.cz\/wp-content\/uploads\/2023\/02\/\u00fa\u010dastn\u00edci-v-debat\u011b-768x529.jpg 768w\" sizes=\"(max-width: 640px) 100vw, 640px\" \/><\/p>\r\n<p>A\u010dkoli se tato prvn\u00ed participa\u010dn\u00ed akce pro ve\u0159ejnost uskute\u010dnila za nevl\u00eddn\u00e9ho lednov\u00e9ho po\u010das\u00ed, dorazilo asi t\u0159icet ob\u010dan\u016f, p\u0159inesla mnoho podn\u011bt\u016f a&nbsp;byla zodpov\u011bzena tak\u00e9 \u0159ada dotaz\u016f. N\u00e1sledovat bude dal\u0161\u00ed setk\u00e1n\u00ed na po\u010d\u00e1tku l\u00e9ta, kde bude p\u0159edstaven n\u00e1vrh koncep\u010dn\u00ed studie t\u00e9\u017e za \u00fa\u010dasti vybran\u00e9ho architektonick\u00e9ho studia. Diskuzi o&nbsp;ve\u0159ejn\u00e9m prostranstv\u00ed okol\u00ed bydli\u0161t\u011b i&nbsp;m\u00edsta, kde \u017e\u00e1ci tr\u00e1v\u00ed dost \u010dasu, se bude t\u00e9\u017e v\u011bnovat \u0161koln\u00ed projektov\u00fd den. Sn\u00edmky n\u011bkter\u00fdch z\u00e1kout\u00ed v\u00a0okol\u00ed \u0161koly, kter\u00e9 po\u0159\u00eddili p\u0159\u00edmo \u017e\u00e1ci, je mo\u017en\u00e9 zhl\u00e9dnout na venkovn\u00ed v\u00fdstav\u011b p\u0159ed \u0161kolou.<\/p>\r\n<p><strong>D\u011bkujeme v\u0161em, kte\u0159\u00ed na setk\u00e1n\u00ed dorazili a\u00a0pod\u011blili se o&nbsp;sv\u00e9 n\u00e1zory. Budeme r\u00e1di za zasl\u00e1n\u00ed dal\u0161\u00edch p\u0159ipom\u00ednek \u010di n\u00e1pad\u016f na e-mail:\u00a0<a href=\"mailto:novakovat@praha7.cz\">novakovat@praha7.cz<\/a><\/strong><\/p>\r\n<p><img loading=\"lazy\" src=\"https:\/\/www.praha7.cz\/wp-content\/uploads\/2023\/02\/mapa-1500x1000.jpg\" alt=\"\" width=\"640\" height=\"427\" class=\"alignnone size-large wp-image-64038\" srcset=\"https:\/\/www.praha7.cz\/wp-content\/uploads\/2023\/02\/mapa-1500x1000.jpg 1500w, https:\/\/www.praha7.cz\/wp-content\/uploads\/2023\/02\/mapa-600x400.jpg 600w, https:\/\/www.praha7.cz\/wp-content\/uploads\/2023\/02\/mapa-768x512.jpg 768w\" sizes=\"(max-width: 640px) 100vw, 640px\" \/><\/p>\r\n<p>V\u00edce o&nbsp;prom\u011bn\u011b okol\u00ed FZ\u0160 Um\u011bleck\u00e1 se do\u010dtete <strong><a href=\"https:\/\/www.praha7.cz\/potrebuji-zaridit\/stavba-rekonstrukce\/planujte-sedmicku-s-nami\/okoli-fzs-umelecka\/\">zde<\/a><\/strong>.<\/p>","protected":false},"excerpt":{"rendered":"[perex] V\u00a0pond\u011bl\u00ed 30.&nbsp;ledna 2023 od 17 hodin prob\u011bhla participa\u010dn\u00ed proch\u00e1zka v\u00a0okol\u00ed Fakultn\u00ed z\u00e1kladn\u00ed \u0161koly Um\u011bleck\u00e1. \u00da\u010dastn\u00edci se sezn\u00e1mili s\u00a0aktu\u00e1ln\u00ed f\u00e1z\u00ed projektu, j\u00ed\u017e je p\u0159\u00edprava zad\u00e1n\u00ed koncep\u010dn\u00ed studie ulic Gerstnerova, Um\u011bleck\u00e1 a\u00a0U\u00a0Stud\u00e1nky, a&nbsp;m\u011bli mo\u017enost se vyj\u00e1d\u0159it k\u00a0tomu, co je v\u00a0\u0159e\u0161en\u00e9 lokalit\u011b tr\u00e1p\u00ed, \u010di co naopak oce\u0148uj\u00ed. Setk\u00e1n\u00ed vedla radn\u00ed pro \u00fazemn\u00ed rozvoj a&nbsp;participaci Lenka Burgerov\u00e1, radn\u00ed [&hellip;]","protected":false},"author":251,"featured_media":64041,"comment_status":"closed","ping_status":"open","sticky":false,"template":"","format":"standard","meta":[],"categories":[34],"tags":[],"_links":{"self":[{"href":"https:\/\/www.praha7.cz\/api\/wp\/v2\/posts\/64037"}],"collection":[{"href":"https:\/\/www.praha7.cz\/api\/wp\/v2\/posts"}],"about":[{"href":"https:\/\/www.praha7.cz\/api\/wp\/v2\/types\/post"}],"author":[{"embeddable":true,"href":"https:\/\/www.praha7.cz\/api\/wp\/v2\/users\/251"}],"replies":[{"embeddable":true,"href":"https:\/\/www.praha7.cz\/api\/wp\/v2\/comments?post=64037"}],"version-history":[{"count":7,"href":"https:\/\/www.praha7.cz\/api\/wp\/v2\/posts\/64037\/revisions"}],"predecessor-version":[{"id":64111,"href":"https:\/\/www.praha7.cz\/api\/wp\/v2\/posts\/64037\/revisions\/64111"}],"wp:featuredmedia":[{"embeddable":true,"href":"https:\/\/www.praha7.cz\/api\/wp\/v2\/media\/64041"}],"wp:attachment":[{"href":"https:\/\/www.praha7.cz\/api\/wp\/v2\/media?parent=64037"}],"wp:term":[{"taxonomy":"category","embeddable":true,"href":"https:\/\/www.praha7.cz\/api\/wp\/v2\/categories?post=64037"},{"taxonomy":"post_tag","embeddable":true,"href":"https:\/\/www.praha7.cz\/api\/wp\/v2\/tags?post=64037"}],"curies":[{"name":"wp","href":"https:\/\/api.w.org\/{rel}","templated":true}]}}