    
{"id":63986,"date":"2023-02-07T12:04:18","date_gmt":"2023-02-07T11:04:18","guid":{"rendered":"https:\/\/www.praha7.cz\/?p=63986"},"modified":"2023-02-07T12:04:56","modified_gmt":"2023-02-07T11:04:56","slug":"vystava-eliska-hanus-hana-g-sommerova-hezka-prochazka","status":"publish","type":"post","link":"https:\/\/www.praha7.cz\/vystava-eliska-hanus-hana-g-sommerova-hezka-prochazka\/","title":{"rendered":"V\u00fdstava Eli\u0161ka Hanu\u0161 &#038; Hana G. Sommerov\u00e1 \u2013 Hezk\u00e1 proch\u00e1zka"},"content":{"rendered":"<p>[perex]<\/p>\r\n<p>M\u011bstsk\u00e1 \u010d\u00e1st Praha&nbsp;7 v\u00e1s srde\u010dn\u011b zve na v\u00fdstavu um\u011blky\u0148 Eli\u0161ky Hanu\u0161 a&nbsp;Hany G. Sommerov\u00e9 s&nbsp;n\u00e1zvem Hezk\u00e1 proch\u00e1zka. Vernis\u00e1\u017e v\u00fdstavy se uskute\u010dn\u00ed ve \u010dtvrtek 9.&nbsp;\u00fanora 2023 v&nbsp;16.30 v&nbsp;<a href=\"https:\/\/www.praha7.cz\/temata\/art-district-7\/galerie-na-milade\/\">Galerie na Milad\u011b<\/a>\u00a0(Informa\u010dn\u00ed centrum, M. Hor\u00e1kov\u00e9 2). V\u00fdstava sou\u010dasn\u011b pokra\u010duje ve v\u00fdloze uli\u010dn\u00ed galerie Polikliniky Prahy&nbsp;7, potrv\u00e1 do 10.&nbsp;b\u0159ezna 2023 a&nbsp;vstup na ni je voln\u00fd.<\/p>\r\n<p>[\/perex]<\/p>\r\n<p>Um\u011blkyn\u011b dlouhodob\u011b spolupracuj\u00ed a&nbsp;tvo\u0159\u00ed autorskou dvojici. Ve sv\u00e9 tvorb\u011b se v\u011bnuj\u00ed zpracov\u00e1n\u00ed motiv\u016f z&nbsp;nejbli\u017e\u0161\u00edho okol\u00ed. Jedn\u00e1 se o&nbsp;pohledy do ulic, zahrad a&nbsp;p\u0159\u00edrody. Hledaj\u00ed cestu, jak vyj\u00e1d\u0159it b\u011b\u017enou realitu vlastn\u00edm tvaroslov\u00edm. Ob\u011bma je bl\u00edzk\u00e1 nadsazen\u00e1 barevnost a&nbsp;redukce reality, kterou ka\u017ed\u00e1 vyu\u017e\u00edv\u00e1 v&nbsp;jin\u00e9 v\u00fdtvarn\u00e9 technice. Pr\u016fse\u010d\u00edkem v\u00fdstavy je spole\u010dn\u00fd z\u00e1sah vizu\u00e1ln\u00ed instalac\u00ed do v\u00fdstavn\u00edho prostoru.<\/p>\r\n<hr \/>\r\n<p>\ud835\udddb\ud835\uddf2\ud835\ude07\ud835\uddf8\ud835\uddee\u0301 \ud835\uddfd\ud835\uddff\ud835\uddfc\ud835\uddf0\ud835\uddf5\ud835\uddee\u0301\ud835\ude07\ud835\uddf8\ud835\uddee<\/p>\r\n<p>Zelin\u00e1\u0159sk\u00e9 zahrady v&nbsp;l\u00e9t\u011b na ve\u010der,<br \/>\r\nlaskav\u00e1 voda konv\u00ed v\u00e1s ti\u0161e oslovuje,<br \/>\r\nr\u016f\u017eice pln\u00e9 \u00fast \u2013<br \/>\r\nVelmi v\u00e1s miluji<\/p>\r\n<p>pro tu tajemnost krok\u016f a&nbsp;st\u00e1l\u00e9ho \u0161epotu,<br \/>\r\npro tu tajemnost ps\u00edho za\u0161t\u011bknut\u00ed,<br \/>\r\nvenkova na pokraji m\u011bsta.<br \/>\r\nJe\u0161t\u011b dlouho mezi domy<\/p>\r\n<p>t\u00e1hne se za mnou<br \/>\r\ndlouh\u00fd zelenav\u00fd p\u00e1s p\u00e1ry,<br \/>\r\nz\u00e1voje va\u0161\u00ed bohyn\u011b,<br \/>\r\nPan\u00ed kr\u00e1l\u00ed\u010dk\u016f a&nbsp;sv\u00edt\u00e1n\u00ed.<\/p>\r\n<p><em>(Ivan Blatn\u00fd, z&nbsp;b\u00e1snick\u00e9 sb\u00edrky PAN\u00cd JIT\u0158ENKA, Nakladatelstv\u00ed Host \/ Druh\u00e9 m\u011bsto, Brno, 2019, v\u011bnov\u00e1no Milad\u011b)<\/em><\/p>\r\n<hr \/>\r\n<p>\ud835\uddd8\ud835\uddf9\ud835\uddf6\ud835\ude00\u030c\ud835\uddf8\ud835\uddee \ud835\udddb\ud835\uddee\ud835\uddfb\ud835\ude02\ud835\ude00\u030c (*\ud835\udfed\ud835\udff5\ud835\udff5\ud835\udff2)<\/p>\r\n<p>Studentka magistersk\u00e9ho programu v&nbsp;ateli\u00e9ru Textiln\u00ed tvorby na UMPRUM v&nbsp;Praze. Absolvovala st\u00e1\u017e v&nbsp;ateli\u00e9ru Malby 1 na AVU. Ve sv\u00e9 pr\u00e1ci se inspiruje prost\u0159ed\u00edm, kter\u00e9 ji obklopuje. Zaj\u00edm\u00e1 ji vztah m\u011bsta a&nbsp;p\u0159\u00edrody. Obl\u00edben\u00fdm t\u00e9matem je zahrada, kter\u00e1 poskytuje fragmenty lidsk\u00e9ho byt\u00ed. Jsou jimi konve v&nbsp;z\u00e1honech, modr\u00e9 sudy na vodu nebo prov\u00e1zek obmotan\u00fd na brance. Pohledy zd\u00e1nliv\u00e9 nudy a&nbsp;v\u0161ednodennosti zpracov\u00e1v\u00e1 do element\u00e1rn\u00edch kompozic pastelov\u00fd kreseb, kol\u00e1\u017e\u00ed a&nbsp;digit\u00e1ln\u00ed kresby. V\u011bnuje se tak\u00e9 textiln\u00ed tvorb\u011b a&nbsp;voln\u00fdm autorsk\u00fdm objekt\u016fm. Autorka se prezentovala na v\u00fdstav\u00e1ch voln\u00e9ho a&nbsp;u\u017eit\u00e9ho um\u011bn\u00ed. Mezi posledn\u00ed pat\u0159\u00ed v\u00fdstava v&nbsp;Pragovka Gallery v&nbsp;Praze a&nbsp;\u00fa\u010dast Dutch Design Week v&nbsp;Eindhovenu.<br \/>\r\n<a href=\"http:\/\/www.instagram.com\/eliskahanus\">www.instagram.com\/eliskahanus\/<\/a><\/p>\r\n<hr \/>\r\n<p>\ud835\udddb\ud835\uddee\ud835\uddfb\ud835\uddee \ud835\uddda\ud835\uddff\ud835\uddfc\ud835\uddf1\ud835\uddf9\ud835\uddfc\ud835\ude03\ud835\uddee\u0301 \ud835\udde6\ud835\uddfc\ud835\uddfa\ud835\uddfa\ud835\uddf2\ud835\uddff\ud835\uddfc\ud835\ude03\ud835\uddee\u0301 (*\ud835\udfed\ud835\udff5\ud835\udff5\ud835\udff2)<\/p>\r\n<p>\u010cerstv\u00e1 absolventka Akademie v\u00fdtvarn\u00fdch um\u011bn\u00ed v&nbsp;Praze (2016\u20132022) z&nbsp;ateli\u00e9ru Malby 1 (Robert \u0160alanda a&nbsp;Luk\u00e1\u0161 Machalick\u00fd). Byla na dvou st\u00e1\u017e\u00edch, prvn\u00ed v&nbsp;ateli\u00e9ru Grafiky 1 u&nbsp;Dalibora Smutn\u00e9ho na AVU a&nbsp;druh\u00e1 v&nbsp;ateli\u00e9ru Textilu na UMPRUM. Ve sv\u00e9 tvorb\u011b se soust\u0159ed\u00ed na zachycen\u00ed sv\u011bteln\u00e9 atmosf\u00e9ry m\u00edst a&nbsp;chvil. Nej\u010dast\u011bji pracuje v&nbsp;technice akvarelu, vyu\u017e\u00edv\u00e1 i&nbsp;linoryt a&nbsp;vizu\u00e1ln\u00edch instalac\u00ed. \u00da\u010dastnila se \u0159ady v\u00fdstav a&nbsp;sympozi\u00ed. Jako posledn\u00ed se d\u00e1 zm\u00ednit dvoum\u011bs\u00ed\u010dn\u00ed rezidence v&nbsp;Reme\u0161i v&nbsp;kulturn\u00edm centru La Fileuse. Vystavovala nap\u0159\u00edklad Z\u00f3n\u011b pro um\u011bn\u00ed 8smi\u010dka v&nbsp;Humpolci, Oblastn\u00ed galerie Vyso\u010diny v&nbsp;Jihlav\u011b, Naugallery v&nbsp;Praze nebo na festivalu Parrallel Vienna ve V\u00eddni.<br \/>\r\n<a href=\"http:\/\/www.hanasommerova.com\">www.hanasommerova.com<\/a><br \/>\r\n<a href=\"http:\/\/www.instagram.com\/sommerova.hana\/\">www.instagram.com\/sommerova.hana\/<\/a><\/p>","protected":false},"excerpt":{"rendered":"[perex] M\u011bstsk\u00e1 \u010d\u00e1st Praha&nbsp;7 v\u00e1s srde\u010dn\u011b zve na v\u00fdstavu um\u011blky\u0148 Eli\u0161ky Hanu\u0161 a&nbsp;Hany G. Sommerov\u00e9 s&nbsp;n\u00e1zvem Hezk\u00e1 proch\u00e1zka. Vernis\u00e1\u017e v\u00fdstavy se uskute\u010dn\u00ed ve \u010dtvrtek 9.&nbsp;\u00fanora 2023 v&nbsp;16.30 v&nbsp;Galerie na Milad\u011b\u00a0(Informa\u010dn\u00ed centrum, M. Hor\u00e1kov\u00e9 2). V\u00fdstava sou\u010dasn\u011b pokra\u010duje ve v\u00fdloze uli\u010dn\u00ed galerie Polikliniky Prahy&nbsp;7, potrv\u00e1 do 10.&nbsp;b\u0159ezna 2023 a&nbsp;vstup na ni je voln\u00fd. [\/perex] Um\u011blkyn\u011b dlouhodob\u011b [&hellip;]","protected":false},"author":76,"featured_media":63989,"comment_status":"closed","ping_status":"open","sticky":false,"template":"","format":"standard","meta":[],"categories":[34],"tags":[],"_links":{"self":[{"href":"https:\/\/www.praha7.cz\/api\/wp\/v2\/posts\/63986"}],"collection":[{"href":"https:\/\/www.praha7.cz\/api\/wp\/v2\/posts"}],"about":[{"href":"https:\/\/www.praha7.cz\/api\/wp\/v2\/types\/post"}],"author":[{"embeddable":true,"href":"https:\/\/www.praha7.cz\/api\/wp\/v2\/users\/76"}],"replies":[{"embeddable":true,"href":"https:\/\/www.praha7.cz\/api\/wp\/v2\/comments?post=63986"}],"version-history":[{"count":5,"href":"https:\/\/www.praha7.cz\/api\/wp\/v2\/posts\/63986\/revisions"}],"predecessor-version":[{"id":64137,"href":"https:\/\/www.praha7.cz\/api\/wp\/v2\/posts\/63986\/revisions\/64137"}],"wp:featuredmedia":[{"embeddable":true,"href":"https:\/\/www.praha7.cz\/api\/wp\/v2\/media\/63989"}],"wp:attachment":[{"href":"https:\/\/www.praha7.cz\/api\/wp\/v2\/media?parent=63986"}],"wp:term":[{"taxonomy":"category","embeddable":true,"href":"https:\/\/www.praha7.cz\/api\/wp\/v2\/categories?post=63986"},{"taxonomy":"post_tag","embeddable":true,"href":"https:\/\/www.praha7.cz\/api\/wp\/v2\/tags?post=63986"}],"curies":[{"name":"wp","href":"https:\/\/api.w.org\/{rel}","templated":true}]}}