    
{"id":63985,"date":"2023-02-03T11:38:26","date_gmt":"2023-02-03T10:38:26","guid":{"rendered":"https:\/\/www.praha7.cz\/?p=63985"},"modified":"2023-02-03T15:38:15","modified_gmt":"2023-02-03T14:38:15","slug":"stante-se-soucasti-rodinneho-dne-prahy-7-2","status":"publish","type":"post","link":"https:\/\/www.praha7.cz\/stante-se-soucasti-rodinneho-dne-prahy-7-2\/","title":{"rendered":"Sta\u0148te se sou\u010d\u00e1st\u00ed Rodinn\u00e9ho dne Prahy&nbsp;7"},"content":{"rendered":"<p>[perex]<br \/>\r\nV&nbsp;ned\u011bli 4.&nbsp;\u010dervna 2023 se v&nbsp;are\u00e1lu V\u00fdstavi\u0161t\u011b Praha uskute\u010dn\u00ed sedm\u00fd ro\u010dn\u00edk akce Rodinn\u00fd den Prahy&nbsp;7. B\u011bhem dne pln\u00e9ho z\u00e1bavy chce sedm\u00e1 m\u011bstsk\u00e1 \u010d\u00e1st spole\u010dn\u011b s\u00a0V\u00fdstavi\u0161t\u011bm Praha p\u0159edstavit bohatou nab\u00eddku slu\u017eeb a&nbsp;produkt\u016f firem, \u017eivnostn\u00edk\u016f, spolk\u016f a&nbsp;instituc\u00ed p\u016fsob\u00edc\u00edch na \u00fazem\u00ed Prahy&nbsp;7. <strong>Jste \u017eivnostn\u00edk \u010di vlastn\u00edte firmu na Sedmi\u010dce?<\/strong> <strong>Jste \u010dlenem sportovn\u00ed, divadeln\u00ed nebo jin\u00e9 organizace p\u016fsob\u00edc\u00ed v&nbsp;Praze 7?<\/strong> V\u00edce informac\u00ed z\u00edsk\u00e1te na e-mailu:\u00a0<a href=\"mailto:program@navystavisti.cz\">program@navystavisti.cz<\/a>\u00a0<\/p>\r\n<p>[\/perex]<\/p>","protected":false},"excerpt":{"rendered":"[perex] V&nbsp;ned\u011bli 4.&nbsp;\u010dervna 2023 se v&nbsp;are\u00e1lu V\u00fdstavi\u0161t\u011b Praha uskute\u010dn\u00ed sedm\u00fd ro\u010dn\u00edk akce Rodinn\u00fd den Prahy&nbsp;7. B\u011bhem dne pln\u00e9ho z\u00e1bavy chce sedm\u00e1 m\u011bstsk\u00e1 \u010d\u00e1st spole\u010dn\u011b s\u00a0V\u00fdstavi\u0161t\u011bm Praha p\u0159edstavit bohatou nab\u00eddku slu\u017eeb a&nbsp;produkt\u016f firem, \u017eivnostn\u00edk\u016f, spolk\u016f a&nbsp;instituc\u00ed p\u016fsob\u00edc\u00edch na \u00fazem\u00ed Prahy&nbsp;7. Jste \u017eivnostn\u00edk \u010di vlastn\u00edte firmu na Sedmi\u010dce? Jste \u010dlenem sportovn\u00ed, divadeln\u00ed nebo jin\u00e9 organizace p\u016fsob\u00edc\u00ed v&nbsp;Praze [&hellip;]","protected":false},"author":251,"featured_media":63992,"comment_status":"closed","ping_status":"open","sticky":false,"template":"","format":"standard","meta":[],"categories":[34],"tags":[],"_links":{"self":[{"href":"https:\/\/www.praha7.cz\/api\/wp\/v2\/posts\/63985"}],"collection":[{"href":"https:\/\/www.praha7.cz\/api\/wp\/v2\/posts"}],"about":[{"href":"https:\/\/www.praha7.cz\/api\/wp\/v2\/types\/post"}],"author":[{"embeddable":true,"href":"https:\/\/www.praha7.cz\/api\/wp\/v2\/users\/251"}],"replies":[{"embeddable":true,"href":"https:\/\/www.praha7.cz\/api\/wp\/v2\/comments?post=63985"}],"version-history":[{"count":5,"href":"https:\/\/www.praha7.cz\/api\/wp\/v2\/posts\/63985\/revisions"}],"predecessor-version":[{"id":64036,"href":"https:\/\/www.praha7.cz\/api\/wp\/v2\/posts\/63985\/revisions\/64036"}],"wp:featuredmedia":[{"embeddable":true,"href":"https:\/\/www.praha7.cz\/api\/wp\/v2\/media\/63992"}],"wp:attachment":[{"href":"https:\/\/www.praha7.cz\/api\/wp\/v2\/media?parent=63985"}],"wp:term":[{"taxonomy":"category","embeddable":true,"href":"https:\/\/www.praha7.cz\/api\/wp\/v2\/categories?post=63985"},{"taxonomy":"post_tag","embeddable":true,"href":"https:\/\/www.praha7.cz\/api\/wp\/v2\/tags?post=63985"}],"curies":[{"name":"wp","href":"https:\/\/api.w.org\/{rel}","templated":true}]}}