    
{"id":63876,"date":"2023-01-30T15:31:36","date_gmt":"2023-01-30T14:31:36","guid":{"rendered":"https:\/\/www.praha7.cz\/?p=63876"},"modified":"2023-03-01T06:27:34","modified_gmt":"2023-03-01T05:27:34","slug":"anketa-odkud-cerpate-informace-o-deni-na-sedmicce","status":"publish","type":"post","link":"https:\/\/www.praha7.cz\/anketa-odkud-cerpate-informace-o-deni-na-sedmicce\/","title":{"rendered":"Anketa: Odkud \u010derp\u00e1te informace o&nbsp;d\u011bn\u00ed na Sedmi\u010dce?"},"content":{"rendered":"<p>[perex]<\/p>\r\n<p>Sledujete d\u011bn\u00ed na Sedmi\u010dce? Dozv\u00edte se o&nbsp;v\u0161em v\u010das, nebo m\u00e1te pocit, \u017ee v\u00e1m n\u011bkter\u00e9 informace st\u00e1le unikaj\u00ed? A\u017e do konce \u00fanora se m\u016f\u017eete vyj\u00e1d\u0159it k&nbsp;tomu, ze kter\u00fdch zdroj\u016f z\u00edsk\u00e1v\u00e1te informace o&nbsp;aktu\u00e1ln\u00edm d\u011bn\u00ed a&nbsp;\u017eivot\u011b na Sedmi\u010dce.<\/p>\r\n<p>[\/perex]<\/p>\r\n<p>Z\u00edskat a&nbsp;udr\u017eet si dobr\u00fd p\u0159ehled o&nbsp;tom, jak\u00e9 jsou pot\u0159eby ob\u010dan\u016f, a&nbsp;adekv\u00e1tn\u011b na n\u011b p\u0159i pl\u00e1nov\u00e1n\u00ed reagovat, je dlouhodob\u011b jedn\u00edm z&nbsp;hlavn\u00edch c\u00edl\u016f m\u011bstsk\u00e9 \u010d\u00e1sti. Va\u0161e odpov\u011bdi n\u00e1m pomohou l\u00e9pe p\u0159izp\u016fsobit na\u0161i komunikaci va\u0161im pot\u0159eb\u00e1m a&nbsp;zajistit, abyste m\u011bli k\u00a0dispozici v\u017edy relevantn\u00ed a&nbsp;aktu\u00e1ln\u00ed informace. Va\u0161e n\u00e1zory a&nbsp;p\u0159ipom\u00ednky jsou pro n\u00e1s velmi d\u016fle\u017eit\u00e9.\u00a0\u00a0<\/p>\r\n<p>Kr\u00e1tkou anketu najdete <strong><a href=\"https:\/\/docs.google.com\/forms\/d\/e\/1FAIpQLSdvdPSM-mN5JITP8t3yHJ4TIzuuCYRxvQQWRVaVpe9pduvQGQ\/viewform\">ZDE<\/a><\/strong>.<\/p>\r\n<p>D\u011bkujeme za va\u0161i \u00fa\u010dast!<\/p>","protected":false},"excerpt":{"rendered":"[perex] Sledujete d\u011bn\u00ed na Sedmi\u010dce? Dozv\u00edte se o&nbsp;v\u0161em v\u010das, nebo m\u00e1te pocit, \u017ee v\u00e1m n\u011bkter\u00e9 informace st\u00e1le unikaj\u00ed? A\u017e do konce \u00fanora se m\u016f\u017eete vyj\u00e1d\u0159it k&nbsp;tomu, ze kter\u00fdch zdroj\u016f z\u00edsk\u00e1v\u00e1te informace o&nbsp;aktu\u00e1ln\u00edm d\u011bn\u00ed a&nbsp;\u017eivot\u011b na Sedmi\u010dce. [\/perex] Z\u00edskat a&nbsp;udr\u017eet si dobr\u00fd p\u0159ehled o&nbsp;tom, jak\u00e9 jsou pot\u0159eby ob\u010dan\u016f, a&nbsp;adekv\u00e1tn\u011b na n\u011b p\u0159i pl\u00e1nov\u00e1n\u00ed reagovat, je dlouhodob\u011b [&hellip;]","protected":false},"author":251,"featured_media":63877,"comment_status":"closed","ping_status":"open","sticky":false,"template":"","format":"standard","meta":[],"categories":[34],"tags":[],"_links":{"self":[{"href":"https:\/\/www.praha7.cz\/api\/wp\/v2\/posts\/63876"}],"collection":[{"href":"https:\/\/www.praha7.cz\/api\/wp\/v2\/posts"}],"about":[{"href":"https:\/\/www.praha7.cz\/api\/wp\/v2\/types\/post"}],"author":[{"embeddable":true,"href":"https:\/\/www.praha7.cz\/api\/wp\/v2\/users\/251"}],"replies":[{"embeddable":true,"href":"https:\/\/www.praha7.cz\/api\/wp\/v2\/comments?post=63876"}],"version-history":[{"count":2,"href":"https:\/\/www.praha7.cz\/api\/wp\/v2\/posts\/63876\/revisions"}],"predecessor-version":[{"id":63879,"href":"https:\/\/www.praha7.cz\/api\/wp\/v2\/posts\/63876\/revisions\/63879"}],"wp:featuredmedia":[{"embeddable":true,"href":"https:\/\/www.praha7.cz\/api\/wp\/v2\/media\/63877"}],"wp:attachment":[{"href":"https:\/\/www.praha7.cz\/api\/wp\/v2\/media?parent=63876"}],"wp:term":[{"taxonomy":"category","embeddable":true,"href":"https:\/\/www.praha7.cz\/api\/wp\/v2\/categories?post=63876"},{"taxonomy":"post_tag","embeddable":true,"href":"https:\/\/www.praha7.cz\/api\/wp\/v2\/tags?post=63876"}],"curies":[{"name":"wp","href":"https:\/\/api.w.org\/{rel}","templated":true}]}}