    
{"id":63564,"date":"2023-01-20T12:16:31","date_gmt":"2023-01-20T11:16:31","guid":{"rendered":"https:\/\/www.praha7.cz\/?p=63564"},"modified":"2023-01-20T12:16:31","modified_gmt":"2023-01-20T11:16:31","slug":"hledate-zajimavou-praci-v-socialni-oblasti-7","status":"publish","type":"post","link":"https:\/\/www.praha7.cz\/hledate-zajimavou-praci-v-socialni-oblasti-7\/","title":{"rendered":"Hled\u00e1te zaj\u00edmavou pr\u00e1ci v&nbsp;soci\u00e1ln\u00ed oblasti?"},"content":{"rendered":"<p>[perex]<\/p>\r\n<p>\u00da\u0159ad Prahy\u00a07 sh\u00e1n\u00ed do sv\u00e9ho t\u00fdmu kolegu\/kolegyni na pozici referent\/ka samospr\u00e1vn\u00fdch \u010dinnost\u00ed Odboru soci\u00e1ln\u00edho za\u010dle\u0148ov\u00e1n\u00ed. Chcete b\u00fdt sou\u010d\u00e1st\u00ed t\u00fdmu, kter\u00fd pom\u00e1h\u00e1 lidem v\u00a0obt\u00ed\u017en\u00fdch \u017eivotn\u00edch situac\u00edch? Jste pe\u010dliv\u00ed a\u00a0sv\u011bdomit\u00ed a\u00a0r\u00e1di byste se uplatnili v\u00a0pr\u00e1ci, kter\u00e1 m\u00e1 smysl? M\u00e1te z\u00e1jem pracovat v\u00a0dynamicky se rozv\u00edjej\u00edc\u00ed m\u011bstsk\u00e9 \u010d\u00e1sti pro \u00fa\u0159ad s\u00a0tak trochu jin\u00fdm p\u0159\u00edstupem? Nev\u00e1hejte a\u00a0p\u0159ihlaste se do na\u0161eho popt\u00e1vkov\u00e9ho \u0159\u00edzen\u00ed.<\/p>\r\n<p>[\/perex]<\/p>\r\n<h3>Co u&nbsp;n\u00e1s budete d\u011blat?<\/h3>\r\n<p>Stanete se oporou t\u00fdmu Odboru soci\u00e1ln\u00edho za\u010dle\u0148ov\u00e1n\u00ed. Povedete dokumentaci odboru, budete zpracov\u00e1vat materi\u00e1ly k\u00a0projedn\u00e1n\u00ed org\u00e1ny m\u011bstsk\u00e9 \u010d\u00e1sti, budete organizovat r\u016fzn\u00e9 samospr\u00e1vn\u00ed aktivity a\u00a0akce v\u00a0soci\u00e1ln\u00ed oblasti, budete zaji\u0161\u0165ovat pozici tajemn\u00edka v\u00fdboru, organizovat n\u00e1kupy a\u00a0objedn\u00e1vky, zpracov\u00e1vat agendu projektu &#8222;Krou\u017eek pro ka\u017ed\u00e9 d\u00edt\u011b&#8220;, evidovat po\u0161tu a\u00a0vy\u0159izovat ekonomickou agendu.<\/p>\r\n<p>&nbsp;<\/p>\r\n<h3>Co od v\u00e1s o\u010dek\u00e1v\u00e1me?<\/h3>\r\n<p>&#8211; vy\u0161\u0161\u00ed odborn\u00e9 vzd\u011bl\u00e1n\u00ed nebo st\u0159edn\u00ed vzd\u011bl\u00e1n\u00ed s&nbsp;maturitn\u00ed zkou\u0161kou<\/p>\r\n<p>&#8211; z\u00e1kladn\u00ed orientaci v\u00a0z\u00e1k. \u010d. 128\/2000 Sb. o&nbsp;obc\u00edch a\u00a0z\u00e1k. \u010d. 131\/2000 Sb. o&nbsp;hlavn\u00edm m\u011bst\u011b Praze<\/p>\r\n<p>&#8211; znalost MS Office (Word, Excel, Power Point, Internet)<\/p>\r\n<p>&#8211; znalost GINIS, e-spis v\u00fdhodou<\/p>\r\n<p>&#8211; organiza\u010dn\u00ed a&nbsp;komunika\u010dn\u00ed schopnosti<\/p>\r\n<p>&#8211; p\u0159\u00edjemn\u00e9 vystupov\u00e1n\u00ed<\/p>\r\n<p>&#8211; v\u00fdhodou je praxe v&nbsp;samospr\u00e1v\u011b (ve\u0159ejn\u00e9 spr\u00e1v\u011b)<\/p>\r\n<h3><\/h3>\r\n<h3>Co v\u00e1m nab\u00edz\u00edme?<\/h3>\r\n<p>Pracovn\u00ed pom\u011br na dobu ur\u010ditou &#8211; do roku 2025 podobu trv\u00e1n\u00ed projektu. N\u00e1stupn\u00ed plat v&nbsp;9.&nbsp;platov\u00e9 t\u0159\u00edd\u011b a\u017e do v\u00fd\u0161e 31&nbsp;820&nbsp;K\u010d podle d\u00e9lky odborn\u00e9 praxe. Po zku\u0161ebn\u00ed dob\u011b osobn\u00ed p\u0159\u00edplatek a\u017e do v\u00fd\u0161e 50 %\u00a0maxim\u00e1ln\u00edho n\u00e1stupn\u00edho platu.<\/p>\r\n<table width=\"1109\" height=\"217\" style=\"color: black !important; font-weight: normal !important;\">\r\n<tbody>\r\n<tr>\r\n<td style=\"height: 0px; text-align: center;\"><\/td>\r\n<td style=\"height: 0px; text-align: center;\"><\/td>\r\n<td style=\"height: 0px; text-align: center;\"><\/td>\r\n<\/tr>\r\n<tr>\r\n<td style=\"width: 361px; text-align: center;\">\r\n<p><img loading=\"lazy\" src=\"https:\/\/www.praha7.cz\/wp-content\/uploads\/2018\/11\/rust.jpg\" alt=\"\" width=\"99\" height=\"96\" class=\"alignnone size-full wp-image-21382\" \/><\/p>\r\n<span style=\"font-weight: normal !important; color: black !important;\">Platov\u00e9 ohodnocen\u00ed, kter\u00e9 roste spolu s&nbsp;v\u00e1mi.<\/span><\/td>\r\n<td style=\"width: 363px; text-align: center;\">\r\n<p><img loading=\"lazy\" src=\"https:\/\/www.praha7.cz\/wp-content\/uploads\/2018\/11\/benefit.jpg\" alt=\"\" width=\"99\" height=\"96\" class=\"alignnone size-full wp-image-21381\" \/><\/p>\r\n<span style=\"font-weight: normal !important; color: black !important;\">\u0160irokou \u0161k\u00e1lu benefit\u016f, kter\u00e9 p\u0159ich\u00e1zej\u00ed ve spr\u00e1vn\u00fd \u010das.<\/span><\/td>\r\n<td style=\"width: 363px; text-align: center;\">\r\n<p><img loading=\"lazy\" src=\"https:\/\/www.praha7.cz\/wp-content\/uploads\/2018\/11\/dovolena.jpg\" alt=\"\" width=\"99\" height=\"96\" class=\"alignnone size-full wp-image-21383\" \/><\/p>\r\n<span style=\"font-weight: normal !important; color: black !important;\">5 t\u00fddn\u016f dovolen\u00e9, na kterou nebudete cht\u00edt odjet.<\/span><\/td>\r\n<\/tr>\r\n<tr>\r\n<td style=\"width: 361px; text-align: center;\">\r\n<p><img loading=\"lazy\" src=\"https:\/\/www.praha7.cz\/wp-content\/uploads\/2018\/11\/vzdelavani.jpg\" alt=\"\" width=\"142\" height=\"96\" class=\"alignnone size-full wp-image-21384\" \/><\/p>\r\n<span style=\"font-weight: normal !important; color: black !important;\">Mo\u017enost dal\u0161\u00edho vzd\u011bl\u00e1v\u00e1n\u00ed, abyste se ve sv\u011bt\u011b neztratili.<\/span><\/td>\r\n<td style=\"width: 363px; text-align: center;\">\r\n<p><img loading=\"lazy\" src=\"https:\/\/www.praha7.cz\/wp-content\/uploads\/2018\/11\/inspirace.jpg\" alt=\"\" width=\"99\" height=\"96\" class=\"alignnone size-full wp-image-21385\" \/><\/p>\r\n<span style=\"font-weight: normal !important; color: black !important;\">Pr\u00e1ci v&nbsp;inspirativn\u00edm kolektivu, kde se p\u0159ed n\u00e1pady nezav\u00edraj\u00ed o\u010di.<\/span><\/td>\r\n<td style=\"width: 363px; text-align: center;\">\r\n<p><img loading=\"lazy\" src=\"https:\/\/www.praha7.cz\/wp-content\/uploads\/2018\/11\/perspektiva.jpg\" alt=\"\" width=\"99\" height=\"96\" class=\"alignnone size-full wp-image-21386\" \/><\/p>\r\n<span style=\"font-weight: normal !important; color: black !important;\">Perspektivn\u00ed zam\u011bstn\u00e1n\u00ed, kde pom\u00e1h\u00e1te m\u011bnit sv\u011bt kolem sebe.<\/span><\/td>\r\n<\/tr>\r\n<\/tbody>\r\n<\/table>\r\n<p>&nbsp;<\/p>\r\n<h3>Jak se k\u00a0n\u00e1m dostanete?<\/h3>\r\n<p>P\u0159ihl\u00e1\u0161ku a&nbsp;souhlas se zpracov\u00e1n\u00edm osobn\u00edch \u00fadaj\u016f (naleznete ve <a href=\"https:\/\/www.praha7.cz\/radnice\/povinne-zverejnovane-informace\/formulare\/\">Formul\u00e1\u0159\u00edch Odboru person\u00e1ln\u00edch \u010dinnost\u00ed<\/a>) v\u010detn\u011b strukturovan\u00e9ho \u017eivotopisu je mo\u017en\u00e9 osobn\u011b doru\u010dit v&nbsp;\u00fa\u0159edn\u00edch hodin\u00e1ch do podatelny \u00da\u0159adu M\u010c Praha&nbsp;7 nebo zaslat na n\u00ed\u017ee uvedenou adresu, p\u0159\u00edpadn\u011b zaslat i&nbsp;e-mailem na <a href=\"mailto:pouzarovae@praha7.cz\">pouzarovae@praha7.cz<\/a> <span style=\"color: #ff0000;\"><strong>nejpozd\u011bji do 6.&nbsp;2.&nbsp;2023<\/strong><\/span>.<\/p>\r\n<p>&nbsp;<\/p>\r\n<p><strong>Vznik pracovn\u00edho pom\u011bru dohodou.<\/strong><\/p>\r\n<p>&nbsp;<\/p>\r\n<p><em>M\u011bstsk\u00e1 \u010d\u00e1st Praha&nbsp;7<\/em><\/p>\r\n<p><em>\u00da\u0159ad m\u011bstsk\u00e9 \u010d\u00e1sti Praha&nbsp;7<\/em><\/p>\r\n<p><em>Odbor person\u00e1ln\u00edch \u010dinnost\u00ed<\/em><\/p>\r\n<p><em>U Pr\u016fhonu 1338\/38<\/em><\/p>\r\n<p><em>170&nbsp;00 Praha&nbsp;7<\/em><\/p>\r\n<p>&nbsp;<\/p>\r\n<p><strong>Ve\u0161ker\u00e9 pot\u0159ebn\u00e9 informace pro p\u0159ihl\u00e1\u0161en\u00ed do popt\u00e1vkov\u00e9ho \u0159\u00edzen\u00ed naleznete <a href=\"https:\/\/www.praha7.cz\/wp-content\/uploads\/2023\/01\/OSZ-referent-samospr\u00e1vn\u00fdch-\u010dinnost\u00ed.pdf\">ZDE<\/a>.<\/strong><\/p>","protected":false},"excerpt":{"rendered":"[perex] \u00da\u0159ad Prahy\u00a07 sh\u00e1n\u00ed do sv\u00e9ho t\u00fdmu kolegu\/kolegyni na pozici referent\/ka samospr\u00e1vn\u00fdch \u010dinnost\u00ed Odboru soci\u00e1ln\u00edho za\u010dle\u0148ov\u00e1n\u00ed. Chcete b\u00fdt sou\u010d\u00e1st\u00ed t\u00fdmu, kter\u00fd pom\u00e1h\u00e1 lidem v\u00a0obt\u00ed\u017en\u00fdch \u017eivotn\u00edch situac\u00edch? Jste pe\u010dliv\u00ed a\u00a0sv\u011bdomit\u00ed a\u00a0r\u00e1di byste se uplatnili v\u00a0pr\u00e1ci, kter\u00e1 m\u00e1 smysl? M\u00e1te z\u00e1jem pracovat v\u00a0dynamicky se rozv\u00edjej\u00edc\u00ed m\u011bstsk\u00e9 \u010d\u00e1sti pro \u00fa\u0159ad s\u00a0tak trochu jin\u00fdm p\u0159\u00edstupem? Nev\u00e1hejte a\u00a0p\u0159ihlaste se do [&hellip;]","protected":false},"author":5,"featured_media":63574,"comment_status":"closed","ping_status":"open","sticky":false,"template":"","format":"standard","meta":[],"categories":[34],"tags":[],"_links":{"self":[{"href":"https:\/\/www.praha7.cz\/api\/wp\/v2\/posts\/63564"}],"collection":[{"href":"https:\/\/www.praha7.cz\/api\/wp\/v2\/posts"}],"about":[{"href":"https:\/\/www.praha7.cz\/api\/wp\/v2\/types\/post"}],"author":[{"embeddable":true,"href":"https:\/\/www.praha7.cz\/api\/wp\/v2\/users\/5"}],"replies":[{"embeddable":true,"href":"https:\/\/www.praha7.cz\/api\/wp\/v2\/comments?post=63564"}],"version-history":[{"count":1,"href":"https:\/\/www.praha7.cz\/api\/wp\/v2\/posts\/63564\/revisions"}],"predecessor-version":[{"id":63575,"href":"https:\/\/www.praha7.cz\/api\/wp\/v2\/posts\/63564\/revisions\/63575"}],"wp:featuredmedia":[{"embeddable":true,"href":"https:\/\/www.praha7.cz\/api\/wp\/v2\/media\/63574"}],"wp:attachment":[{"href":"https:\/\/www.praha7.cz\/api\/wp\/v2\/media?parent=63564"}],"wp:term":[{"taxonomy":"category","embeddable":true,"href":"https:\/\/www.praha7.cz\/api\/wp\/v2\/categories?post=63564"},{"taxonomy":"post_tag","embeddable":true,"href":"https:\/\/www.praha7.cz\/api\/wp\/v2\/tags?post=63564"}],"curies":[{"name":"wp","href":"https:\/\/api.w.org\/{rel}","templated":true}]}}