    
{"id":63358,"date":"2023-01-12T15:42:59","date_gmt":"2023-01-12T14:42:59","guid":{"rendered":"https:\/\/www.praha7.cz\/?p=63358"},"modified":"2023-05-12T13:06:18","modified_gmt":"2023-05-12T11:06:18","slug":"modernizace-trati-mezi-bubny-a-vystavistem","status":"publish","type":"post","link":"https:\/\/www.praha7.cz\/modernizace-trati-mezi-bubny-a-vystavistem\/","title":{"rendered":"Modernizace trati mezi Bubny a&nbsp;V\u00fdstavi\u0161t\u011bm za\u010d\u00edn\u00e1"},"content":{"rendered":"<p>[perex]<\/p>\r\n<p>\u017deleznice v\u00a0pra\u017esk\u00fdch Hole\u0161ovic\u00edch z\u00e1sadn\u011b zm\u011bn\u00ed svou podobu. Umo\u017en\u00ed to p\u0159estavba \u00faseku ze stanice v\u00a0Bubnech do nov\u00e9 zast\u00e1vky Praha-V\u00fdstavi\u0161t\u011b, kterou 12.&nbsp;ledna 2023 slavnostn\u011b zah\u00e1jila Spr\u00e1va \u017eeleznic. Jedn\u00e1 se o&nbsp;dal\u0161\u00ed ze souboru staveb, jejich\u017e v\u00fdsledkem bude rychl\u00e9 a&nbsp;ekologick\u00e9 \u017eelezni\u010dn\u00ed spojen\u00ed z\u00a0centra Prahy do Kladna s\u00a0odbo\u010dkou na Leti\u0161t\u011b V\u00e1clava Havla. Hlavn\u00edm c\u00edlem projektu je z\u00e1sadn\u00ed modernizace stanice Praha-Bubny, zdvoukolejn\u011bn\u00ed trati v&nbsp;d\u00e9lce zhruba 1,3 kilometru, jej\u00ed elektrizace a&nbsp;vybudov\u00e1n\u00ed nov\u00e9 zast\u00e1vky Praha-V\u00fdstavi\u0161t\u011b. Za\u010d\u00edn\u00e1 tak\u00e9 v\u00fdstavba podjezdu, kter\u00fd umo\u017en\u00ed p\u0159\u00edm\u00fd p\u0159estup mezi tramvajemi a&nbsp;vlaky. D\u00edky vz\u00e1jemn\u00e9 koordinaci s\u00a0pra\u017esk\u00fdm magistr\u00e1tem se nezbytn\u00e9 v\u00fdluky vyu\u017eij\u00ed p\u0159i obou stavb\u00e1ch.<\/p>\r\n<p>[\/perex]<\/p>\r\n<hr \/>\r\n<h3><a href=\"https:\/\/www.praha7.cz\/modernizace-zeleznice-stavebni-prace-a-opatreni\/\">Informace o&nbsp;pl\u00e1novan\u00e9m v\u00fdvoji stavby a&nbsp;souvisej\u00edc\u00edch omezen\u00edch<\/a><\/h3>\r\n<hr \/>\r\n<p><em>\u201eVybudov\u00e1n\u00ed kvalitn\u00edho \u017eelezni\u010dn\u00edho spojen\u00ed z\u00a0metropole do nejv\u011bt\u0161\u00edho m\u011bsta St\u0159edo\u010desk\u00e9ho kraje a&nbsp;tak\u00e9 na nejv\u00fdznamn\u011bj\u0161\u00ed leti\u0161t\u011b v\u00a0\u010cesku pat\u0159\u00ed mezi priority na\u0161\u00ed vl\u00e1dy. Jsem proto r\u00e1d, \u017ee dnes zahajujeme modernizaci dal\u0161\u00edho \u00faseku, kter\u00fd sice nen\u00ed p\u0159\u00edli\u0161 dlouh\u00fd, jeho v\u00fdznam ale daleko p\u0159esahuje hranice Prahy. P\u0159esunut\u00e1 stanice Praha-Bubny se stane d\u016fle\u017eit\u00fdm p\u0159estupn\u00edm bodem ve\u0159ejn\u00e9 dopravy v\u00a0metropoli,\u201c<\/em> \u0159\u00edk\u00e1 <em><strong>ministr dopravy Martin Kupka<\/strong><\/em>.<\/p>\r\n<p><em>\u201e\u00dasek po novou zast\u00e1vku Praha-V\u00fdstavi\u0161t\u011b p\u0159\u00edmo navazuje na u\u017e zrekonstruovan\u00fd Negrelliho viadukt. Ur\u010dit\u00fdm protikladem k\u00a0t\u00e9to historick\u00e9 stavb\u011b se stane modern\u00ed stanice Praha-Bubny se t\u0159emi n\u00e1stupi\u0161ti a&nbsp;\u010dty\u0159mi kolejemi. Z\u00a0hlediska bezpe\u010dnosti je d\u016fle\u017eit\u00e1 n\u00e1hrada frekventovan\u00e9ho p\u0159ejezdu v\u00a0Bubensk\u00e9 ulici \u017eelezni\u010dn\u00ed estak\u00e1dou, stejn\u011b jako zv\u00fd\u0161en\u00ed mostn\u00ed konstrukce v\u00a0ulici Dukelsk\u00fdch hrdin\u016f,\u201c<\/em> popisuje <em><strong>gener\u00e1ln\u00ed \u0159editel Spr\u00e1vy \u017eeleznic Ji\u0159\u00ed Svoboda<\/strong><\/em>.<\/p>\r\n<p><img loading=\"lazy\" src=\"https:\/\/www.praha7.cz\/wp-content\/uploads\/2023\/01\/01_svetlejsi-1414x1000.jpg\" alt=\"\" width=\"640\" height=\"453\" class=\"alignnone size-large wp-image-63360\" srcset=\"https:\/\/www.praha7.cz\/wp-content\/uploads\/2023\/01\/01_svetlejsi-1414x1000.jpg 1414w, https:\/\/www.praha7.cz\/wp-content\/uploads\/2023\/01\/01_svetlejsi-566x400.jpg 566w, https:\/\/www.praha7.cz\/wp-content\/uploads\/2023\/01\/01_svetlejsi-768x543.jpg 768w, https:\/\/www.praha7.cz\/wp-content\/uploads\/2023\/01\/01_svetlejsi.jpg 2000w\" sizes=\"(max-width: 640px) 100vw, 640px\" \/><\/p>\r\n<p><em>\u201eRealizace takto v\u00fdznamn\u00e9ho projektu v\u017edy p\u0159in\u00e1\u0161\u00ed zna\u010dnou z\u00e1t\u011b\u017e pro m\u00edstn\u00ed. R\u00e1d bych proto na\u0161e obyvatele poprosil o&nbsp;pochopen\u00ed a&nbsp;trp\u011blivost. V\u00fdsledek bude st\u00e1t za to. Modernizovan\u00e1 \u017eeleznice n\u00e1m p\u0159inese rychl\u00fd zp\u016fsob p\u0159epravy po m\u011bst\u011b, p\u016fjde o&nbsp;nejrychlej\u0161\u00ed spojen\u00ed na linky metra A&nbsp;a&nbsp;B.\u00a0Odstran\u00ed tak\u00e9 bari\u00e9ru koleji\u0161t\u011b, kter\u00e1 Prahu 7 p\u0159es sto let rozd\u011bluje na dv\u011b \u010d\u00e1sti. D\u00edky nov\u00e9mu veden\u00ed po estak\u00e1d\u011b se kone\u010dn\u011b propoj\u00ed Hole\u0161ovice, Bubny i&nbsp;Letn\u00e1, vyt\u00ed\u017een\u00fd p\u0159ejezd v\u00a0Bubensk\u00e9 p\u0159estane blokovat dopravu,\u201c<\/em> konstatuje <strong><em>starosta Prahy&nbsp;7 Jan \u010ci\u017einsk\u00fd<\/em><\/strong>.<\/p>\r\n<p>Jako prvn\u00ed p\u0159ijdou na \u0159adu p\u0159\u00edpravn\u00e9 pr\u00e1ce, zejm\u00e9na budov\u00e1n\u00ed staveni\u0161t\u011b. Sou\u010dasn\u011b se postav\u00ed provizorn\u00ed kolej pro zachov\u00e1n\u00ed provozu vlak\u016f ve sm\u011bru na Kralupy nad Vltavou. Nejv\u011bt\u0161\u00ed stavebn\u00ed objekty \u2013 t\u0159i mostn\u00ed estak\u00e1dy a&nbsp;nov\u00e1 n\u00e1dra\u017en\u00ed budova v\u00a0Bubnech \u2013 p\u0159ijdou na \u0159adu letos v\u00a0kv\u011btnu. Hotovo bude v\u00a0roce 2025.<\/p>\r\n<p>Stanice Praha-Bubny se posune do nov\u00e9 polohy bl\u00ed\u017e k&nbsp;Negrelliho viaduktu a&nbsp;nab\u00eddne p\u0159\u00edm\u00fd p\u0159estup na metro C. Jej\u00ed podoba se bude postupem \u010dasu m\u011bnit. V\u00a0prvn\u00ed f\u00e1zi, kdy bude jedinou budovou v\u00a0\u00fazem\u00ed, se na jej\u00ed st\u0159e\u0161e vybuduje travnat\u00e1 odpo\u010dinkov\u00e1 plocha, kter\u00e1 umo\u017en\u00ed lidem v\u00fdhled na m\u011bsto a&nbsp;m\u011bn\u00edc\u00ed se Hole\u0161ovice. V\u00a0dal\u0161\u00ed etap\u011b prac\u00ed vznikne spolu s\u00a0v\u00fdstavbou nov\u00e9 \u010dtvrti p\u0159\u00edmo nad n\u00e1dra\u017e\u00edm administrativn\u00ed budova. V\u00a0n\u00e1dra\u017en\u00edch vestibulech se budou nach\u00e1zet komer\u010dn\u00ed prostory, kter\u00e9 vyu\u017eij\u00ed tak\u00e9 obyvatel\u00e9 budouc\u00ed nov\u00e9 \u010dtvrti Bubny-Z\u00e1tory.<\/p>\r\n<p><img loading=\"lazy\" src=\"https:\/\/www.praha7.cz\/wp-content\/uploads\/2023\/01\/BUBNY-02-vzdalenejsi-1415x1000.jpg\" alt=\"\" width=\"640\" height=\"452\" class=\"alignnone size-large wp-image-63362\" srcset=\"https:\/\/www.praha7.cz\/wp-content\/uploads\/2023\/01\/BUBNY-02-vzdalenejsi-1415x1000.jpg 1415w, https:\/\/www.praha7.cz\/wp-content\/uploads\/2023\/01\/BUBNY-02-vzdalenejsi-566x400.jpg 566w, https:\/\/www.praha7.cz\/wp-content\/uploads\/2023\/01\/BUBNY-02-vzdalenejsi-768x543.jpg 768w, https:\/\/www.praha7.cz\/wp-content\/uploads\/2023\/01\/BUBNY-02-vzdalenejsi.jpg 1722w\" sizes=\"(max-width: 640px) 100vw, 640px\" \/><\/p>\r\n<p>Modernizovan\u00e1 tra\u0165 do nov\u00e9 zast\u00e1vky Praha-V\u00fdstavi\u0161t\u011b povede z\u00a0v\u011bt\u0161\u00ed \u010d\u00e1sti po estak\u00e1d\u011b. Samotn\u00e1 zast\u00e1vka vznikne na okraji Stromovky. Nedalek\u00e1 l\u00e1vka p\u0159es \u017eelezni\u010dn\u00ed tra\u0165 zlep\u0161\u00ed propojen\u00ed tohoto obl\u00edben\u00e9ho parku s&nbsp;Letnou.<\/p>\r\n<p>D\u00edky \u00fazk\u00e9 spolupr\u00e1ci Spr\u00e1vy \u017eeleznic a&nbsp;hlavn\u00edho m\u011bsta bude v\u00a0pr\u016fb\u011bhu moderniza\u010dn\u00edch prac\u00ed vybudov\u00e1n tak\u00e9 tramvajov\u00fd podjezd. \u201eOkol\u00ed stanice Vltavsk\u00e1, dnes zanedban\u00e9 m\u00edsto, bude hr\u00e1t velkou roli v\u00a0prom\u011bn\u011b cel\u00e9ho brownfieldu Bubny-Z\u00e1tory. Ta za\u010d\u00edn\u00e1 d\u00edky projektu \u017eelezni\u010dn\u00ed stanice pr\u00e1v\u011b nyn\u00ed. V\u00a0bl\u00edzk\u00e9 budoucnosti snad bude zah\u00e1jena i&nbsp;v\u00fdstavba budovy Vltavsk\u00e9 filharmonie, kter\u00e1 by m\u011bla celou prom\u011bnu dokon\u010dit. T\u011b\u0161\u00edm se, a\u017e se s\u00a0panem ministrem projedeme do nov\u00e9ho koncertn\u00edho s\u00e1lu vlakem,\u201c \u0159\u00edk\u00e1 n\u00e1m\u011bstek pra\u017esk\u00e9ho prim\u00e1tora architekt Petr Hlav\u00e1\u010dek.\u00a0<\/p>\r\n<p>Zhotovitelem stavby je sdru\u017een\u00ed firem Metrostav TBR, OHLA \u017dS a&nbsp;Elektrizace \u017eeleznic Praha. \u201eJsme r\u00e1di, \u017ee se jako zhotovitel\u00e9 \u00fa\u010dastn\u00edme tohoto presti\u017en\u00edho dopravn\u00edho projektu. Jedn\u00e1 se o&nbsp;velice n\u00e1ro\u010dnou realizaci v&nbsp;centru hlavn\u00edho m\u011bsta. Mostn\u00ed estak\u00e1dy a&nbsp;nov\u00e1 n\u00e1dra\u017e\u00ed Bubny a&nbsp;V\u00fdstavi\u0161t\u011b kompletn\u011b zm\u011bn\u00ed cel\u00fd st\u00e1vaj\u00edc\u00ed prostor. M\u00e1me k&nbsp;dispozici velmi zku\u0161en\u00fd t\u00fdm a&nbsp;v\u011b\u0159\u00edme, \u017ee stavbu zhotov\u00edme ke spokojenosti investora i&nbsp;cestuj\u00edc\u00edch,\u201c uv\u00e1d\u00ed Ale\u0161 Gothard, \u0159editel spole\u010dnosti Metrostav TBR, kter\u00e1 je l\u00eddrem sdru\u017een\u00ed zhotovitel\u016f.<\/p>\r\n<p><img loading=\"lazy\" src=\"https:\/\/www.praha7.cz\/wp-content\/uploads\/2023\/01\/BUBNY_Nadhled_1-1335x1000.jpg\" alt=\"\" width=\"640\" height=\"479\" class=\"alignnone size-large wp-image-63361\" srcset=\"https:\/\/www.praha7.cz\/wp-content\/uploads\/2023\/01\/BUBNY_Nadhled_1-1335x1000.jpg 1335w, https:\/\/www.praha7.cz\/wp-content\/uploads\/2023\/01\/BUBNY_Nadhled_1-534x400.jpg 534w, https:\/\/www.praha7.cz\/wp-content\/uploads\/2023\/01\/BUBNY_Nadhled_1-768x575.jpg 768w, https:\/\/www.praha7.cz\/wp-content\/uploads\/2023\/01\/BUBNY_Nadhled_1.jpg 1673w\" sizes=\"(max-width: 640px) 100vw, 640px\" \/><\/p>\r\n<p><em>\u201eVybudov\u00e1n\u00ed \u017eeleznice z\u00a0centra metropole p\u0159\u00edmo k\u00a0na\u0161im termin\u00e1l\u016fm zv\u00fd\u0161\u00ed presti\u017e cel\u00e9ho Leti\u0161t\u011b V\u00e1clava Havla Praha. Pohodln\u00e9 a&nbsp;rychl\u00e9 dopravn\u00ed spojen\u00ed n\u00e1m pom\u016f\u017ee zlep\u0161it komfort pro cestuj\u00edc\u00ed p\u0159i jejich cest\u011b do a&nbsp;z\u00a0metropole a&nbsp;p\u0159il\u00e1kat i&nbsp;dal\u0161\u00ed pasa\u017e\u00e9ry,\u201c<\/em> je p\u0159esv\u011bd\u010den <em><strong>Ji\u0159\u00ed Kraus, m\u00edstop\u0159edseda p\u0159edstavenstva spole\u010dnosti Leti\u0161t\u011b Praha<\/strong><\/em>.<\/p>\r\n<p>Na moderniza\u010dn\u00ed pr\u00e1ce nav\u00e1\u017ee je\u0161t\u011b t\u0159et\u00ed stavba, a&nbsp;to prom\u011bna p\u016fvodn\u00ed n\u00e1dra\u017en\u00ed budovy Praha-Bubny na pam\u011btn\u00ed m\u00edsto se st\u00e1lou expozic\u00ed p\u0159ipom\u00ednaj\u00edc\u00ed\u00a0pra\u017esk\u00e9 \u017eidovsk\u00e9 deportace za protektor\u00e1tu. Projekt st\u00e1tn\u00ed organizace Pam\u00e1tn\u00edk ticha je ve stadiu p\u0159\u00edpravy podklad\u016f na dodavatele stavby. <em>\u201eV\u00edt\u011bzn\u00fd projekt, jen\u017e vy\u0161el ze sout\u011b\u017ee Pam\u00e1tn\u00edku ticha, je fakticky sochou v\u00a0architektu\u0159e. Na\u0161e partnerstv\u00ed se Spr\u00e1vou \u017eeleznic umo\u017en\u00ed prom\u011bnu prostoru na\u00a0galerii pod \u0161ir\u00fdm nebem, kter\u00e1 p\u0159iv\u00edt\u00e1 n\u00e1v\u0161t\u011bvn\u00edky Prahy putuj\u00edc\u00ed z\u00a0leti\u0161t\u011b na Masarykovo n\u00e1dra\u017e\u00ed,\u201c<\/em> uv\u00e1d\u00ed <em><strong>\u0159editel organizace Pam\u00e1tn\u00edk ticha Pavel \u0160tingl<\/strong><\/em>.<\/p>\r\n<p>Projekt s&nbsp;n\u00e1zvem Modernizace trati Praha-Bubny (v\u010detn\u011b) \u2013 Praha-V\u00fdstavi\u0161t\u011b (v\u010detn\u011b) je spolufinancovan\u00fd EU z&nbsp;programu N\u00e1stroj pro propojen\u00ed Evropy (CEF). Celkov\u00e1 v\u00fd\u0161e zp\u016fsobil\u00fdch n\u00e1klad\u016f projektu dosahuje 2&nbsp;959&nbsp;340\u00a0720&nbsp;K\u010d. M\u00edra podpory EU p\u0159edstavuje 85&nbsp;% ze zp\u016fsobil\u00fdch n\u00e1klad\u016f. V\u00fd\u0161e dotace tak \u010din\u00ed maxim\u00e1ln\u011b 101\u00a0347&nbsp;062 EUR, tedy zhruba 2\u00a0515\u00a0439\u00a0612&nbsp;K\u010d. N\u00e1rodn\u00ed financov\u00e1n\u00ed zajist\u00ed St\u00e1tn\u00ed fond dopravn\u00ed infrastruktury.<\/p>\r\n<p><img loading=\"lazy\" src=\"https:\/\/www.praha7.cz\/wp-content\/uploads\/2023\/01\/HOLESOVICE_CAM_5_nastupiste-1415x1000.jpg\" alt=\"\" width=\"640\" height=\"452\" class=\"alignnone size-large wp-image-63364\" srcset=\"https:\/\/www.praha7.cz\/wp-content\/uploads\/2023\/01\/HOLESOVICE_CAM_5_nastupiste-1415x1000.jpg 1415w, https:\/\/www.praha7.cz\/wp-content\/uploads\/2023\/01\/HOLESOVICE_CAM_5_nastupiste-566x400.jpg 566w, https:\/\/www.praha7.cz\/wp-content\/uploads\/2023\/01\/HOLESOVICE_CAM_5_nastupiste-768x543.jpg 768w, https:\/\/www.praha7.cz\/wp-content\/uploads\/2023\/01\/HOLESOVICE_CAM_5_nastupiste.jpg 1722w\" sizes=\"(max-width: 640px) 100vw, 640px\" \/><\/p>\r\n<p>Projekt modernizace \u017eeleznice z\u00a0Prahy do Kladna s\u00a0p\u0159ipojen\u00edm Leti\u0161t\u011b V\u00e1clava Havla je rozd\u011blen na v\u00edc ne\u017e des\u00edtku staveb. V\u00a0letech 2017 a\u017e 2020 pro\u0161el rekonstrukc\u00ed Negrelliho viadukt, loni za\u010dala p\u0159estavba trati mezi stanicemi Kladno a&nbsp;Kladno-Ostrovec. Letos pl\u00e1nuje Spr\u00e1va \u017eeleznic vyhl\u00e1sit tendry pro stavbu Praha-Ruzyn\u011b \u2013 Kladno a&nbsp;modernizaci stanice Praha Masarykovo n\u00e1dra\u017e\u00ed. N\u00e1sledovat by m\u011bly pr\u00e1ce v\u00a0\u00faseku Praha-Ruzyn\u011b \u2013 Praha Leti\u0161t\u011b V\u00e1clava Havla a&nbsp;na novostavb\u011b stanice p\u0159\u00edmo na leti\u0161ti. Od roku 2025 se pak pl\u00e1nuje p\u0159estavba t\u0159\u00ed \u00fasek\u016f mezi novou zast\u00e1vkou Praha-V\u00fdstavi\u0161t\u011b a&nbsp;stanic\u00ed Praha-Ruzyn\u011b. Na z\u00e1v\u011br p\u0159ijde na \u0159adu tzv. zaokruhov\u00e1n\u00ed, kter\u00e9 umo\u017en\u00ed p\u0159\u00edm\u00e9 spojen\u00ed leti\u0161t\u011b s\u00a0Kladnem.<\/p>\r\n<p><strong>V\u00edce o&nbsp;cel\u00e9m projektu se do\u010dtete<a href=\"https:\/\/www.praha7.cz\/temata\/verejny-prostor\/zeleznice-na-letiste\/\"> ZDE<\/a>.<\/strong><\/p>\r\n<hr \/>\r\n<p><strong>Stavba se bude b\u011bhem realizace posouvat mezi n\u00e1dra\u017e\u00edm Bubny a&nbsp;Stromovkou a&nbsp;bude koordinov\u00e1na s&nbsp;dal\u0161\u00edmi rekonstrukcemi ulic a&nbsp;s\u00edt\u00ed v&nbsp;\u00fazem\u00ed. O&nbsp;pr\u016fb\u011bhu prac\u00ed a&nbsp;dopadu na konkr\u00e9tn\u00ed lokality bude ve\u0159ejnost informov\u00e1na <a href=\"https:\/\/www.praha7.cz\/modernizace-zeleznice-stavebni-prace-a-opatreni\/\">ZDE<\/a>.\u00a0<\/strong><\/p>","protected":false},"excerpt":{"rendered":"[perex] \u017deleznice v\u00a0pra\u017esk\u00fdch Hole\u0161ovic\u00edch z\u00e1sadn\u011b zm\u011bn\u00ed svou podobu. Umo\u017en\u00ed to p\u0159estavba \u00faseku ze stanice v\u00a0Bubnech do nov\u00e9 zast\u00e1vky Praha-V\u00fdstavi\u0161t\u011b, kterou 12.&nbsp;ledna 2023 slavnostn\u011b zah\u00e1jila Spr\u00e1va \u017eeleznic. Jedn\u00e1 se o&nbsp;dal\u0161\u00ed ze souboru staveb, jejich\u017e v\u00fdsledkem bude rychl\u00e9 a&nbsp;ekologick\u00e9 \u017eelezni\u010dn\u00ed spojen\u00ed z\u00a0centra Prahy do Kladna s\u00a0odbo\u010dkou na Leti\u0161t\u011b V\u00e1clava Havla. Hlavn\u00edm c\u00edlem projektu je z\u00e1sadn\u00ed modernizace stanice [&hellip;]","protected":false},"author":5,"featured_media":63365,"comment_status":"closed","ping_status":"open","sticky":false,"template":"","format":"standard","meta":[],"categories":[34,74],"tags":[],"_links":{"self":[{"href":"https:\/\/www.praha7.cz\/api\/wp\/v2\/posts\/63358"}],"collection":[{"href":"https:\/\/www.praha7.cz\/api\/wp\/v2\/posts"}],"about":[{"href":"https:\/\/www.praha7.cz\/api\/wp\/v2\/types\/post"}],"author":[{"embeddable":true,"href":"https:\/\/www.praha7.cz\/api\/wp\/v2\/users\/5"}],"replies":[{"embeddable":true,"href":"https:\/\/www.praha7.cz\/api\/wp\/v2\/comments?post=63358"}],"version-history":[{"count":13,"href":"https:\/\/www.praha7.cz\/api\/wp\/v2\/posts\/63358\/revisions"}],"predecessor-version":[{"id":66687,"href":"https:\/\/www.praha7.cz\/api\/wp\/v2\/posts\/63358\/revisions\/66687"}],"wp:featuredmedia":[{"embeddable":true,"href":"https:\/\/www.praha7.cz\/api\/wp\/v2\/media\/63365"}],"wp:attachment":[{"href":"https:\/\/www.praha7.cz\/api\/wp\/v2\/media?parent=63358"}],"wp:term":[{"taxonomy":"category","embeddable":true,"href":"https:\/\/www.praha7.cz\/api\/wp\/v2\/categories?post=63358"},{"taxonomy":"post_tag","embeddable":true,"href":"https:\/\/www.praha7.cz\/api\/wp\/v2\/tags?post=63358"}],"curies":[{"name":"wp","href":"https:\/\/api.w.org\/{rel}","templated":true}]}}