    
{"id":62795,"date":"2022-12-21T14:21:33","date_gmt":"2022-12-21T13:21:33","guid":{"rendered":"https:\/\/www.praha7.cz\/?p=62795"},"modified":"2023-01-24T11:29:34","modified_gmt":"2023-01-24T10:29:34","slug":"vic-nez-jen-rodicovsky-spolek","status":"publish","type":"post","link":"https:\/\/www.praha7.cz\/vic-nez-jen-rodicovsky-spolek\/","title":{"rendered":"V\u00edc ne\u017e jen rodi\u010dovsk\u00fd spolek"},"content":{"rendered":"<p>[perex]<\/p>\r\n<p>Mnoho rodi\u010d\u016f dne\u0161n\u00edch \u0161kol\u00e1k\u016f zn\u00e1 ze sv\u00e9ho d\u011btstv\u00ed tzv. SRP\u0160\u00a0neboli Sdru\u017een\u00ed rodi\u010d\u016f a\u00a0p\u0159\u00e1tel \u0161koly. \u010clenstv\u00ed v\u00a0n\u011bm bylo spojov\u00e1no sp\u00ed\u0161e s\u00a0form\u00e1ln\u00edm zaplacen\u00edm ro\u010dn\u00edho p\u0159\u00edsp\u011bvku, kter\u00fd byl vyu\u017eit ve prosp\u011bch \u0161koly. Na Sedmi\u010dce vznik\u00e1 v\u00a0posledn\u00edch letech st\u00e1le v\u00edce rodi\u010dovsk\u00fdch spolk\u016f, kter\u00e9 maj\u00ed vy\u0161\u0161\u00ed ambice. Sna\u017e\u00ed se budovat komunitu rodi\u010d\u016f kolem z\u00e1kladn\u00edch \u0161kol, vym\u00fd\u0161let projekty, aktivn\u011b komunikovat s\u00a0veden\u00edm a\u00a0p\u0159in\u00e1\u0161et \u0161kol\u00e1m nejen finance, ale tak\u00e9 osobn\u00ed zapojen\u00ed samotn\u00fdch rodi\u010d\u016f.<\/p>\r\n<p>[\/perex]<\/p>\r\n<p>Co tedy d\u011blaj\u00ed rodi\u010dovsk\u00e9 spolky dnes?<br \/>\r\n<br \/>\r\nOrganizuj\u00ed nejr\u016fzn\u011bj\u0161\u00ed akce, jako jsou \u0161koln\u00ed jarmarky, charitativn\u00ed bazary, divadeln\u00ed festivaly \u010di sportovn\u00ed dny, pod\u00edlej\u00ed se na \u00faprav\u00e1ch \u0161koln\u00edch h\u0159i\u0161\u0165 \u010di zahrad, p\u0159isp\u00edvaj\u00ed vybaven\u00edm do \u0161koln\u00edch knihoven a\u00a0\u0161koln\u00edch klub\u016f a\u00a0po\u0159\u00e1daj\u00ed nejr\u016fzn\u011bj\u0161\u00ed besedy a\u00a0exkurze pro d\u011bti, pedagogy i\u00a0ostatn\u00ed rodi\u010de. V\u00a0Praze 7 existuj\u00ed rodi\u010dovsk\u00e9 spolky p\u0159i Z\u0160 Korunova\u010dn\u00ed, Z\u0160 Fr. Plam\u00ednkov\u00e9, Z\u0160 TGM, Z\u0160 Letohradsk\u00e1 a\u00a0nov\u011b i\u00a0FZ\u0160 Um\u011bleck\u00e1 a\u00a0Z\u0160 Bratrsk\u00e1.<\/p>\r\n<p>Jan Bal\u00e1\u010d, kter\u00fd inicioval vznik <a href=\"https:\/\/fzsumelecka.cz\/zs\/rodicovsky-spolek\">Spolku rodi\u010d\u016f p\u0159i FZ\u0160 Um\u011bleck\u00e1<\/a>, \u0159\u00edk\u00e1: \u201eMy\u0161lenka zalo\u017eit p\u0159i \u0161kole rodi\u010dovsk\u00fd spolek zr\u00e1la ji\u017e dlouho. Spojili jsme se s\u00a0panem \u0159editelem, vz\u00e1jemn\u011b si vysv\u011btlili mo\u017enosti spolupr\u00e1ce a\u00a0veden\u00ed \u0161koly n\u00e1s podpo\u0159ilo. Chceme spolupracovat na rozvoji \u0161koly, b\u00fdt prost\u0159edn\u00edkem vz\u00e1jemn\u00e9 komunikace rodi\u010d\u016f a\u00a0\u0161koly a\u00a0pom\u00e1hat \u0161kole z\u00edsk\u00e1v\u00e1n\u00edm dobrovoln\u00fdch p\u0159\u00edsp\u011bvk\u016f, grant\u016f i\u00a0sponzor\u016f a\u00a0v\u00a0neposledn\u00ed \u0159ad\u011b nab\u00eddkou \u010dasu\u00a0a\u00a0odborn\u00fdch kapacit rodi\u010d\u016f.\u201c<\/p>\r\n<p>Obdobn\u00e9 c\u00edle si kladou i\u00a0dal\u0161\u00ed rodi\u010dovsk\u00e9 spolky, nap\u0159\u00edklad p\u0159edsedkyn\u011b <a href=\"https:\/\/spolek-korunka.webnode.cz\/\">Spolku Korunka ze Z\u0160 Korunova\u010dn\u00ed<\/a> Zuzana Novotn\u00e1 zd\u016fraz\u0148uje: \u201ePro n\u00e1\u0161 spolek je hlavn\u00edm smyslem budov\u00e1n\u00ed partnersk\u00e9ho, komunitn\u00edho prost\u0159ed\u00ed, materi\u00e1ln\u00ed i\u00a0nemateri\u00e1ln\u00ed podpora \u0161koly, a\u00a0to jak \u017e\u00e1k\u016f, tak u\u010ditel\u016f dle jejich pot\u0159eb.\u201c <a href=\"https:\/\/spolek-korunka.webnode.cz\/\">Spolek Korunka<\/a> a\u00a0<a href=\"https:\/\/www.montessorikorunka.cz\/\">Spolek Montessori Korunka<\/a> pat\u0159\u00ed mezi nejd\u00e9le funguj\u00edc\u00ed spolky a\u00a0py\u0161n\u00ed se ji\u017e tradi\u010dn\u00edmi, hojn\u011b nav\u0161t\u00edven\u00fdmi akcemi, jak\u00fdmi jsou nap\u0159\u00edklad Dvorkov\u00e1 slavnost, Charitativn\u00ed bazar nebo Pr\u016fvodcovan\u00e9 proch\u00e1zky. Dlouhodob\u011b zaji\u0161\u0165uj\u00ed ve \u0161kole dou\u010dov\u00e1n\u00ed pro d\u011bti ohro\u017een\u00e9 \u0161koln\u00edm ne\u00fasp\u011bchem, pom\u00e1haj\u00ed budovat \u0161koln\u00ed knihovnu i\u00a0vybaven\u00ed dru\u017einy, ale sna\u017e\u00ed se realizovat i\u00a0kr\u00e1tkodob\u00e9 aktivity, kter\u00e9 reaguj\u00ed na aktu\u00e1ln\u00ed pot\u0159eby \u0161kol nap\u0159. p\u0159i \u0159e\u0161en\u00ed situace ukrajinsk\u00fdch rodin. Spolek Monte Korunka pak pom\u00e1h\u00e1 financovat t\u0159eba n\u00e1kup speci\u00e1ln\u00edch pom\u016fcek pro Montessori pedagogiku.<\/p>\r\n<p><a href=\"http:\/\/zstgm7.cz\/skola\/spolek-rodicu-pri-zs-tgm\/\">Spolku p\u0159i Z\u0160 T. G. Masaryka<\/a> se poda\u0159ilo nav\u00e1zat aktivn\u00ed spolupr\u00e1ci se sponzory, zejm\u00e9na se spole\u010dnost\u00ed Alza, kter\u00e1 pom\u00e1h\u00e1 finan\u010dn\u011b zajistit n\u011bkter\u00e9 jeho akce. Mezi aktivity spolku pat\u0159\u00ed nap\u0159\u00edklad po\u0159\u00e1d\u00e1n\u00ed akc\u00ed pro d\u011bti i\u00a0dosp\u011bl\u00e9, ve spolupr\u00e1ci se \u0161kolou organizuje Pochod TGM, Kav\u00e1rnu pro rodi\u010de s\u00a0p\u0159edn\u00e1\u0161kami na zaj\u00edmav\u00e1 t\u00e9mata (nap\u0159. Zdrav\u00e9 stravov\u00e1n\u00ed, E-bezpe\u010d\u00ed nebo Jak na gymn\u00e1zia a\u00a0st\u0159edn\u00ed \u0161koly) apod.<\/p>\r\n<p><a href=\"https:\/\/www.bratrska.cz\/\">Spolek rodi\u010d\u016f Bratrsk\u00e1<\/a> vznikl teprve na podzim leto\u0161n\u00edho roku, ale py\u0161n\u00ed se ji\u017e prvn\u00ed uspo\u0159\u00e1danou akc\u00ed pro d\u011bti, rodi\u010de i\u00a0pedagogy. \u010clenka rady spolku Ad\u00e9la Svobodov\u00e1 popisuje: \u201eRozhodli jsme se pro Martinskou lampionovou slavnost. Do organizace se zapojila \u0159ada rodi\u010d\u016f i\u00a0pedagogick\u00fd sbor a\u00a0dru\u017eina. Spole\u010dn\u011b jsme str\u00e1vili p\u0159\u00edjemn\u00e9 odpoledne a\u00a0ve\u010der, d\u011bti vyr\u00e1b\u011bly lampiony, na zahrad\u011b \u0161koly zat\u00edm prob\u00edhala bojovka p\u0159ipraven\u00e1 dru\u017einou a\u00a0rodi\u010de spole\u010dn\u011b s\u00a0pedagogy zaji\u0161\u0165ovali \u017eivou hudbu. Ve\u010der se op\u00e9kaly \u0161pek\u00e1\u010dky a\u00a0zp\u00edvalo se s\u00a0kytarou u\u00a0ohn\u011b. Atmosf\u00e9ra sv\u011btel a\u00a0hudby byla opravdu magick\u00e1. Do\u0161lo na \u0159adu neform\u00e1ln\u00edch rozhovor\u016f a\u00a0nav\u00e1z\u00e1n\u00ed osobn\u00edch vztah\u016f. P\u0159\u00e1li bychom si, aby se tato akce stala tradi\u010dn\u00ed a\u00a0p\u0159isp\u00edvala k\u00a0budov\u00e1n\u00ed p\u0159\u00e1telsk\u00e9 atmosf\u00e9ry \u0161koly.\u201c<\/p>\r\n<p>Svoji pozitivn\u00ed roli sehr\u00e1ly rodi\u010dovsk\u00e9 spolky i\u00a0b\u011bhem covidov\u00e9ho obdob\u00ed. Mirka Karolov\u00e1 ze Spolku Z\u0160 T. G. Masaryka m\u011bla s\u00a0kolegy n\u00e1pad, jak d\u011bti aktivizovat. \u201eVymysleli jsme liter\u00e1rn\u00ed a\u00a0v\u00fdtvarnou sout\u011b\u017e Z\u00a0pera a\u00a0palety. D\u011bti doma od \u00fanora tvo\u0159ily, kreslily, psaly knihy, po odevzd\u00e1n\u00ed d\u011bl se se\u0161la porota, kter\u00e1 ocenila ty nejpoveden\u011bj\u0161\u00ed v\u00fdtvory. Za\u010d\u00e1tkem \u010dervna pak prob\u011bhla vernis\u00e1\u017e na zahrad\u011b \u0161koly, krom\u011b v\u00fdstavy jednotliv\u00fdch d\u011bl tak\u00e9 d\u011bti \u010detly \u00faryvky ze sv\u00fdch knih, na m\u00edst\u011b byla zaji\u0161t\u011bna \u017eiv\u00e1 hudba a\u00a0mnoho z\u00e1bavn\u00fdch aktivit.\u201c<\/p>\r\n<p>M\u011bstsk\u00e1 \u010d\u00e1st Praha&nbsp;7 \u010dinnost rodi\u010dovsk\u00fdch spolk\u016f velmi v\u00edt\u00e1 a\u00a0sna\u017e\u00ed se ji pravideln\u011b podporovat programov\u00fdmi i\u00a0individu\u00e1ln\u00edmi dotacemi. Po\u0159\u00e1d\u00e1 pravideln\u00e1 setk\u00e1n\u00ed \u010dlen\u016f \u0161kolsk\u00fdch spolk\u016f, na kter\u00fdch prob\u00edh\u00e1 sd\u00edlen\u00ed zku\u0161enost\u00ed, vz\u00e1jemn\u00e1 inspirace i\u00a0sd\u00edlen\u00ed know-how. V\u00a0r\u00e1mci projektu <a href=\"https:\/\/www.facebook.com\/mapIIpraha7\/\">MAP 3<\/a> nab\u00edz\u00ed \u010dlen\u016fm spolk\u016f a\u00a0rodi\u010dovsk\u00e9 ve\u0159ejnosti po\u0159\u00e1d\u00e1n\u00ed p\u0159edn\u00e1\u0161kov\u00fdch Rodi\u010dovsk\u00fdch ve\u010der\u016f, kdy je pozv\u00e1n odborn\u00edk na dan\u00e9 pedagogick\u00e9 \u010di psychologick\u00e9 t\u00e9ma. Takto ji\u017e prob\u011bhly na radnici nap\u0159\u00edklad p\u0159edn\u00e1\u0161ky na t\u00e9mata E-bezpe\u010d\u00ed nebo V\u00edcelet\u00e1 gymn\u00e1zia versus z\u00e1kladn\u00ed \u0161koly.<\/p>\r\n<p>&nbsp;<\/p>\r\n<p><img loading=\"lazy\" src=\"https:\/\/www.praha7.cz\/wp-content\/uploads\/2022\/12\/DSC9175uprm_MLS-600x400.jpg\" alt=\"\" width=\"600\" height=\"400\" class=\"alignnone size-medium wp-image-62803\" srcset=\"https:\/\/www.praha7.cz\/wp-content\/uploads\/2022\/12\/DSC9175uprm_MLS-600x400.jpg 600w, https:\/\/www.praha7.cz\/wp-content\/uploads\/2022\/12\/DSC9175uprm_MLS-768x512.jpg 768w, https:\/\/www.praha7.cz\/wp-content\/uploads\/2022\/12\/DSC9175uprm_MLS.jpg 1500w\" sizes=\"(max-width: 600px) 100vw, 600px\" \/><\/p>","protected":false},"excerpt":{"rendered":"[perex] Mnoho rodi\u010d\u016f dne\u0161n\u00edch \u0161kol\u00e1k\u016f zn\u00e1 ze sv\u00e9ho d\u011btstv\u00ed tzv. SRP\u0160\u00a0neboli Sdru\u017een\u00ed rodi\u010d\u016f a\u00a0p\u0159\u00e1tel \u0161koly. \u010clenstv\u00ed v\u00a0n\u011bm bylo spojov\u00e1no sp\u00ed\u0161e s\u00a0form\u00e1ln\u00edm zaplacen\u00edm ro\u010dn\u00edho p\u0159\u00edsp\u011bvku, kter\u00fd byl vyu\u017eit ve prosp\u011bch \u0161koly. Na Sedmi\u010dce vznik\u00e1 v\u00a0posledn\u00edch letech st\u00e1le v\u00edce rodi\u010dovsk\u00fdch spolk\u016f, kter\u00e9 maj\u00ed vy\u0161\u0161\u00ed ambice. Sna\u017e\u00ed se budovat komunitu rodi\u010d\u016f kolem z\u00e1kladn\u00edch \u0161kol, vym\u00fd\u0161let projekty, aktivn\u011b komunikovat [&hellip;]","protected":false},"author":292,"featured_media":62801,"comment_status":"closed","ping_status":"open","sticky":false,"template":"","format":"standard","meta":[],"categories":[37],"tags":[],"_links":{"self":[{"href":"https:\/\/www.praha7.cz\/api\/wp\/v2\/posts\/62795"}],"collection":[{"href":"https:\/\/www.praha7.cz\/api\/wp\/v2\/posts"}],"about":[{"href":"https:\/\/www.praha7.cz\/api\/wp\/v2\/types\/post"}],"author":[{"embeddable":true,"href":"https:\/\/www.praha7.cz\/api\/wp\/v2\/users\/292"}],"replies":[{"embeddable":true,"href":"https:\/\/www.praha7.cz\/api\/wp\/v2\/comments?post=62795"}],"version-history":[{"count":8,"href":"https:\/\/www.praha7.cz\/api\/wp\/v2\/posts\/62795\/revisions"}],"predecessor-version":[{"id":63634,"href":"https:\/\/www.praha7.cz\/api\/wp\/v2\/posts\/62795\/revisions\/63634"}],"wp:featuredmedia":[{"embeddable":true,"href":"https:\/\/www.praha7.cz\/api\/wp\/v2\/media\/62801"}],"wp:attachment":[{"href":"https:\/\/www.praha7.cz\/api\/wp\/v2\/media?parent=62795"}],"wp:term":[{"taxonomy":"category","embeddable":true,"href":"https:\/\/www.praha7.cz\/api\/wp\/v2\/categories?post=62795"},{"taxonomy":"post_tag","embeddable":true,"href":"https:\/\/www.praha7.cz\/api\/wp\/v2\/tags?post=62795"}],"curies":[{"name":"wp","href":"https:\/\/api.w.org\/{rel}","templated":true}]}}