    
{"id":62701,"date":"2022-12-19T19:24:45","date_gmt":"2022-12-19T18:24:45","guid":{"rendered":"https:\/\/www.praha7.cz\/?p=62701"},"modified":"2022-12-20T11:17:19","modified_gmt":"2022-12-20T10:17:19","slug":"praha-7-schvalila-rozpocet-na-pristi-rok-4","status":"publish","type":"post","link":"https:\/\/www.praha7.cz\/praha-7-schvalila-rozpocet-na-pristi-rok-4\/","title":{"rendered":"Praha&nbsp;7 schv\u00e1lila rozpo\u010det na p\u0159\u00ed\u0161t\u00ed rok"},"content":{"rendered":"<p>[perex]<\/p>\r\n<p>Zastupitelstvo M\u010c Praha&nbsp;7 schv\u00e1lilo v\u00a0pond\u011bl\u00ed 19.&nbsp;prosince rozpo\u010det na rok 2023. I&nbsp;p\u0159es nep\u0159\u00edzniv\u00e9 vlivy, kter\u00e9 p\u0159in\u00e1\u0161\u00ed energetick\u00e1 krize, vysok\u00e1 inflace a&nbsp;zdra\u017eov\u00e1n\u00ed ve v\u0161ech oblastech, p\u0159ipravila m\u011bstsk\u00e1 \u010d\u00e1st zodpov\u011bdn\u00fd pl\u00e1n hospoda\u0159en\u00ed, kter\u00fd po\u010d\u00edt\u00e1 s\u00a0pomoc\u00ed pot\u0159ebn\u00fdm i&nbsp;d\u016fle\u017eit\u00fdmi investicemi do oprav a&nbsp;roz\u0161i\u0159ov\u00e1n\u00ed kapacit \u0161kol a&nbsp;\u0161kolek, bytov\u00e9 infrastruktury \u010di ve\u0159ejn\u00e9ho prostoru.<\/p>\r\n<p>[\/perex]<\/p>\r\n<p><em>\u00a0\u201eNach\u00e1z\u00edme se v&nbsp;obt\u00ed\u017en\u00e9 dob\u011b, kdy na mnoho lid\u00ed tvrd\u011b dopad\u00e1 dramatick\u00e9 zdra\u017eov\u00e1n\u00ed. Na\u0161\u00edm velk\u00fdm \u00fakolem pro p\u0159\u00ed\u0161t\u00ed rok je proto pokra\u010dovat v&nbsp;individu\u00e1ln\u00ed c\u00edlen\u00e9 pomoci rodin\u00e1m s&nbsp;d\u011btmi, senior\u016fm a&nbsp;v\u0161em dal\u0161\u00edm ob\u010dan\u016fm, kte\u0159\u00ed se nyn\u00ed dost\u00e1vaj\u00ed do slo\u017eit\u00fdch \u017eivotn\u00edch situac\u00ed. Z\u00e1rove\u0148 je vedle nutnosti \u00fasporn\u00e9ho hospoda\u0159en\u00ed t\u0159eba pokra\u010dovat v&nbsp;kl\u00ed\u010dov\u00fdch investic\u00edch do \u0161kol, bydlen\u00ed a&nbsp;zelen\u011b. Je velmi d\u016fle\u017eit\u00e9, aby i&nbsp;v&nbsp;t\u011bchto komplikovan\u00fdch \u010dasech tyto projekty pokra\u010dovaly, jeliko\u017e pot\u0159eba cenov\u011b dostupn\u00e9ho bydlen\u00ed \u010di m\u00edst ve \u0161kol\u00e1ch a&nbsp;\u0161kolk\u00e1ch nad\u00e1le poroste,\u201c<\/em> uvedl <em><strong>starosta Prahy&nbsp;7 Jan \u010ci\u017einsk\u00fd<\/strong><\/em>.<\/p>\r\n<p>Rozpo\u010det Prahy&nbsp;7 na rok 2023 \u010din\u00ed 568,2 mil. K\u010d. Mezi nejv\u00fdznamn\u011bj\u0161\u00ed polo\u017eky pat\u0159\u00ed p\u0159\u00edsp\u011bvek na provoz mate\u0159sk\u00fdch a&nbsp;z\u00e1kladn\u00edch \u0161kol, zaji\u0161t\u011bn\u00ed soci\u00e1ln\u00ed p\u00e9\u010de pro seniory, provoz Polikliniky Prahy&nbsp;7 \u010di finance na \u00fadr\u017ebu a&nbsp;\u00faklid chodn\u00edk\u016f a&nbsp;park\u016f.<\/p>\r\n<p>Pl\u00e1novan\u00e9 investi\u010dn\u00ed akce m\u011bstskou \u010d\u00e1st v\u00a0p\u0159\u00ed\u0161t\u00edm roce vyjdou na 189,2 mil. K\u010d. Nejv\u011bt\u0161\u00ed \u010d\u00e1stka 88,9 mil. K\u010d p\u016fjde do oblasti spr\u00e1vy majetku, p\u0159edev\u0161\u00edm na rekonstrukce bytov\u00fdch dom\u016f a&nbsp;roz\u0161i\u0159ov\u00e1n\u00ed bytov\u00e9ho fondu. Na opravy \u0161koln\u00edch budov a&nbsp;roz\u0161\u00ed\u0159en\u00ed jejich kapacit po\u010d\u00edt\u00e1 rozpo\u010det s\u00a0\u010d\u00e1stkou 51,8 mil. K\u010d. Do oblasti \u017eivotn\u00edho prost\u0159ed\u00ed, rozvoje a&nbsp;p\u00e9\u010de o&nbsp;ve\u0159ejn\u00fd prostor pl\u00e1nuje Praha&nbsp;7 v\u00a0p\u0159\u00ed\u0161t\u00edm roce investovat 42,6 mil. K\u010d.<\/p>\r\n<p><em>\u201eMezi nejv\u011bt\u0161\u00ed investice v\u00a0p\u0159\u00ed\u0161t\u00edm roce pat\u0159\u00ed rekonstrukce bytov\u00e9ho domu v\u00a0ul. P\u0159\u00edstavn\u00ed 44. Zam\u011b\u0159ujeme se tak\u00e9 na energetickou n\u00e1ro\u010dnost na\u0161ich objekt\u016f, v\u00a0dal\u0161\u00edch domech prob\u011bhne rekonstrukce rozvod\u016f a&nbsp;syst\u00e9m\u016f vyt\u00e1p\u011bn\u00ed. Z\u00e1rove\u0148 p\u0159ipravujeme projekt v\u00fdstavby nov\u00e9ho m\u011bstsk\u00e9ho n\u00e1jemn\u00edho domu s&nbsp;byty a&nbsp;ob\u010danskou vybavenost\u00ed v&nbsp;ulici Za Pap\u00edrnou. Dal\u0161\u00edm v\u00fdznamn\u00fdm projektem, kter\u00fd n\u00e1s v\u00a0p\u0159\u00ed\u0161t\u00edm roce \u010dek\u00e1, je realizace nov\u00e9ho parku U&nbsp;Vody mezi hole\u0161ovick\u00fdm p\u0159\u00edstavem a&nbsp;mostem Barik\u00e1dn\u00edk\u016f. Chyst\u00e1me se tak\u00e9 na rekonstrukci vnitrobloku\u00a0<\/em><em>U Uranie a&nbsp;v\u00fdsadbu nov\u00fdch strom\u016f v\u00a0ulic\u00edch,\u201c<\/em> uvedl <em><strong>z\u00e1stupce starosty Prahy&nbsp;7 Pavel Vyhn\u00e1nek<\/strong><\/em>, kter\u00fd m\u00e1 v\u00a0kompetenci finance a&nbsp;rozpo\u010det m\u011bstsk\u00e9 \u010d\u00e1sti. \u00a0<\/p>\r\n<p><em>\u201eVzhledem k\u00a0intenzivn\u00edmu rozvoji Prahy&nbsp;7 a&nbsp;s\u00a0t\u00edm spojen\u00e9mu n\u00e1r\u016fstu obyvatel mus\u00edme udr\u017eet dosavadn\u00ed tempo roz\u0161i\u0159ov\u00e1n\u00ed kapacit \u0161kol a&nbsp;\u0161kolek. Nejv\u011bt\u0161\u00edm p\u0159ipravovan\u00fdm projektem je v\u00fdstavba Z\u00e1kladn\u00ed \u0161koly Jana Vod\u0148ansk\u00e9ho, kter\u00e1 pojme a\u017e 600 \u017e\u00e1k\u016f. Z\u00e1rove\u0148 se v\u00a0p\u0159\u00ed\u0161t\u00edm roce uskute\u010dn\u00ed architektonick\u00e1 sout\u011b\u017e na novou \u0161kolku v\u00a0ulici Rajsk\u00e1. Chyst\u00e1me tak\u00e9 nov\u00e9 d\u011btsk\u00e9 skupiny p\u0159edev\u0161\u00edm pro men\u0161\u00ed d\u011bti a&nbsp;po \u00fasp\u011bchu prvn\u00ed m\u011bstsk\u00e9 lesn\u00ed \u0161kolky v\u00a0Praze i&nbsp;dal\u0161\u00ed podobn\u00e1 p\u0159ed\u0161koln\u00ed za\u0159\u00edzen\u00ed v\u00a0p\u0159\u00edrod\u011b,\u201c<\/em> uvedla <strong><em>radn\u00ed Prahy&nbsp;7 pro oblast \u0161kolstv\u00ed<\/em> <em>a vzd\u011bl\u00e1v\u00e1n\u00ed Hana \u0160i\u0161kov\u00e1<\/em><\/strong>.<\/p>\r\n<h3><a href=\"https:\/\/www.praha7.cz\/usneseni\/?id=34623&amp;type=regularRes\">Rozpo\u010det M\u010c Praha\u00a07 na rok 2022 najdete zde.<\/a><\/h3>","protected":false},"excerpt":{"rendered":"[perex] Zastupitelstvo M\u010c Praha&nbsp;7 schv\u00e1lilo v\u00a0pond\u011bl\u00ed 19.&nbsp;prosince rozpo\u010det na rok 2023. I&nbsp;p\u0159es nep\u0159\u00edzniv\u00e9 vlivy, kter\u00e9 p\u0159in\u00e1\u0161\u00ed energetick\u00e1 krize, vysok\u00e1 inflace a&nbsp;zdra\u017eov\u00e1n\u00ed ve v\u0161ech oblastech, p\u0159ipravila m\u011bstsk\u00e1 \u010d\u00e1st zodpov\u011bdn\u00fd pl\u00e1n hospoda\u0159en\u00ed, kter\u00fd po\u010d\u00edt\u00e1 s\u00a0pomoc\u00ed pot\u0159ebn\u00fdm i&nbsp;d\u016fle\u017eit\u00fdmi investicemi do oprav a&nbsp;roz\u0161i\u0159ov\u00e1n\u00ed kapacit \u0161kol a&nbsp;\u0161kolek, bytov\u00e9 infrastruktury \u010di ve\u0159ejn\u00e9ho prostoru. [\/perex] \u00a0\u201eNach\u00e1z\u00edme se v&nbsp;obt\u00ed\u017en\u00e9 dob\u011b, kdy na mnoho [&hellip;]","protected":false},"author":5,"featured_media":32069,"comment_status":"closed","ping_status":"open","sticky":false,"template":"","format":"standard","meta":[],"categories":[36,74],"tags":[],"_links":{"self":[{"href":"https:\/\/www.praha7.cz\/api\/wp\/v2\/posts\/62701"}],"collection":[{"href":"https:\/\/www.praha7.cz\/api\/wp\/v2\/posts"}],"about":[{"href":"https:\/\/www.praha7.cz\/api\/wp\/v2\/types\/post"}],"author":[{"embeddable":true,"href":"https:\/\/www.praha7.cz\/api\/wp\/v2\/users\/5"}],"replies":[{"embeddable":true,"href":"https:\/\/www.praha7.cz\/api\/wp\/v2\/comments?post=62701"}],"version-history":[{"count":3,"href":"https:\/\/www.praha7.cz\/api\/wp\/v2\/posts\/62701\/revisions"}],"predecessor-version":[{"id":62732,"href":"https:\/\/www.praha7.cz\/api\/wp\/v2\/posts\/62701\/revisions\/62732"}],"wp:featuredmedia":[{"embeddable":true,"href":"https:\/\/www.praha7.cz\/api\/wp\/v2\/media\/32069"}],"wp:attachment":[{"href":"https:\/\/www.praha7.cz\/api\/wp\/v2\/media?parent=62701"}],"wp:term":[{"taxonomy":"category","embeddable":true,"href":"https:\/\/www.praha7.cz\/api\/wp\/v2\/categories?post=62701"},{"taxonomy":"post_tag","embeddable":true,"href":"https:\/\/www.praha7.cz\/api\/wp\/v2\/tags?post=62701"}],"curies":[{"name":"wp","href":"https:\/\/api.w.org\/{rel}","templated":true}]}}