    
{"id":62643,"date":"2022-12-15T16:04:54","date_gmt":"2022-12-15T15:04:54","guid":{"rendered":"https:\/\/www.praha7.cz\/?p=62643"},"modified":"2022-12-16T14:02:26","modified_gmt":"2022-12-16T13:02:26","slug":"trhy-a-jarmarky-na-sedmicce-16-a-17-prosince","status":"publish","type":"post","link":"https:\/\/www.praha7.cz\/trhy-a-jarmarky-na-sedmicce-16-a-17-prosince\/","title":{"rendered":"Trhy a&nbsp;jarmarky na Sedmi\u010dce 16.&nbsp;a&nbsp;17.&nbsp;prosince"},"content":{"rendered":"<p>[perex]<\/p>\r\n<p>P\u0159edv\u00e1no\u010dn\u00ed \u010das m\u016f\u017eete vyu\u017e\u00edt k&nbsp;n\u00e1kupu lok\u00e1ln\u00edch d\u00e1rk\u016f nebo t\u0159eba jen k&nbsp;setk\u00e1n\u00ed s&nbsp;p\u0159\u00e1teli a&nbsp;zn\u00e1m\u00fdmi. Vym\u011b\u0148te p\u0159epln\u011bn\u00e1 a&nbsp;neosobn\u00ed n\u00e1kupn\u00ed centra za sousedsk\u00e1 setk\u00e1n\u00ed a&nbsp;p\u0159\u00edv\u011btivou adventn\u00ed n\u00e1ladu. A&nbsp;kam v\u00e1s zveme v&nbsp;p\u00e1tek a&nbsp;sobotu p\u0159ed \u010dtvrtou adventn\u00ed ned\u011bl\u00ed? (Vstup na avizovan\u00e9 ud\u00e1losti je zdarma.)<\/p>\r\n<p>[\/perex]<\/p>\r\n<h4>p\u00e1tek 16.&nbsp;prosince 2022 | 12\u201321 | Vzletn\u00e1, M. Hor\u00e1kov\u00e9 56<\/h4>\r\n<p>Na\u00a0<strong>V\u00e1no\u010dn\u00edm marketu na Vzletn\u00e9<\/strong> nab\u00eddne v\u00edce ne\u017e 20 tv\u016frc\u016f svou tvorbu \u2013 od ilustrac\u00ed, porcel\u00e1nu a&nbsp;pap\u00edrov\u00fdch blok\u016f po bro\u017ee, m\u00f3du \u010di autorsk\u00e9 tisky. D\u00e1t si m\u016f\u017eete sva\u0159\u00e1k a\u00a0vyrobit origin\u00e1ln\u00ed balic\u00ed pap\u00edr.<\/p>\r\n<p><a href=\"https:\/\/www.facebook.com\/events\/2195865840597647?active_tab=about\">facebookov\u00e1 ud\u00e1lost<\/a><\/p>\r\n<hr \/>\r\n<h4>p\u00e1tek 16.&nbsp;prosince 2022 | 12\u201319 | sobota 17.&nbsp;prosince 2022 | 9\u201317 | Hole\u0161ovick\u00e1 tr\u017enice, hala 13<\/h4>\r\n<p><strong>Mint Market Praha V\u00e1noce<\/strong> p\u0159inese\u00a0pestrou nab\u00eddku v\u00edce ne\u017e 90 tv\u016frc\u016f a&nbsp;design\u00e9r\u016f z&nbsp;cel\u00e9 \u010cesk\u00e9 republiky, Slovenska i&nbsp;Ukrajiny. Pro d\u011bti je p\u0159ipraven d\u011btsk\u00fd koutek. Ve spolupr\u00e1ci s&nbsp;Organizac\u00ed pro pomoc uprchl\u00edk\u016fm je zorganizov\u00e1na sb\u00edrka d\u00e1rk\u016f pro d\u011bti uprchl\u00edk\u016f z&nbsp;r\u016fzn\u00fdch zem\u00ed, kter\u00e9 nyn\u00ed \u017eij\u00ed v&nbsp;Praze, Brn\u011b a&nbsp;Ostrav\u011b. Sta\u010d\u00ed p\u0159in\u00e9st nezabalen\u00e9 d\u00e1rky na st\u00e1nek Organizace.\u00a0<\/p>\r\n<p><a href=\"https:\/\/www.facebook.com\/events\/630758425155695\">facebookov\u00e1 ud\u00e1lost<\/a><\/p>\r\n<hr \/>\r\n<h4>sobota 17.&nbsp;prosince 2022 | 10\u201318 | Obec k\u0159es\u0165an\u016f, Na \u0160pejcharu 3<\/h4>\r\n<p><strong>Adventn\u00ed jarmark Obce k\u0159es\u0165an\u016f<\/strong> nab\u00eddne chr\u00e1n\u011bn\u00e9 d\u00edlny, knihy, keramiku, bioprodukty, sv\u00ed\u010dky z&nbsp;v\u010del\u00edho vosku a&nbsp;drobn\u00e9 d\u00e1rky. Sou\u010d\u00e1st\u00ed jarmarku je tak\u00e9 kulturn\u00ed program pro d\u011bti i&nbsp;dosp\u011bl\u00e9, ob\u010derstven\u00ed, d\u011btsk\u00fd koutek, d\u00edlni\u010dky.<\/p>\r\n<p><a href=\"https:\/\/www.facebook.com\/events\/627900632448427\">facebookov\u00e1 ud\u00e1lost<\/a><\/p>\r\n<hr \/>\r\n<h4>sobota 17.&nbsp;prosince 2022 | 9\u201313 | knihovna Sedmi\u010dka, Tusarova 35<\/h4>\r\n<p><strong>Kni\u017en\u00ed v\u00e1no\u010dn\u00ed swap<\/strong> aneb den pro v\u00fdm\u011bnu knih po\u0159\u00e1d\u00e1 M\u011bstsk\u00e1 knihovna Praha \u2013 pobo\u010dka Sedmi\u010dka. Knihy p\u0159in\u00e1\u0161ejte v&nbsp;dobr\u00e9m stavu a&nbsp;odn\u00e1\u0161ejte v&nbsp;p\u0159im\u011b\u0159en\u00e9m mno\u017estv\u00ed. A&nbsp;na programu bude taky v\u00e1no\u010dn\u00ed sout\u011b\u017e.<\/p>\r\n<hr \/>\r\n<h4>sobota 17.&nbsp;prosince 2022 | 10\u201318 | Studio Hrdin\u016f, Dukelsk\u00fdch hrdin\u016f 47<\/h4>\r\n<p><strong>V\u00e1no\u010dn\u00ed bazar Studia Hrdin\u016f<\/strong>\u00a0krom\u011b poklad\u016f z&nbsp;fundusu a&nbsp;p\u0159\u00edsp\u011bvk\u016f od spolupracovn\u00edk\u016f nab\u00eddne mj. upcyklovan\u00e9 batohy od rackova.up nebo knihy z&nbsp;nakladatelstv\u00ed Oikoymenh a&nbsp;Argo.\u00a0V\u00fdt\u011b\u017eek z&nbsp;bazaru p\u016fjde neziskov\u00e9 organizaci M\u00edstn\u00ed m\u00edstn\u00edm v&nbsp;podob\u011b voucher\u016f do Studia Hrdin\u016f.<\/p>\r\n<p><a href=\"https:\/\/www.facebook.com\/events\/797756031309218\">facebookov\u00e1 ud\u00e1lost<\/a><\/p>","protected":false},"excerpt":{"rendered":"[perex] P\u0159edv\u00e1no\u010dn\u00ed \u010das m\u016f\u017eete vyu\u017e\u00edt k&nbsp;n\u00e1kupu lok\u00e1ln\u00edch d\u00e1rk\u016f nebo t\u0159eba jen k&nbsp;setk\u00e1n\u00ed s&nbsp;p\u0159\u00e1teli a&nbsp;zn\u00e1m\u00fdmi. Vym\u011b\u0148te p\u0159epln\u011bn\u00e1 a&nbsp;neosobn\u00ed n\u00e1kupn\u00ed centra za sousedsk\u00e1 setk\u00e1n\u00ed a&nbsp;p\u0159\u00edv\u011btivou adventn\u00ed n\u00e1ladu. A&nbsp;kam v\u00e1s zveme v&nbsp;p\u00e1tek a&nbsp;sobotu p\u0159ed \u010dtvrtou adventn\u00ed ned\u011bl\u00ed? (Vstup na avizovan\u00e9 ud\u00e1losti je zdarma.) [\/perex] p\u00e1tek 16.&nbsp;prosince 2022 | 12\u201321 | Vzletn\u00e1, M. Hor\u00e1kov\u00e9 56 Na\u00a0V\u00e1no\u010dn\u00edm marketu na Vzletn\u00e9 [&hellip;]","protected":false},"author":251,"featured_media":62668,"comment_status":"closed","ping_status":"open","sticky":false,"template":"","format":"standard","meta":[],"categories":[34],"tags":[],"_links":{"self":[{"href":"https:\/\/www.praha7.cz\/api\/wp\/v2\/posts\/62643"}],"collection":[{"href":"https:\/\/www.praha7.cz\/api\/wp\/v2\/posts"}],"about":[{"href":"https:\/\/www.praha7.cz\/api\/wp\/v2\/types\/post"}],"author":[{"embeddable":true,"href":"https:\/\/www.praha7.cz\/api\/wp\/v2\/users\/251"}],"replies":[{"embeddable":true,"href":"https:\/\/www.praha7.cz\/api\/wp\/v2\/comments?post=62643"}],"version-history":[{"count":6,"href":"https:\/\/www.praha7.cz\/api\/wp\/v2\/posts\/62643\/revisions"}],"predecessor-version":[{"id":62648,"href":"https:\/\/www.praha7.cz\/api\/wp\/v2\/posts\/62643\/revisions\/62648"}],"wp:featuredmedia":[{"embeddable":true,"href":"https:\/\/www.praha7.cz\/api\/wp\/v2\/media\/62668"}],"wp:attachment":[{"href":"https:\/\/www.praha7.cz\/api\/wp\/v2\/media?parent=62643"}],"wp:term":[{"taxonomy":"category","embeddable":true,"href":"https:\/\/www.praha7.cz\/api\/wp\/v2\/categories?post=62643"},{"taxonomy":"post_tag","embeddable":true,"href":"https:\/\/www.praha7.cz\/api\/wp\/v2\/tags?post=62643"}],"curies":[{"name":"wp","href":"https:\/\/api.w.org\/{rel}","templated":true}]}}