    
{"id":62178,"date":"2022-11-25T10:39:55","date_gmt":"2022-11-25T09:39:55","guid":{"rendered":"https:\/\/www.praha7.cz\/?p=62178"},"modified":"2022-11-25T10:39:55","modified_gmt":"2022-11-25T09:39:55","slug":"vikendove-preruseni-provozu-metra-v-useku-vltavska-hlavni-nadrazi-2","status":"publish","type":"post","link":"https:\/\/www.praha7.cz\/vikendove-preruseni-provozu-metra-v-useku-vltavska-hlavni-nadrazi-2\/","title":{"rendered":"V\u00edkendov\u00e9 p\u0159eru\u0161en\u00ed provozu metra v&nbsp;\u00faseku Vltavsk\u00e1 \u2013 Hlavn\u00ed n\u00e1dra\u017e\u00ed"},"content":{"rendered":"<p>[perex]<\/p>\r\n<p>Z d\u016fvodu rekonstrukce stropn\u00ed desky ve stanici Florenc doch\u00e1z\u00ed od soboty 26.&nbsp;listopadu 2022 (od zah\u00e1jen\u00ed provozu) do ned\u011ble 27.&nbsp;listopadu 2022 (do ukon\u010den\u00ed provozu) k&nbsp;do\u010dasn\u00e9mu p\u0159eru\u0161en\u00ed provozu metra v&nbsp;\u00faseku Vltavsk\u00e1 \u2013 Hlavn\u00ed n\u00e1dra\u017e\u00ed.<\/p>\r\n<p>[\/perex]<\/p>\r\n<p><strong>N\u00e1hradn\u00ed tramvajov\u00e1 doprava (v&nbsp;denn\u00edm provozu):<\/strong><\/p>\r\n<p>Linka <strong>XC<\/strong>\u00a0v trase Hlavn\u00ed n\u00e1dra\u017e\u00ed (v&nbsp;Opletalov\u011b ulici) \u2013 Masarykovo n\u00e1dra\u017e\u00ed \u2013 B\u00edl\u00e1 labu\u0165 \u2013 Vltavsk\u00e1 (na p\u0159edmost\u00ed Hl\u00e1vkova mostu) \u2013 Strossmayerovo n\u00e1m\u011bst\u00ed \u2013 V\u00fdstavi\u0161t\u011b.<\/p>\r\n<p>Linka <strong>36<\/strong>\u00a0v trase Zvona\u0159ka \u2013 I. P. Pavlova \u2013 Karlovo n\u00e1m\u011bst\u00ed \u2013 V\u00e1clavsk\u00e9 n\u00e1m\u011bst\u00ed \u2013 Masarykovo n\u00e1dra\u017e\u00ed \u2013 B\u00edl\u00e1 labu\u0165 \u2013 Vltavsk\u00e1 (na p\u0159edmost\u00ed Hl\u00e1vkova mostu) \u2013 V\u00fdstavi\u0161t\u011b \u2013 N\u00e1dra\u017e\u00ed Hole\u0161ovice \u2013 Kobylisy \u2013 L\u00e1dv\u00ed \u2013 S\u00eddli\u0161t\u011b \u010e\u00e1blice (v&nbsp;\u00faseku Kobylisy \u2013 S\u00eddli\u0161t\u011b \u010e\u00e1blice pouze vybran\u00e9 spoje).<\/p>\r\n<p><strong>Zm\u011bny tras tramvajov\u00fdch linek:<\/strong><br \/>\r\nLinka \u010d\u00edslo <strong>23<\/strong>\u00a0ve sm\u011bru od Kr\u00e1lovky ze zast\u00e1vky Bruselsk\u00e1 bude odklon\u011bna p\u0159es zast\u00e1vku Nuselsk\u00e9 schody do obrati\u0161t\u011b N\u00e1m\u011bst\u00ed Brat\u0159\u00ed Synk\u016f (v\u00fdstupn\u00ed zast\u00e1vka v&nbsp;ulici Na Z\u00e1meck\u00e9, n\u00e1stupn\u00ed zast\u00e1vka v&nbsp;obrati\u0161ti).<\/p>\r\n<p><strong>Zm\u011bny v&nbsp;zast\u00e1vk\u00e1ch tramvaj\u00ed:<\/strong><br \/>\r\nZ\u0159izuj\u00ed se (pro oba sm\u011bry) zast\u00e1vky Vltavsk\u00e1 na p\u0159edmost\u00ed Hl\u00e1vkova mostu a&nbsp;Hlavn\u00ed n\u00e1dra\u017e\u00ed v&nbsp;Opletalov\u011b ulici.<\/p>\r\n<p><strong>Ke sta\u017een\u00ed<\/strong><\/p>\r\n<ul>\r\n\t<li><a href=\"https:\/\/www.praha7.cz\/wp-content\/uploads\/2022\/11\/metro_C_A3_26_11-27_11._tisk_DP.pdf\">Infolet\u00e1k<\/a><\/li>\r\n<\/ul>\r\n<p>Aktu\u00e1ln\u00ed informace na webu <a href=\"https:\/\/www.dpp.cz\/omezeni-a-mimoradne-udalosti\/detail\/15709\">dpp.cz<\/a>.<\/p>","protected":false},"excerpt":{"rendered":"[perex] Z&nbsp;d\u016fvodu rekonstrukce stropn\u00ed desky ve stanici Florenc doch\u00e1z\u00ed od soboty 26.&nbsp;listopadu 2022 (od zah\u00e1jen\u00ed provozu) do ned\u011ble 27.&nbsp;listopadu 2022 (do ukon\u010den\u00ed provozu) k&nbsp;do\u010dasn\u00e9mu p\u0159eru\u0161en\u00ed provozu metra v&nbsp;\u00faseku Vltavsk\u00e1 \u2013 Hlavn\u00ed n\u00e1dra\u017e\u00ed. [\/perex] N\u00e1hradn\u00ed tramvajov\u00e1 doprava (v&nbsp;denn\u00edm provozu): Linka XC\u00a0v trase Hlavn\u00ed n\u00e1dra\u017e\u00ed (v&nbsp;Opletalov\u011b ulici) \u2013 Masarykovo n\u00e1dra\u017e\u00ed \u2013 B\u00edl\u00e1 labu\u0165 \u2013 Vltavsk\u00e1 (na [&hellip;]","protected":false},"author":251,"featured_media":29528,"comment_status":"closed","ping_status":"open","sticky":false,"template":"","format":"standard","meta":[],"categories":[34],"tags":[],"_links":{"self":[{"href":"https:\/\/www.praha7.cz\/api\/wp\/v2\/posts\/62178"}],"collection":[{"href":"https:\/\/www.praha7.cz\/api\/wp\/v2\/posts"}],"about":[{"href":"https:\/\/www.praha7.cz\/api\/wp\/v2\/types\/post"}],"author":[{"embeddable":true,"href":"https:\/\/www.praha7.cz\/api\/wp\/v2\/users\/251"}],"replies":[{"embeddable":true,"href":"https:\/\/www.praha7.cz\/api\/wp\/v2\/comments?post=62178"}],"version-history":[{"count":1,"href":"https:\/\/www.praha7.cz\/api\/wp\/v2\/posts\/62178\/revisions"}],"predecessor-version":[{"id":62180,"href":"https:\/\/www.praha7.cz\/api\/wp\/v2\/posts\/62178\/revisions\/62180"}],"wp:featuredmedia":[{"embeddable":true,"href":"https:\/\/www.praha7.cz\/api\/wp\/v2\/media\/29528"}],"wp:attachment":[{"href":"https:\/\/www.praha7.cz\/api\/wp\/v2\/media?parent=62178"}],"wp:term":[{"taxonomy":"category","embeddable":true,"href":"https:\/\/www.praha7.cz\/api\/wp\/v2\/categories?post=62178"},{"taxonomy":"post_tag","embeddable":true,"href":"https:\/\/www.praha7.cz\/api\/wp\/v2\/tags?post=62178"}],"curies":[{"name":"wp","href":"https:\/\/api.w.org\/{rel}","templated":true}]}}