    
{"id":62123,"date":"2022-11-24T12:03:22","date_gmt":"2022-11-24T11:03:22","guid":{"rendered":"https:\/\/www.praha7.cz\/?p=62123"},"modified":"2022-11-24T12:53:00","modified_gmt":"2022-11-24T11:53:00","slug":"konat-dobro","status":"publish","type":"post","link":"https:\/\/www.praha7.cz\/konat-dobro\/","title":{"rendered":"Konat dobro"},"content":{"rendered":"<p>[perex]<\/p>\r\n<p>Nadch\u00e1zej\u00edc\u00ed v\u00e1no\u010dn\u00ed \u010das ve v\u011bt\u0161in\u011b z\u00a0n\u00e1s probouz\u00ed chu\u0165 b\u00fdt je\u0161t\u011b v\u00edce laskav\u00fd ke sv\u00e9mu okol\u00ed a\u00a0podat pomocnou ruku t\u011bm, kte\u0159\u00ed ji pot\u0159ebuj\u00ed, a\u0165 u\u017e p\u0159ed\u00e1n\u00edm n\u011bkolika kousk\u016f oble\u010den\u00ed do sb\u00edrky pro pot\u0159ebn\u00e9 nebo nape\u010den\u00edm cukrov\u00ed pro osam\u011bl\u00e9 seniory. Dobro v\u0161ak m\u016f\u017eeme d\u011blat po cel\u00fd rok a\u00a0ne nutn\u011b jen v\u00a0rovin\u011b materi\u00e1ln\u00ed \u010di finan\u010dn\u00ed. V\u00a0prvn\u00edm \u010dl\u00e1nku z\u00a0p\u0159ipravovan\u00e9 s\u00e9rie o\u00a0pom\u00e1haj\u00edc\u00edch organizac\u00edch a\u00a0komunitn\u00edch spolc\u00edch se bl\u00ed\u017ee pod\u00edv\u00e1me na dobrovolnick\u00fd program v\u00a0<a href=\"https:\/\/centrum.elpida.cz\/pobocka-pristav\">P\u0159\u00edstavu 7<\/a> a\u00a0na iniciativu <a href=\"https:\/\/www.vlnapomoci.cz\/\">Vlna pomoci<\/a>, kter\u00e1 digitalizuje a\u00a0nap\u0159\u00edmo propojuje neziskov\u00e9 organizace a\u00a0dobrovoln\u00edky.<\/p>\r\n<p>[\/perex]<\/p>\r\n<p><strong>Nov\u00e9 dobro na Sedmi\u010dce<br \/>\r\n<\/strong>P\u0159\u00edstav 7 je u\u017e komunitn\u00ed st\u00e1lic\u00ed Sedmi\u010dky. Krom\u011b nab\u00eddky kurz\u016f, p\u0159edn\u00e1\u0161ek, tv\u016fr\u010d\u00edch d\u00edlen a\u00a0kulturn\u00edho programu pro generaci 55+ v\u00a0sousedstv\u00ed jeho s\u00eddla v\u00a0Jankovcov\u011b 8b najdete h\u0159i\u0161t\u011b na p\u00e9tanque, komunitn\u00ed zahradu Botanicula a\u00a0prostor Plov\u00e1rna. Dal\u0161\u00ed v\u00fdznamnou \u010dinnost\u00ed t\u00e9to pobo\u010dky obecn\u011b prosp\u011b\u0161n\u00e9 spole\u010dnosti Elpida, je\u017e na mnoha rovin\u00e1ch podporuje aktivn\u00ed \u017eivot senior\u016f, je dobrovolnick\u00fd program, kter\u00fd p\u016fvodn\u011b sdru\u017eoval aktivn\u00ed seniory, av\u0161ak minul\u00e9 jaro otev\u0159el dve\u0159e i\u00a0mlad\u0161\u00edm z\u00e1jemc\u016fm. Dobrovoln\u00edci z\u00a0jejich \u0159ad se nej\u010dast\u011bji zapojuj\u00ed do dou\u010dov\u00e1n\u00ed, pom\u00e1haj\u00ed d\u011btem s\u00a0odli\u0161n\u00fdm mate\u0159sk\u00fdm jazykem, chod\u00ed \u010d\u00edst poh\u00e1dky do \u0161kolek nebo d\u011blaj\u00ed spole\u010dnost osam\u011bl\u00fdm senior\u016fm v\u00a0jejich dom\u00e1c\u00edm prost\u0159ed\u00ed. Jsou z\u00e1rove\u0148 vys\u00edl\u00e1ni ke klient\u016fm Pe\u010dovatelsk\u00e9ho centra Prahy&nbsp;7, Charity Hole\u0161ovice nebo Arm\u00e1dy sp\u00e1sy. V\u017edy maj\u00ed \u0159\u00e1dnou smlouvu a\u00a0poji\u0161t\u011bn\u00ed, organizuj\u00ed se pro n\u011b pravideln\u00e9 konzultace a\u00a0supervize, stejn\u011b jako dal\u0161\u00ed podp\u016frn\u00e9 vzd\u011bl\u00e1v\u00e1n\u00ed.<\/p>\r\n<p>Pokud uzn\u00e1te, \u017ee m\u00e1te ka\u017ed\u00fd t\u00fdden volnou\u00a0alespo\u0148 jednu hodinu a\u00a0chcete ji n\u011bjak\u00fdm smyslupln\u00fdm zp\u016fsobem naplnit, va\u0161\u00ed spojkou k\u00a0dobru je Marie Dvo\u0159\u00e1kov\u00e1, kter\u00e1 m\u00e1\u00a0dobrovolnick\u00fd program na starosti a\u00a0s\u00a0n\u00ed\u017e jist\u011b najdete oblast, ve kter\u00e9 budete moci pomoci\u00a0druh\u00fdm. Kontaktovat ji m\u016f\u017eete na e-mailu <a href=\"mailto:Marie.Dvorakova@agora7.cz\">Marie.Dvorakova@agora7.cz<\/a> \u010di telefonu 724&nbsp;544&nbsp;799. \u201eMnohdy lid\u00e9 cht\u011bj\u00ed pom\u00e1hat, oslov\u00ed neziskov\u00e9 organizace, ale reakce se nedo\u010dkaj\u00ed. D\u016fvodem m\u016f\u017ee b\u00fdt, \u017ee dan\u00e1 neziskovka nem\u00e1 s\u00a0dobrovoln\u00edky zku\u0161enost. Je ale velice d\u016fle\u017eit\u00e9 \u010dlov\u011bku, kter\u00fd chce b\u00fdt prosp\u011b\u0161n\u00fd, vytvo\u0159it podm\u00ednky a\u00a0vyj\u00edt mu vst\u0159\u00edc,\u201c dod\u00e1v\u00e1 Monika Plz\u00e1kov\u00e1 z\u00a0<a href=\"https:\/\/www.agora7.cz\/\">Nada\u010dn\u00edho fondu Agora 7<\/a>, jen\u017e je podporovatelem P\u0159\u00edstavu 7. Krom\u011b v\u00fd\u0161e zm\u00edn\u011bn\u00e9 pomoci nab\u00edz\u00ed i\u00a0individu\u00e1ln\u00ed podporu pro pom\u00e1haj\u00edc\u00ed. Pr\u00e1v\u011b pro n\u011b je ka\u017ed\u00fd \u010dtvrtek od 17 hodin p\u0159ipravena lekce j\u00f3gy, kterou mohou bezplatn\u011b nav\u0161t\u00edvit nejen dobrovoln\u00edci, ale i\u00a0u\u010ditel\u00e9, soci\u00e1ln\u00ed pracovn\u00edci, pe\u010dovatel\u00e9 a\u00a0lid\u00e9 z\u00a0dal\u0161\u00edch pom\u00e1haj\u00edc\u00edch profes\u00ed. Pokud do n\u011bkter\u00e9 z\u00a0t\u011bchto kategori\u00ed spad\u00e1te, kontaktujte Marii Dvo\u0159\u00e1kovou a\u00a0dop\u0159ejte dobr\u00fd pocit i\u00a0sv\u00e9mu t\u011blu.<\/p>\r\n<p><a href=\"https:\/\/www.praha7.cz\/konat-dobro\/img-7384-edit\/\" rel=\"attachment wp-att-62136\"><img loading=\"lazy\" src=\"https:\/\/www.praha7.cz\/wp-content\/uploads\/2022\/11\/IMG-7384-edit-600x368.jpg\" alt=\"\" width=\"600\" height=\"368\" class=\"alignnone wp-image-62136 size-medium\" srcset=\"https:\/\/www.praha7.cz\/wp-content\/uploads\/2022\/11\/IMG-7384-edit-600x368.jpg 600w, https:\/\/www.praha7.cz\/wp-content\/uploads\/2022\/11\/IMG-7384-edit-768x472.jpg 768w, https:\/\/www.praha7.cz\/wp-content\/uploads\/2022\/11\/IMG-7384-edit-1500x921.jpg 1500w, https:\/\/www.praha7.cz\/wp-content\/uploads\/2022\/11\/IMG-7384-edit.jpg 1834w\" sizes=\"(max-width: 600px) 100vw, 600px\" \/><\/a><\/p>\r\n<p>&nbsp;<\/p>\r\n<p><strong>M\u00edsto k\u00a0setk\u00e1v\u00e1n\u00ed<br \/>\r\n<\/strong>V\u00fdznamn\u00fdm dnem pro dobrovoln\u00edky na Sedmi\u010dce bude \u010dtvrtek 26.&nbsp;ledna 2023. Pr\u00e1v\u011b v\u00a0tento den se slavnostn\u011b otev\u0159e Dobrovolnick\u00e9 centrum Agora 7, jeho\u017e c\u00edlem je vybudovat \u017eiv\u00e9 m\u00edsto pro setk\u00e1v\u00e1n\u00ed aktivn\u00edch ob\u010dan\u016f, form\u00e1ln\u00edch i\u00a0neform\u00e1ln\u00edch dobrovoln\u00edk\u016f. Nov\u00e9 centrum chce vzd\u011bl\u00e1vat, inspirovat a\u00a0nab\u00eddnout pomoc v\u0161em, kte\u0159\u00ed cht\u011bj\u00ed d\u011blat dobr\u00e9 v\u011bci ve sv\u00e9m okol\u00ed, t\u0159eba rozjet komunitn\u00ed zahradu nebo uspo\u0159\u00e1dat sousedsk\u00fd bazar. \u201eV\u00a0nov\u00e9m centru nep\u016fjde jen o\u00a0to zast\u0159e\u0161it st\u00e1vaj\u00edc\u00ed dobrovolnick\u00fd program, ale vytvo\u0159it podp\u016frn\u00e9 z\u00e1zem\u00ed pro \u0161ir\u0161\u00ed ve\u0159ejnost, kter\u00e1 c\u00edt\u00ed pot\u0159ebu b\u00fdt n\u011bjak prosp\u011b\u0161n\u00e1 ve sv\u00e9m sousedstv\u00ed nebo v\u00a0\u0161ir\u0161\u00ed komunit\u011b,\u201c osv\u011btluje Marie Dvo\u0159\u00e1kov\u00e1. Jedn\u00edm z\u00a0prvn\u00edch partner\u016f centra jsou pr\u00e1v\u011b <a href=\"https:\/\/www.praha7.cz\/volny-cas-prehled\/sousedskespolkyprahy7\/\">sedmi\u010dkov\u00e9 sousedsk\u00e9 spolky<\/a> sdru\u017euj\u00edc\u00ed lidi \u017eij\u00edc\u00ed v\u00a0bl\u00edzkosti jedn\u00e9 ulice \u010di n\u00e1m\u011bst\u00ed, kte\u0159\u00ed maj\u00ed chu\u0165 ob\u010das n\u011bkomu z\u00a0bl\u00edzk\u00e9ho okol\u00ed pomoct. V\u00a0sou\u010dasn\u00e9 dob\u011b jich v\u00a0na\u0161\u00ed m\u011bstsk\u00e9 \u010d\u00e1sti funguje \u0161est. P\u0159edseda spolku Soused\u00e9 Janovsk\u00e9ho Vojt\u011bch Ryb\u00e1\u0159 p\u0159iprav\u00ed ka\u017ed\u00fd m\u011bs\u00edc pro Dobrovolnick\u00e9 centrum semin\u00e1\u0159, workshop nebo setk\u00e1n\u00ed se zaj\u00edmavou osobnost\u00ed z\u00a0komunitn\u00edho \u017eivota. Podrobn\u00fd program naleznete v\u00a0boxu. Sou\u010d\u00e1st\u00ed centra bude i\u00a0knihovn\u00ed fond zac\u00edlen\u00fd na dobrovolnictv\u00ed a\u00a0komunitn\u00ed \u017eivot.<\/p>\r\n<p><a href=\"https:\/\/www.praha7.cz\/konat-dobro\/img-7397-edit\/\" rel=\"attachment wp-att-62126\"><img loading=\"lazy\" src=\"https:\/\/www.praha7.cz\/wp-content\/uploads\/2022\/11\/IMG-7397-edit-383x400.png\" alt=\"\" width=\"383\" height=\"400\" class=\"alignnone wp-image-62126 size-medium\" srcset=\"https:\/\/www.praha7.cz\/wp-content\/uploads\/2022\/11\/IMG-7397-edit-383x400.png 383w, https:\/\/www.praha7.cz\/wp-content\/uploads\/2022\/11\/IMG-7397-edit.png 600w\" sizes=\"(max-width: 383px) 100vw, 383px\" \/><\/a><\/p>\r\n<p>Dal\u0161\u00edm c\u00edlem centra je vytvo\u0159en\u00ed pr\u016fvodce aktivn\u00edho ob\u010dana \u2013 manu\u00e1lu, ve kter\u00e9m\u00a0z\u00e1jemce najde v\u0161echny mo\u017en\u00e9 zp\u016fsoby, jak se\u00a0zapojit do \u017eiv\u00e9ho komunitn\u00edho d\u011bn\u00ed na Sedmi\u010dce \u2013 od profesion\u00e1ln\u00edho dobrovolnick\u00e9ho programu p\u0159es zm\u00edn\u011bn\u00e9 sousedsk\u00e9 spolky a\u017e po ve\u0161ker\u00e9 sv\u00e9pomocn\u00e9 a\u00a0komunitn\u00ed aktivity. Organiz\u00e1to\u0159i komunitn\u00edch aktivit, kte\u0159\u00ed by se pot\u0159ebovali ji\u017e nyn\u00ed n\u011bkde sch\u00e1zet, nemus\u00ed \u010dekat a\u017e na otev\u0159en\u00ed centra, ale u\u017e\u00a0nyn\u00ed mohou bezplatn\u011b vyu\u017e\u00edt prostor P\u0159\u00edstavu\u00a07. \u201eNed\u00e1vno n\u00e1s kontaktovala jedna pan\u00ed, \u017ee by u\u00a0n\u00e1s r\u00e1da uspo\u0159\u00e1dala swap d\u011btsk\u00e9ho oble\u010den\u00ed, nebo se ozvou lid\u00e9 z\u00a0komunitn\u00ed zahrady, kte\u0159\u00ed cht\u011bj\u00ed\u00a0ud\u011blat v\u00fdro\u010dn\u00ed setk\u00e1n\u00ed. Jsme r\u00e1di, kdy\u017e prostor\u00a0\u017eije lidmi, kte\u0159\u00ed cht\u011bj\u00ed n\u011bco d\u011blat,\u201c \u0159\u00edk\u00e1 s\u00a0\u00fasm\u011bvem Marie Dvo\u0159\u00e1kov\u00e1.<\/p>\r\n<p><strong>Pomoc s\u00a0t\u011b\u017ekostmi<br \/>\r\n<\/strong>Dal\u0161\u00edm mimo\u0159\u00e1dn\u00fdm projektem Dobrovolnick\u00e9ho centra je administrativn\u00ed poradenstv\u00ed nejen pro seniory, kter\u00e9 poskytuje dobrovolnice Tamara Smetanov\u00e1. C\u00edlem t\u00e9to poradny je pomoci lidem, ji\u017e si nev\u011bd\u00ed rady, jak a\u00a0kde co vy\u0159\u00eddit, neum\u011bj\u00ed vyplnit nutn\u00e9 formul\u00e1\u0159e nebo je nemaj\u00ed kde vytisknout. \u010casto se tato situace t\u00fdk\u00e1 vy\u0159\u00edzen\u00ed p\u0159\u00edsp\u011bvku na bydlen\u00ed nebo n\u011bjak\u00e9 dal\u0161\u00ed mo\u017en\u00e9 podpory. Poradna proto funguje i\u00a0v\u00a0\u00fazk\u00e9 spolupr\u00e1ci se soci\u00e1ln\u00edm odborem M\u010c Praha&nbsp;7. Nav\u0161t\u00edvit ji m\u016f\u017eete\u00a0ka\u017ed\u00fdch 14&nbsp;dn\u00ed v\u00a0\u00fater\u00fd od 15.30 do 17.30 hodin\u00a0(13.&nbsp;prosince, 3., 17.&nbsp;a\u00a031.&nbsp;ledna atd.). Pomoci se v\u00e1m jist\u011b dostane.<\/p>\r\n<p><img loading=\"lazy\" src=\"https:\/\/www.praha7.cz\/wp-content\/uploads\/2022\/11\/IMG-7395-edit-600x400.png\" alt=\"\" width=\"600\" height=\"400\" class=\"alignnone size-medium wp-image-62128\" srcset=\"https:\/\/www.praha7.cz\/wp-content\/uploads\/2022\/11\/IMG-7395-edit-600x400.png 600w, https:\/\/www.praha7.cz\/wp-content\/uploads\/2022\/11\/IMG-7395-edit-768x512.png 768w, https:\/\/www.praha7.cz\/wp-content\/uploads\/2022\/11\/IMG-7395-edit.png 800w\" sizes=\"(max-width: 600px) 100vw, 600px\" \/><\/p>\r\n<p><strong>Vlna pomoci<br \/>\r\n<\/strong>Sedmi\u010dka je v\u0161ak tak\u00e9 domovem digit\u00e1ln\u00ed dobrovolnick\u00e9 \u010dinnosti. Neziskov\u00e1 iniciativa s\u00a0n\u00e1zvem Vlna pomoci, je\u017e s\u00eddl\u00ed v\u00a0are\u00e1lu V\u00fdstavi\u0161t\u011b, digitalizuje dobrovolnictv\u00ed a\u00a0nap\u0159\u00edmo a\u00a0na jednom m\u00edst\u011b propojuje neziskov\u00e9 organizace a\u00a0dobrovoln\u00edky. Stejnojmenn\u00fd web funguje na velice jednoduch\u00e9m principu, kter\u00fd je podobn\u00fd vyhled\u00e1va\u010d\u016fm ubytov\u00e1n\u00ed. Nab\u00eddku dobrovolnick\u00fdch \u010dinnost\u00ed r\u016fzn\u00fdch organizac\u00ed si lze proj\u00edt pot\u00e9, co zad\u00e1te lokalitu a\u00a0obor, v\u00a0n\u011bm\u017e chcete pom\u00e1hat \u2013 od ekologie a\u00a0ochrany \u017eivotn\u00edho prost\u0159ed\u00ed, humanit\u00e1rn\u00ed pomoci \u010di komunitn\u00edho rozvoje p\u0159es kulturu, vzd\u011bl\u00e1v\u00e1n\u00ed, soci\u00e1ln\u00ed nebo zdravotn\u00ed p\u00e9\u010di, ale i\u00a0sport nebo lidsk\u00e1 pr\u00e1va a\u00a0advoka\u010dn\u00ed \u010dinnost. Jednoduch\u00fd n\u00e1bor dobrovoln\u00edk\u016f hojn\u011b vyu\u017e\u00edvaj\u00ed zn\u00e1m\u00e9 organizace jako \u010cesk\u00fd \u010derven\u00fd k\u0159\u00ed\u017e, Arm\u00e1da sp\u00e1sy, Charita, ale i\u00a0ty m\u00e9n\u011b zn\u00e1m\u00e9, jako je organizace Letokruh \u2013 dobrovolnictv\u00ed zral\u00e9ho v\u011bku, kter\u00e1 zast\u0159e\u0161uje dobrovolnick\u00e9 centrum pro hl. m. Prahu a\u00a0St\u0159edo\u010desk\u00fd kraj, nebo spolek Asistence, jen\u017e pom\u00e1h\u00e1 lidem s\u00a0t\u011blesn\u00fdm a\u00a0kombinovan\u00fdm posti\u017een\u00edm \u017e\u00edt svobodn\u00fd a\u00a0samostatn\u00fd \u017eivot v\u00a0b\u011b\u017en\u00e9m prost\u0159ed\u00ed. \u201eSdru\u017eovat mal\u00e9 i\u00a0velk\u00e9 organizace m\u00e1 smysl. Organizace pot\u0159ebuj\u00ed zefektivnit pr\u00e1ci sv\u00fdch koordin\u00e1tor\u016f. Podle n\u00e1s je p\u0159echod na digit\u00e1ln\u00ed platformu nevyhnuteln\u00fd a\u00a0d\u0159\u00edve nebo pozd\u011bji \u010dek\u00e1 v\u0161echny. To se net\u00fdk\u00e1 jen dobrovolnictv\u00ed, ale i\u00a0\u0161ir\u0161\u00edho neziskov\u00e9ho sektoru,\u201c vysv\u011btluje David Susl\u00edk.<\/p>\r\n<p>Je to ji\u017e 10 let, co David Susl\u00edk, J\u00e1chym Posp\u00ed\u0161il a\u00a0Petr Jaro\u0161 zalo\u017eili firmu OnSinch, kter\u00e1 vyv\u00edj\u00ed a\u00a0spravuje syst\u00e9my na \u0159\u00edzen\u00ed n\u00e1razov\u00e9 pr\u00e1ce a\u00a0koordinuje pracovn\u00edky nejen v\u00a0kulturn\u00edm pr\u016fmyslu. D\u00edky \u00fasp\u011b\u0161nosti projektu a\u00a0zahrnut\u00ed dal\u0161\u00edch nad\u0161enc\u016f s\u00a0organiza\u010dn\u00edm talentem vznikla samostatn\u00e1 spole\u010dnost Shameless, kter\u00e1 zaji\u0161\u0165uje technick\u00fd person\u00e1l pro akce a\u00a0festivaly v\u00a0cel\u00e9 st\u0159edn\u00ed Evrop\u011b. Postupem \u010dasu se v\u0161ak zrodila my\u0161lenka, \u017ee n\u00e1razov\u00e1 pr\u00e1ce nemus\u00ed b\u00fdt jen placen\u00e1 \u010dinnost, ale \u017ee tento syst\u00e9m organizace lze aplikovat i\u00a0v\u00a0jin\u00e9m odv\u011btv\u00ed \u2013 t\u0159eba p\u0159i koordinov\u00e1n\u00ed dobrovoln\u00edk\u016f na hromadn\u00fdch akc\u00edch.<\/p>\r\n<p>Iniciativa Vlna pomoci se pak naplno rozjela v\u00a0\u010dase, kdy cel\u00fd sv\u011bt su\u017eovala pandemie covidu-19. V\u00a0b\u0159eznu 2020, kdy nejen kulturn\u00ed akce, ale v\u0161echny aktivity ze dne na den utichly, napadlo Davida Susl\u00edka, Mat\u011bje \u0160t\u011bp\u00e1na a\u00a0Petra Jaro\u0161e, \u017ee organiza\u010dn\u00ed syst\u00e9m, jen\u017e dok\u00e1\u017ee zajistit stovky pracovn\u00edch sil pro jak\u00fdkoliv festival, by to sam\u00e9 mohl koordina\u010dn\u011b zprost\u0159edkovat i\u00a0nemocnic\u00edm, kter\u00e9 se pot\u00fdkaly s\u00a0nedostatkem person\u00e1lu. V\u00fdvoj Vlny pomoci trval skoro 6 m\u011bs\u00edc\u016f a\u00a0pod\u00edlel se na n\u011bm v\u00fdvoj\u00e1\u0159sk\u00fd t\u00fdm firmy OnSinch ve spolupr\u00e1ci se spole\u010dnost\u00ed Seznam.cz. P\u0159esn\u00fd po\u010det dobrovoln\u00edk\u016f nen\u00ed zn\u00e1m, ale b\u011bhem t\u0159et\u00ed vlny covidu na konci minul\u00e9ho roku se za necel\u00fd m\u011bs\u00edc zapojilo do pr\u00e1ce pro nejkriti\u010dt\u011bji posti\u017een\u00e1 odd\u011blen\u00ed nemocnic \u010di pe\u010dovatelsk\u00fdch a\u00a0dal\u0161\u00edch zdravotnick\u00fdch za\u0159\u00edzen\u00ed okolo 300 dobrovoln\u00edk\u016f.<\/p>\r\n<p><a href=\"https:\/\/www.praha7.cz\/konat-dobro\/img-7380-edit_optimized\/\" rel=\"attachment wp-att-62139\"><img loading=\"lazy\" src=\"https:\/\/www.praha7.cz\/wp-content\/uploads\/2022\/11\/img-7380-edit_optimized-304x400.jpg\" alt=\"\" width=\"304\" height=\"400\" class=\"alignnone wp-image-62139 size-medium\" srcset=\"https:\/\/www.praha7.cz\/wp-content\/uploads\/2022\/11\/img-7380-edit_optimized-304x400.jpg 304w, https:\/\/www.praha7.cz\/wp-content\/uploads\/2022\/11\/img-7380-edit_optimized-768x1009.jpg 768w, https:\/\/www.praha7.cz\/wp-content\/uploads\/2022\/11\/img-7380-edit_optimized-761x1000.jpg 761w\" sizes=\"(max-width: 304px) 100vw, 304px\" \/><\/a><\/p>\r\n<p><strong>Rychl\u00e1 koordinace pomoci<br \/>\r\n<\/strong>Dobrovolnick\u00e9 vydechnut\u00ed a\u00a0nadechnut\u00ed do hromadn\u00e9 pomoci p\u0159\u00edli\u0161 dlouho netrvalo. Vlna pomoci se stala vlnou solidarity p\u0159i propuknut\u00ed rusk\u00e9 invaze na Ukrajinu. Pra\u017esk\u00fd syst\u00e9m pomoci pro ukrajinsk\u00e9 uprchl\u00edky byl spu\u0161t\u011bn za 24 hodin a\u00a0po 48 hodin\u00e1ch u\u017e se hl\u00e1sili prvn\u00ed dobrovoln\u00edci. Obratem o\u00a0n\u011bj projevil z\u00e1jem i\u00a0St\u0159edo\u010desk\u00fd kraj a\u00a0b\u011bhem n\u011bkolika m\u00e1lo dn\u00ed dal\u0161\u00ed m\u011bsta \u2013 Mlad\u00e1 Boleslav, Kol\u00edn a\u00a0P\u0159\u00edbram.<\/p>\r\n<p>\u201eV\u00fdhodou port\u00e1lu Vlna pomoci je, \u017ee m\u016f\u017ee b\u00fdt na krizovou situaci aplikov\u00e1n t\u00e9m\u011b\u0159 okam\u017eit\u011b. To n\u00e1m d\u00e1valo d\u016fv\u011bru v\u00a0to, \u017ee to spole\u010dn\u011b zvl\u00e1dneme. Mat\u011bj a\u00a0David p\u0159\u00edmo v&nbsp;asisten\u010dn\u00edm centru koordinovali jeho spu\u0161t\u011bn\u00ed. Z\u00e1jem n\u00e1s p\u0159ekvapil a\u00a0byl jedn\u00edm z\u00a0faktor\u016f, kter\u00e9 n\u00e1s nakoply. P\u00e1r t\u00fddn\u016f jsme pracovali opravdu intenzivn\u011b, ale vid\u011bli jsme, \u017ee na\u0161e zapojen\u00ed d\u00e1v\u00e1 velk\u00fd smysl. Dalo by se \u0159\u00edci, \u017ee Vlna pomoci pravd\u011bpodobn\u011b nahradila cel\u00e9 patro teleoper\u00e1tor\u016f a\u00a0koordin\u00e1tor\u016f, kte\u0159\u00ed by na m\u00edst\u011b museli takov\u00fd z\u00e1jem ve\u0159ejnosti odbavovat,\u201c dod\u00e1v\u00e1 Daniel Bacho. V\u00a0pra\u017esk\u00e9m asisten\u010dn\u00edm centru pomoci Ukrajin\u011b (KAPCU) doposud vypomohlo 11&nbsp;842 dobrovoln\u00edk\u016f, kte\u0159\u00ed odpracovali 179&nbsp;936 hodin v\u00a0hodnot\u011b t\u00e9m\u011b\u0159 40 milion\u016f korun.<\/p>\r\n<p>Dal\u0161\u00ed z\u00a0vlastnost\u00ed aplikace Vlna pomoci je jednoduch\u00e1 zp\u011btn\u00e1 vazba, a\u0165 ji\u017e k\u00a0fungov\u00e1n\u00ed aplikace \u010di k\u00a0aktivit\u011b samotn\u00e9. \u201eV\u00a0aktu\u00e1ln\u00edch statistik\u00e1ch m\u00e1me 97% pozitivn\u00ed zp\u011btnou vazbu, \u010deho\u017e si v\u00e1\u017e\u00edme. Tak\u017ee n\u00e1s sp\u00ed\u0161e p\u0159ekvap\u00ed, pokud m\u00e1 n\u011bkdo n\u011bjak\u00fd probl\u00e9m. Pak se lidem v\u011bnujeme a\u00a0syst\u00e9mem je provedeme. Nicm\u00e9n\u011b Vlnu pomoci zvl\u00e1dl ve sv\u00fdch\u00a086 letech i\u00a0n\u00e1\u0161 nejstar\u0161\u00ed dobrovoln\u00edk Josef Parles\u00e1k, tak\u017ee i\u00a0podle jeho zku\u0161enosti je pou\u017eiteln\u00e1 pro ka\u017ed\u00e9ho,\u201c dod\u00e1v\u00e1 David Susl\u00edk.<\/p>\r\n<p>Pomoc pot\u0159ebn\u00fdm ov\u0161em bohu\u017eel nech\u00e1pou v\u0161ichni jen pozitivn\u011b. \u010cl\u00e1nk\u016fm, diskuz\u00edm a\u00a0koment\u00e1\u0159\u016fm vyjad\u0159uj\u00edc\u00edm nesouhlas a\u00a0negativn\u00ed emoce, a\u0165 u\u017e b\u011bhem pandemie nebo v\u00a0d\u016fsledku p\u0159ij\u00edm\u00e1n\u00ed migrant\u016f, nen\u00ed mo\u017en\u00e9 se vyhnout. \u201eUr\u010dit\u011b, jsou jich pln\u00e9 soci\u00e1ln\u00ed s\u00edt\u011b. Nicm\u00e9n\u011b pro tyto lidi Vlna pomoci nen\u00ed. Jsme tady pro lidi, kte\u0159\u00ed cht\u011bj\u00ed ostatn\u00edm pom\u00e1hat. Pokud n\u011bkdo sv\u016fj \u010das rad\u011bji v\u011bnuje \u0161\u00ed\u0159en\u00ed negativity ve sv\u00e9m okol\u00ed, je to jeho v\u011bc. S\u00a0Vlnou pom\u00e1haj\u00ed desetitis\u00edce dobrovoln\u00edk\u016f a\u00a0to je pro n\u00e1s daleko siln\u011bj\u0161\u00ed sign\u00e1l ne\u017e p\u00e1r odm\u00edtav\u00fdch v\u00fdk\u0159ik\u016f na Facebooku,\u201c \u0159\u00edk\u00e1 Daniel Bacho.<\/p>\r\n<p>Vlna pomoci u\u017e ale p\u0159ekra\u010duje i\u00a0hranice na\u0161eho st\u00e1tu. Ve spojen\u00ed s\u00a0jej\u00edmi provozovateli je\u00a0\u0159ada organizac\u00ed ze zahrani\u010d\u00ed a\u00a0spole\u010dn\u011b p\u0159ipravuj\u00ed mo\u017enosti, jak i\u00a0jim vyj\u00edt vst\u0159\u00edc, od leto\u0161n\u00edho kv\u011btna u\u017e nap\u0159\u00edklad p\u016fsob\u00ed na Slovensku. \u201eStejn\u011b jako my bereme projekt Vlny pomoci jako n\u00e1\u0161 dobrovolnick\u00fd p\u0159\u00edsp\u011bvek spole\u010dnosti,\u00a0v\u011b\u0159\u00edme, \u017ee by se dobrovolni\u010den\u00ed mohlo st\u00e1t sou\u010d\u00e1st\u00ed voln\u00e9ho \u010dasu ka\u017ed\u00e9ho z\u00a0n\u00e1s: sem tam j\u00edt p\u00e1r hodin n\u011bkomu pomoci a\u00a0zpest\u0159it si t\u00edm sv\u00e9 byt\u00ed na t\u00e9to planet\u011b. N\u011bkdo r\u00e1d pom\u016f\u017ee hl\u00eddat\u00a0d\u011bti, n\u011bkdo pom\u016f\u017ee babi\u010dce s\u00a0n\u00e1kupem a\u00a0n\u011bkdo r\u00e1d dou\u010d\u00ed ostatn\u00ed to, co um\u00ed nejl\u00e9pe. My um\u00edme vyv\u00edjet aplikace a\u00a0koordinovat lidi a\u00a0jsme si jisti, \u017ee t\u00edm za n\u00e1s m\u016f\u017eeme cel\u00e9mu syst\u00e9mu pomoct \u00fapln\u011b nejv\u00edc,\u201c uzav\u00edr\u00e1 t\u00fdm Vlny pomoci.<\/p>\r\n<p><img loading=\"lazy\" src=\"https:\/\/www.praha7.cz\/wp-content\/uploads\/2022\/11\/IMG-7391-edit-441x400.png\" alt=\"\" width=\"441\" height=\"400\" class=\"alignnone size-medium wp-image-62129\" srcset=\"https:\/\/www.praha7.cz\/wp-content\/uploads\/2022\/11\/IMG-7391-edit-441x400.png 441w, https:\/\/www.praha7.cz\/wp-content\/uploads\/2022\/11\/IMG-7391-edit.png 601w\" sizes=\"(max-width: 441px) 100vw, 441px\" \/><\/p>\r\n<p><strong>Firemn\u00ed dobrovolnictv\u00ed<br \/>\r\n<\/strong>Dobrovolnictv\u00ed se v\u0161ak nemus\u00edte v\u011bnovat jen ve sv\u00e9m voln\u00e9m \u010dase. Pom\u00e1hat je mo\u017en\u00e9 i\u00a0v\u00a0pracovn\u00edm dni bez ztr\u00e1ty odpracovan\u00fdch hodin. Mnoho firem si v\u00a0posledn\u00ed dob\u011b uv\u011bdomuje, \u017ee je d\u016fle\u017eit\u00e9 v\u011bnovat se nejen spokojenosti sv\u00fdch zam\u011bstnanc\u016f, ale d\u00e1t tak\u00e9 najevo, \u017ee samotn\u00e1 firma vn\u00edm\u00e1 d\u016fle\u017eitost spole\u010densk\u00e9 odpov\u011bdnosti. Z\u00a0pr\u016fzkum\u016f toti\u017e st\u00e1le \u010dast\u011bji vypl\u00fdv\u00e1 skute\u010dnost, \u017ee \u010d\u00e1st z\u00e1kazn\u00edk\u016f nebo klient\u016f si v\u00fdrobky a\u00a0slu\u017eby vyb\u00edr\u00e1 pr\u00e1v\u011b podle toho, jak zodpov\u011bdn\u011b se firmy p\u0159i sv\u00e9m podnik\u00e1n\u00ed chovaj\u00ed a\u00a0jak p\u0159istupuj\u00ed k\u00a0celospole\u010densk\u00fdm t\u00e9mat\u016fm. Firma v\u0161ak vedle finan\u010dn\u00edho obnosu m\u016f\u017ee na podporu ve\u0159ejn\u011b prosp\u011b\u0161n\u00e9ho projektu darovat i\u00a0\u010das, pr\u00e1ci, schopnosti a\u00a0p\u0159edev\u0161\u00edm energii sv\u00fdch zam\u011bstnanc\u016f. Zam\u011bstnanc\u016fm je tak umo\u017en\u011bno v\u00a0jeden den m\u00edsto sv\u00e9 b\u011b\u017en\u00e9 pracovn\u00ed \u010dinnosti pomoci vybran\u00e9 neziskov\u00e9 organizaci. Podoby firemn\u00edho dobrovolnictv\u00ed jsou v\u0161ak r\u016fzn\u00e9 a\u00a0pr\u00e1v\u011b pestrost mo\u017enost\u00ed, jak n\u011bkomu pomoci, by se za \u010das mohla st\u00e1t nejen pracovn\u00edm, pota\u017emo osobn\u00edm benefitem, ale i\u00a0neodmyslitelnou sou\u010d\u00e1st\u00ed firemn\u00ed kultury.<\/p>\r\n<p>V\u00a0\u010dl\u00e1nku jsme se dostali pouze ke dv\u011bma akt\u00e9r\u016fm dobra. Sedmi\u010dka jich m\u00e1 ale mnohem v\u00edc. O\u00a0dal\u0161\u00edch se dozv\u00edte v\u00a0n\u011bkter\u00e9m z\u00a0p\u0159\u00ed\u0161t\u00edch \u010d\u00edsel Hobuletu. A\u00a0p\u0159esto, \u017ee \u010dl\u00e1nek p\u0159ibl\u00ed\u017eil d\u016fle\u017eitost a\u00a0pot\u0159ebnost dobrovolnictv\u00ed, nezapom\u00ednejme pros\u00edm i\u00a0na movit\u00e9 dary. P\u0159edv\u00e1no\u010dn\u00ed \u00faklid \u0161atn\u00edk\u016f a\u00a0n\u00e1kup mal\u00fdch d\u00e1rk\u016f m\u016f\u017ee n\u011bkomu opravdu pomoci. Tepl\u00e9 oble\u010den\u00ed m\u016f\u017eete darovat do sb\u00edrky v\u00a0Rodinn\u00e9m centru Letn\u00e1 a\u00a0po\u0159\u00edzen\u00edm netradi\u010dn\u00edho d\u00e1rku na V\u00e1no\u010dn\u00edm sousedsk\u00e9m trhu na He\u0159ma\u0148\u00e1ku zase pom\u016f\u017eete rodin\u00e1m ze Sedmi\u010dky, kter\u00e9 se ocitly v\u00a0nouzi. Klidn\u00e9 a\u00a0hezk\u00e9 V\u00e1noce!<\/p>\r\n<p><a href=\"https:\/\/www.praha7.cz\/konat-dobro\/img-7386-edit\/\" rel=\"attachment wp-att-62138\"><img loading=\"lazy\" src=\"https:\/\/www.praha7.cz\/wp-content\/uploads\/2022\/11\/IMG-7386-edit-301x400.jpg\" alt=\"\" width=\"301\" height=\"400\" class=\"alignnone wp-image-62138 size-medium\" srcset=\"https:\/\/www.praha7.cz\/wp-content\/uploads\/2022\/11\/IMG-7386-edit-301x400.jpg 301w, https:\/\/www.praha7.cz\/wp-content\/uploads\/2022\/11\/IMG-7386-edit-768x1021.jpg 768w, https:\/\/www.praha7.cz\/wp-content\/uploads\/2022\/11\/IMG-7386-edit-752x1000.jpg 752w, https:\/\/www.praha7.cz\/wp-content\/uploads\/2022\/11\/IMG-7386-edit.jpg 977w\" sizes=\"(max-width: 301px) 100vw, 301px\" \/><\/a><\/p>\r\n<hr \/>\r\n<p><strong>SB\u00cdRKA V\u00a0RODINN\u00c9M CENTRU LETN\u00c1<br \/>\r\n<\/strong>Rodinn\u00e9 centrum Letn\u00e1 (RCL) op\u011bt vyhla\u0161uje sb\u00edrku pro lidi bez domova. P\u0159ij\u00edm\u00e1 tepl\u00e9 oble\u010den\u00ed (kab\u00e1ty, bundy, boty, \u010depice, \u0161\u00e1ly, rukavice, pono\u017eky, v\u0161e zejm\u00e9na p\u00e1nsk\u00e9), deky, spac\u00e1ky, termosky. Vyu\u017eij\u00ed t\u00e9\u017e kart\u00e1\u010dky a\u00a0pasty na zuby a\u00a0mal\u00e1 balen\u00ed myc\u00edch prost\u0159edk\u016f. Sv\u00e9 dary m\u016f\u017eete nosit v\u017edy v\u00a0\u00fater\u00fd, st\u0159edu a\u00a0p\u00e1tek od 9 do 12 hodin a\u00a0ve st\u0159edu od 17 do 18.30 hodin. V\u011bci poputuj\u00ed Komunit\u011b Sant\u2019Egidio, kter\u00e1 pracuje s\u00a0lidmi p\u0159\u00edmo na ulici. Sb\u00edrka bude prob\u00edhat od 1.&nbsp;do 21.&nbsp;prosince. V\u0161em d\u00e1rc\u016fm p\u0159edem d\u011bkujeme! Ve stejn\u00fdch \u010dasech bude tak\u00e9 mo\u017en\u00e9 zakoupit drobn\u00e9 d\u00e1re\u010dky, pern\u00ed\u010dky a\u00a0ozdoby z\u00a0chr\u00e1n\u011bn\u00fdch d\u00edlen a\u00a0od p\u0159\u00e1tel RCL. V\u00a0\u00fater\u00fd 13.&nbsp;prosince m\u016f\u017eete tak\u00e9 odpoledne nav\u0161t\u00edvit Adventn\u00ed divad\u00e9lko. Soubor Pohadlo aneb Poh\u00e1dkov\u00e9 Kukadlo odehraje poh\u00e1dku Fridol\u00edn se hled\u00e1. Vstupn\u00e9 je 100&nbsp;K\u010d za rodinu. Rezervace nutn\u00e1 \u2013 <a href=\"mailto:kontakt@rcletna.cz\">kontakt@rcletna.cz<\/a>, 775&nbsp;562&nbsp;672.<\/p>\r\n<p>\u2192\u00a0<a href=\"http:\/\/www.rcletna.cz\/\">www.rcletna.cz<\/a><\/p>\r\n<p><a href=\"https:\/\/www.praha7.cz\/konat-dobro\/sken-5\/\" rel=\"attachment wp-att-62141\"><img loading=\"lazy\" src=\"https:\/\/www.praha7.cz\/wp-content\/uploads\/2022\/11\/Sken-5-508x400.jpeg\" alt=\"\" width=\"508\" height=\"400\" class=\"alignnone wp-image-62141 size-medium\" srcset=\"https:\/\/www.praha7.cz\/wp-content\/uploads\/2022\/11\/Sken-5-508x400.jpeg 508w, https:\/\/www.praha7.cz\/wp-content\/uploads\/2022\/11\/Sken-5-768x604.jpeg 768w, https:\/\/www.praha7.cz\/wp-content\/uploads\/2022\/11\/Sken-5-1271x1000.jpeg 1271w, https:\/\/www.praha7.cz\/wp-content\/uploads\/2022\/11\/Sken-5.jpeg 1601w\" sizes=\"(max-width: 508px) 100vw, 508px\" \/><\/a><\/p>\r\n<hr \/>\r\n<p><strong>RADNI\u010cN\u00cd SB\u00cdRKY<br \/>\r\n<\/strong>Jednou z\u00a0ve\u0159ejn\u00fdch sb\u00edrek Prahy&nbsp;7 je sb\u00edrka Solidarita od soused\u016f, jej\u00edm\u017e prost\u0159ednictv\u00edm m\u016f\u017ee ka\u017ed\u00fd p\u0159isp\u011bt na pomoc lidem, kte\u0159\u00ed se dostali do obt\u00ed\u017en\u00fdch \u017eivotn\u00edch situac\u00ed a\u00a0pot\u0159ebuj\u00ed pomoci zajistit sv\u00e9 z\u00e1kladn\u00ed \u017eivotn\u00ed pot\u0159eby. P\u0159isp\u011bt lze prost\u0159ednictv\u00edm transparentn\u00edho \u00fa\u010dtu SOS P7: 000123-2000870339\/0800. P\u0159isp\u011bn\u00edm se pos\u00edl\u00ed Humanitn\u00ed fond M\u010c Praha&nbsp;7, p\u0159\u00edsp\u011bvky budou vyu\u017eity na individu\u00e1ln\u00ed pomoc ob\u010dan\u016fm Prahy&nbsp;7 v\u00a0souladu s\u00a0pravidly fondu.<\/p>\r\n<p>Ob\u011bdov\u00e9 konto ji\u017e n\u011bkolik let pom\u00e1h\u00e1 zajistit d\u011btem ob\u011bdy ve spole\u010dnosti jejich spolu\u017e\u00e1k\u016f a\u00a0kamar\u00e1d\u016f ve \u0161koln\u00edch j\u00eddeln\u00e1ch. Zaslan\u00fd obnos v\u00a0jak\u00e9koliv v\u00fd\u0161i pom\u016f\u017ee \u2013 a\u00a0bude pln\u011b vyu\u017eit na stravov\u00e1n\u00ed d\u011bt\u00ed. Ob\u011bdov\u00e9 konto je realizov\u00e1no formou transparentn\u00edho \u00fa\u010dtu u\u00a0\u010cesk\u00e9 spo\u0159itelny: 2003844339\/0800.<\/p>\r\n<p>D\u011bkujeme!<\/p>\r\n<p>\u2192\u00a0<a href=\"https:\/\/www.praha7.cz\/temata\/pomahame\/verejne-sbirky\/\">www.praha7.cz\/verejne-sbirky<\/a><\/p>\r\n<p><a href=\"https:\/\/www.praha7.cz\/konat-dobro\/img-7388-edit\/\" rel=\"attachment wp-att-62137\"><img loading=\"lazy\" src=\"https:\/\/www.praha7.cz\/wp-content\/uploads\/2022\/11\/IMG-7388-edit-200x200.jpg\" alt=\"\" width=\"200\" height=\"200\" class=\"alignnone size-thumbnail wp-image-62137\" \/><\/a><\/p>\r\n<hr \/>\r\n<p><strong>SOUSEDSK\u00dd TRH<br \/>\r\n<\/strong>Tradi\u010dn\u00ed V\u00e1no\u010dn\u00ed sousedsk\u00fd trh na He\u0159ma\u0148\u00e1ku se kon\u00e1 v\u00a0ned\u011bli 11.&nbsp;prosince od 10 do 15 hodin a\u00a0prostor na n\u011bm tentokr\u00e1t dostanou lid\u00e9, kte\u0159\u00ed n\u011bco vyr\u00e1b\u011bj\u00ed a\u00a0tvo\u0159\u00ed zat\u00edm sp\u00ed\u0161 \u201edo \u0161upl\u00edku\u201c. Po\u0159adatel\u00e9 r\u00e1di uv\u00edtaj\u00ed i\u00a0d\u011bti a\u00a0jejich v\u00fdrobky. Trh chce p\u0159edev\u0161\u00edm nab\u00eddnout alternativu klasick\u00fdch v\u00e1no\u010dn\u00edch trh\u016f a\u00a0d\u00e1t lidem mo\u017enost nakoupit neot\u0159el\u00e9 drobn\u00e9 v\u00e1no\u010dn\u00ed d\u00e1rky, potkat se se sv\u00fdmi sousedy a\u00a0p\u0159\u00e1teli a\u00a0u\u017e\u00edt si v\u00e1no\u010dn\u00ed pohodu He\u0159ma\u0148\u00e1ku. N\u00e1v\u0161t\u011bvn\u00edky \u010dek\u00e1 tak\u00e9 ob\u010derstven\u00ed, hudba, d\u011btsk\u00e9 divadlo a\u00a0d\u00edlna. V\u00fdt\u011b\u017eek z\u00a0trhu bude p\u0159ed\u00e1n rodin\u00e1m ze Sedmi\u010dky, kter\u00e9 se ocitly v\u00a0nouzi. Z\u00e1jemci o\u00a0prodej se mohou hl\u00e1sit e-mailem na <a href=\"mailto:sousedskeakce@gmail.com\">sousedskeakce@gmail.com<\/a>. Klasick\u00e9 ble\u0161\u00ed trhy se vr\u00e1t\u00ed v\u00a0b\u0159eznu.<\/p>\r\n<p>\u2192\u00a0<a href=\"https:\/\/www.facebook.com\/blesakhermanak\">www.facebook.com\/blesakhermanak<\/a><\/p>\r\n<p><a href=\"https:\/\/www.praha7.cz\/konat-dobro\/sken-2\/\" rel=\"attachment wp-att-62142\"><img loading=\"lazy\" src=\"https:\/\/www.praha7.cz\/wp-content\/uploads\/2022\/11\/Sken-2-600x363.jpeg\" alt=\"\" width=\"600\" height=\"363\" class=\"alignnone wp-image-62142 size-medium\" srcset=\"https:\/\/www.praha7.cz\/wp-content\/uploads\/2022\/11\/Sken-2-600x363.jpeg 600w, https:\/\/www.praha7.cz\/wp-content\/uploads\/2022\/11\/Sken-2-768x465.jpeg 768w, https:\/\/www.praha7.cz\/wp-content\/uploads\/2022\/11\/Sken-2-1500x908.jpeg 1500w, https:\/\/www.praha7.cz\/wp-content\/uploads\/2022\/11\/Sken-2.jpeg 1586w\" sizes=\"(max-width: 600px) 100vw, 600px\" \/><\/a><\/p>\r\n<hr \/>\r\n<p><strong>PROGRAM DOBROVOLNICK\u00c9HO CENTRA AGORA 7<\/strong><\/p>\r\n<p><strong>26.&nbsp;1.<\/strong>\u00a0<br \/>\r\nSlavnostn\u00ed otev\u0159en\u00ed dobrovolnick\u00e9ho centra <br \/>\r\n\u2013\u00a0doprovodn\u00fd program od 16 hodin: t\u00e9ma Aktivn\u00ed nad\u011bje \u2013 budoucnost a\u00a0role dobrovolnictv\u00ed v\u00a0Praze 7<\/p>\r\n<p><strong>Dobro-ve\u010dery<\/strong>\u00a0<br \/>\r\n\u2013 besedy s\u00a0inspirativn\u00edmi osobnostmi a\u00a0p\u0159edn\u00e1\u0161ky pro v\u0161echny ob\u010dany s\u00a0chut\u00ed tvo\u0159iv\u011b pom\u00e1hat a\u00a0komunitn\u011b \u017e\u00edt \u2013 <strong>v\u017edy ve \u010dtvrtek od 18 hodin<\/strong><\/p>\r\n<p><strong>23.&nbsp;2.\u00a0<\/strong><br \/>\r\nJak tvo\u0159it \u017eiv\u00e1 sousedstv\u00ed? Zku\u0161enosti inspirativn\u00edch lok\u00e1ln\u00edch akc\u00ed, sd\u00edlen\u00fdch prostor a\u00a0komunitn\u00edch iniciativ<\/p>\r\n<p><strong>23.&nbsp;4.\u00a0<\/strong><br \/>\r\nJak na prom\u011bnu spole\u010dn\u00fdch prostor s\u00a0Vnitrobloky.cz. Od osloven\u00ed soused\u016f a\u017e po realizaci obnovy vnitrobloku<\/p>\r\n<p><strong>27.&nbsp;4.\u00a0<\/strong><br \/>\r\nDobrovoln\u00edkem na Sedmi\u010dce. P\u0159\u00edle\u017eitosti k\u00a0pomoci druh\u00fdm a\u00a0smyslupln\u00e9 aktivit\u011b v\u00a0nejbli\u017e\u0161\u00edm okol\u00ed<\/p>\r\n<p><strong>25.&nbsp;5.\u00a0<\/strong><br \/>\r\nSousedstv\u00ed pro klima. Co m\u016f\u017eeme d\u011blat spole\u010dn\u011b i\u00a0ka\u017ed\u00fd s\u00e1m pro ochranu \u017eivotn\u00edho prost\u0159ed\u00ed<\/p>\r\n<p><strong>22.&nbsp;6.\u00a0<\/strong><br \/>\r\nJak rozd\u00e1vat radost s\u00a0radost\u00ed? Hled\u00e1n\u00ed rovnov\u00e1hy mezi pomoc\u00ed druh\u00fdm a\u00a0p\u00e9\u010d\u00ed o\u00a0vlastn\u00ed spokojenost<\/p>\r\n<hr \/>\r\n<p><strong>Vzd\u011bl\u00e1v\u00e1n\u00ed pro form\u00e1ln\u00ed dobrovoln\u00edky a\u00a0pom\u00e1haj\u00edc\u00ed profesion\u00e1ly z\u00a0Prahy&nbsp;7<\/strong><\/p>\r\n<p><strong>27.&nbsp;1.\u00a0<\/strong><br \/>\r\nEmo\u010dn\u00ed inteligence a\u00a0jak ji rozv\u00edjet<\/p>\r\n<p><strong>24.&nbsp;3.\u00a0<\/strong><br \/>\r\nManipulace \u2013 jak ji rozpoznat a\u00a0jak se j\u00ed br\u00e1nit<\/p>\r\n<p><strong>19.&nbsp;5.\u00a0<\/strong><br \/>\r\nStres a\u00a0prevence vyho\u0159en\u00ed<\/p>\r\n<p><strong>V\u017edy od 10 do 14 hodin.<\/strong> Dobrovolnick\u00e9 centrum Agora\u00a07 je spolufinancov\u00e1no z\u00a0programu <a href=\"https:\/\/www.activecitizensfund.cz\/en\/\">Active Citizens Fund<\/a>.<\/p>","protected":false},"excerpt":{"rendered":"[perex] Nadch\u00e1zej\u00edc\u00ed v\u00e1no\u010dn\u00ed \u010das ve v\u011bt\u0161in\u011b z\u00a0n\u00e1s probouz\u00ed chu\u0165 b\u00fdt je\u0161t\u011b v\u00edce laskav\u00fd ke sv\u00e9mu okol\u00ed a\u00a0podat pomocnou ruku t\u011bm, kte\u0159\u00ed ji pot\u0159ebuj\u00ed, a\u0165 u\u017e p\u0159ed\u00e1n\u00edm n\u011bkolika kousk\u016f oble\u010den\u00ed do sb\u00edrky pro pot\u0159ebn\u00e9 nebo nape\u010den\u00edm cukrov\u00ed pro osam\u011bl\u00e9 seniory. Dobro v\u0161ak m\u016f\u017eeme d\u011blat po cel\u00fd rok a\u00a0ne nutn\u011b jen v\u00a0rovin\u011b materi\u00e1ln\u00ed \u010di finan\u010dn\u00ed. V\u00a0prvn\u00edm \u010dl\u00e1nku [&hellip;]","protected":false},"author":292,"featured_media":62124,"comment_status":"closed","ping_status":"open","sticky":false,"template":"","format":"standard","meta":[],"categories":[37],"tags":[],"_links":{"self":[{"href":"https:\/\/www.praha7.cz\/api\/wp\/v2\/posts\/62123"}],"collection":[{"href":"https:\/\/www.praha7.cz\/api\/wp\/v2\/posts"}],"about":[{"href":"https:\/\/www.praha7.cz\/api\/wp\/v2\/types\/post"}],"author":[{"embeddable":true,"href":"https:\/\/www.praha7.cz\/api\/wp\/v2\/users\/292"}],"replies":[{"embeddable":true,"href":"https:\/\/www.praha7.cz\/api\/wp\/v2\/comments?post=62123"}],"version-history":[{"count":10,"href":"https:\/\/www.praha7.cz\/api\/wp\/v2\/posts\/62123\/revisions"}],"predecessor-version":[{"id":62143,"href":"https:\/\/www.praha7.cz\/api\/wp\/v2\/posts\/62123\/revisions\/62143"}],"wp:featuredmedia":[{"embeddable":true,"href":"https:\/\/www.praha7.cz\/api\/wp\/v2\/media\/62124"}],"wp:attachment":[{"href":"https:\/\/www.praha7.cz\/api\/wp\/v2\/media?parent=62123"}],"wp:term":[{"taxonomy":"category","embeddable":true,"href":"https:\/\/www.praha7.cz\/api\/wp\/v2\/categories?post=62123"},{"taxonomy":"post_tag","embeddable":true,"href":"https:\/\/www.praha7.cz\/api\/wp\/v2\/tags?post=62123"}],"curies":[{"name":"wp","href":"https:\/\/api.w.org\/{rel}","templated":true}]}}