    
{"id":62034,"date":"2022-11-21T12:46:18","date_gmt":"2022-11-21T11:46:18","guid":{"rendered":"https:\/\/www.praha7.cz\/?p=62034"},"modified":"2022-11-21T13:24:10","modified_gmt":"2022-11-21T12:24:10","slug":"socialni-pedagozka-v-praze-7-pomaha-zakum-ucitelum-i-rodicum","status":"publish","type":"post","link":"https:\/\/www.praha7.cz\/socialni-pedagozka-v-praze-7-pomaha-zakum-ucitelum-i-rodicum\/","title":{"rendered":"Soci\u00e1ln\u00ed pedago\u017eka v&nbsp;Praze 7 pom\u00e1h\u00e1 \u017e\u00e1k\u016fm, u\u010ditel\u016fm  i&nbsp;rodi\u010d\u016fm"},"content":{"rendered":"<p>[perex]<\/p>\r\n<p>V Praze 7 v&nbsp;leto\u0161n\u00edm roce prob\u00edh\u00e1 pilotn\u00ed projekt zam\u011b\u0159en\u00fd na soci\u00e1ln\u00ed pr\u00e1ci v\u00a0z\u00e1kladn\u00edch \u0161kol\u00e1ch. Od leto\u0161n\u00edho ledna p\u016fsob\u00ed v&nbsp;Z\u0160 Tusarova soci\u00e1ln\u00ed pedago\u017eka, kter\u00e1 s\u00a0d\u011btmi a&nbsp;jejich rodinami \u0159e\u0161\u00ed probl\u00e9my negativn\u011b ovliv\u0148uj\u00edc\u00ed vzd\u011bl\u00e1v\u00e1n\u00ed \u017e\u00e1k\u016f, vztahy mezi spolu\u017e\u00e1ky \u010di \u0161kolou a&nbsp;rodinou i&nbsp;celkov\u00e9 klima a&nbsp;prost\u0159ed\u00ed ve t\u0159\u00edd\u00e1ch. V&nbsp;listopadu Praha&nbsp;7 uspo\u0159\u00e1dala pro ostatn\u00ed m\u011bstsk\u00e9 \u010d\u00e1sti a&nbsp;zainteresovan\u00e9 partnery konferenci, kde p\u0159edstavila pozitivn\u00ed v\u00fdstupy z\u00a0dosavadn\u00ed praxe a&nbsp;otev\u0159ela t\u00e9ma opom\u00edjen\u00e9 role soci\u00e1ln\u00edch pedagog\u016f v\u00a0\u010desk\u00e9m \u0161kolstv\u00ed.<\/p>\r\n<p>[\/perex]<\/p>\r\n<p><em>\u201eSoci\u00e1ln\u00ed pedagog je pro mnoho lid\u00ed dodnes nevyjasn\u011bn\u00fd a&nbsp;\u010dasto pon\u011bkud p\u0159ehl\u00ed\u017een\u00fd pojem. Sch\u00e1z\u00ed jeho jasn\u00e9 ukotven\u00ed v\u00a0\u010desk\u00e9 legislativ\u011b, s\u00a0\u010d\u00edm\u017e souvis\u00ed i&nbsp;problematick\u00e9 financov\u00e1n\u00ed t\u00e9to pozice ve \u0161kol\u00e1ch. Je zde p\u0159itom velk\u00e1 pot\u0159eba v\u010das rozezn\u00e1vat a&nbsp;\u0159e\u0161it probl\u00e9my \u017e\u00e1k\u016f ohro\u017een\u00fdch \u0161koln\u00edm ne\u00fasp\u011bchem, d\u00e1t jim \u0161anci na odpov\u00eddaj\u00edc\u00ed vzd\u011bl\u00e1n\u00ed a&nbsp;z\u00e1rove\u0148 p\u0159edch\u00e1zet n\u00e1r\u016fstu rizikov\u00e9ho chov\u00e1n\u00ed v\u010detn\u011b r\u016fzn\u00fdch forem \u0161ikany a&nbsp;diskriminace. To v\u0161e nem\u016f\u017ee v\u00a0pln\u00e9 m\u00ed\u0159e \u0159e\u0161it u\u010ditel, a\u0165 u\u017e z\u00a0kapacitn\u00edch, \u010di odborn\u00fdch d\u016fvod\u016f. P\u0159esto podle odhadu Asociace soci\u00e1ln\u00edch pedagog\u016f na zhruba 4\u00a0300 \u010desk\u00fdch z\u00e1kladn\u00edch \u0161kol\u00e1ch p\u016fsob\u00ed jen n\u011bkolik des\u00edtek soci\u00e1ln\u00edch pedagog\u016f,\u201c<\/em> uvedla <em><strong>radn\u00ed Prahy&nbsp;7 pro oblast \u0161kolstv\u00ed a&nbsp;vzd\u011bl\u00e1v\u00e1n\u00ed Hana \u0160i\u0161kov\u00e1<\/strong><\/em>.<\/p>\r\n<p>Praha&nbsp;7 zavedla pilotn\u00ed ov\u011b\u0159en\u00ed pozice soci\u00e1ln\u00edho pedagoga v\u00a0r\u00e1mci projektu Implementace case managementu do soci\u00e1ln\u00edho poradenstv\u00ed v&nbsp;Praze 7 podpo\u0159en\u00e9ho z\u00a0Opera\u010dn\u00edho programu Zam\u011bstnanost. Prvn\u00ed dlouhodob\u011b zapojenou \u0161kolou do tohoto projektu je Z\u0160 Tusarova. Od za\u010d\u00e1tku leto\u0161n\u00edho roku zde p\u016fsob\u00ed soci\u00e1ln\u00ed pedago\u017eka Nela Beranov\u00e1.<\/p>\r\n<p><em>\u201eP\u0159esto\u017ee na\u0161i u\u010ditel\u00e9 zpo\u010d\u00e1tku p\u0159istupovali k\u00a0zaveden\u00ed t\u00e9to pozice trochu skepticky, \u010dasem se uk\u00e1zalo, kolik pr\u00e1ce jim p\u0159\u00edchodem soci\u00e1ln\u00ed pedago\u017eky ubylo. Zat\u00edmco u\u010ditel s&nbsp;\u017e\u00e1kem \u0159e\u0161\u00ed pouze odd\u011blen\u00e9 probl\u00e9my typu neomluven\u00e1 absence, hrub\u00e9 chov\u00e1n\u00ed, nedostate\u010dn\u00fd prosp\u011bch atd., soci\u00e1ln\u00ed pedagog m\u016f\u017ee ze sv\u00e9 pozice vyhled\u00e1vat p\u0159\u00ed\u010diny t\u011bchto jev\u016f. A&nbsp;ty \u010dasto nal\u00e9z\u00e1 v\u00a0rodinn\u00e9m z\u00e1zem\u00ed \u017e\u00e1ka a&nbsp;jeho bezprost\u0159edn\u00edm okol\u00ed,\u201c<\/em> \u0159ekla <em><strong>\u0159editelka Z\u0160 Tusarova Monika Nezbedov\u00e1<\/strong><\/em>.<\/p>\r\n<p>Soci\u00e1ln\u00ed pedagog p\u0159i pr\u00e1ci v&nbsp;ter\u00e9nu zji\u0161\u0165uje celkovou soci\u00e1ln\u00ed situaci \u017e\u00e1k\u016f, sleduje fungov\u00e1n\u00ed z\u00e1kladn\u00edch spole\u010densk\u00fdch mechanism\u016f v\u00a0rodin\u00e1ch a&nbsp;soci\u00e1ln\u00ed n\u00e1vyky prost\u0159ed\u00ed, kter\u00e9 na d\u011bti p\u016fsob\u00ed. Z\u00edsk\u00e1v\u00e1 komplexn\u00ed pohled na situaci, v\u00a0n\u00ed\u017e se \u017e\u00e1ci vyskytuj\u00ed, a&nbsp;m\u016f\u017ee tak l\u00e9pe \u0159e\u0161it negativn\u00ed dopady na jejich vzd\u011bl\u00e1v\u00e1n\u00ed, chov\u00e1n\u00ed a&nbsp;celkov\u00fd rozvoj.<\/p>\r\n<p><em>\u201eSvou pozici vid\u00edm jako kl\u00ed\u010dovou zejm\u00e9na p\u0159i komunikaci mezi \u0161kolou a&nbsp;rodinou. Kdy\u017e rodina, \u017e\u00e1k i&nbsp;\u0161kola c\u00edt\u00ed podporu a&nbsp;pochopen\u00ed, tak to proces pomoci velmi usnad\u0148uje. Soci\u00e1ln\u00ed pedagog je prost\u0159edn\u00edkem, medi\u00e1torem, pr\u016fvodcem a&nbsp;z\u00e1rove\u0148 tvo\u0159\u00ed pomyslnou spojnici mezi v\u0161emi stranami. Svou roli tak\u00e9 vn\u00edm\u00e1m jako pomocnou ruku u\u010ditel\u016fm, kte\u0159\u00ed jsou v&nbsp;prvn\u00ed linii a&nbsp;jako prvn\u00ed si obvykle v\u0161\u00edmaj\u00ed sign\u00e1l\u016f, kter\u00e9 u&nbsp;\u017e\u00e1k\u016f mohou znamenat vol\u00e1n\u00ed o&nbsp;pomoc,\u201c<\/em> vysv\u011btlila <em><strong>soci\u00e1ln\u00ed pedago\u017eka Nela Beranov\u00e1<\/strong><\/em>.<\/p>\r\n<p>Za dobu sv\u00e9 dosavadn\u00ed \u010dinnosti v\u00a0Z\u0160 Tusarova se nejen Nela Beranov\u00e1, ale i&nbsp;dal\u0161\u00ed zapojen\u00ed odborn\u00edci, s&nbsp;nimi\u017e pan\u00ed Beranov\u00e1 spolupracuje (etopedi, psycholov\u00e9, psychoterapeuti apod.), v\u011bnovali p\u0159ibli\u017en\u011b 60 \u010desk\u00fdm i&nbsp;ukrajinsk\u00fdm \u017e\u00e1k\u016fm a&nbsp;jejich rodin\u00e1m, kter\u00fdm pom\u00e1hali \u0159e\u0161it r\u016fzn\u00e9 z\u00e1t\u011b\u017eov\u00e9 situace s\u00a0dopadem na chov\u00e1n\u00ed \u010di prosp\u011bch d\u00edt\u011bte ve \u0161kole. Soci\u00e1ln\u00ed pedagog nem\u016f\u017ee b\u00fdt p\u0159i \u0159e\u0161en\u00ed situace d\u00edt\u011bte osamocen, spolupracuje proto s&nbsp;pracovn\u00edky \u0161koln\u00edho poradensk\u00e9ho pracovi\u0161t\u011b v\u00a0r\u00e1mci dan\u00e9 \u0161koly a&nbsp;extern\u00edmi odborn\u00edky, kte\u0159\u00ed jsou v\u00a0tomto p\u0159\u00edpad\u011b hrazeni z\u00a0v\u00fd\u0161e uveden\u00e9ho projektu. Z\u00e1rove\u0148 vyu\u017e\u00edv\u00e1 dal\u0161\u00ed soci\u00e1ln\u00ed a&nbsp;n\u00e1vazn\u00e9 slu\u017eby propojen\u00e9 v\u00a0r\u00e1mci projektu tzv. lok\u00e1ln\u00edm koordin\u00e1torem.<\/p>\r\n<p><em>\u201ePo\u010det soci\u00e1ln\u00edch pedagog\u016f v\u00a0Praze 7 nyn\u00ed roz\u0161i\u0159ujeme, a\u0165 u\u017e prost\u0159ednictv\u00edm na\u0161eho projektu, \u010di s\u00a0vyu\u017eit\u00edm p\u0159\u00edsp\u011bvk\u016f, kter\u00e9 na tuto agendu vy\u010dlenilo hlavn\u00ed m\u011bsto v\u00a0r\u00e1mci bal\u00ed\u010dku pomoci Pra\u017ean\u016fm. T\u011b\u0161\u00ed m\u011b, \u017ee ji\u017e inspirujeme dal\u0161\u00ed \u0161koly, kter\u00e9 si sv\u00e9 soci\u00e1ln\u00ed pedagogy hledaj\u00ed samy, a&nbsp;\u017ee se n\u00e1m z\u00e1rove\u0148 da\u0159\u00ed otev\u00edrat toto opom\u00edjen\u00e9 t\u00e9ma na celopra\u017esk\u00e9 a&nbsp;celorepublikov\u00e9 \u00farovni. D\u011bkujeme tak\u00e9 z\u00e1stupc\u016fm ministerstva \u0161kolstv\u00ed a&nbsp;ministerstva pr\u00e1ce a&nbsp;soci\u00e1ln\u00edch v\u011bc\u00ed, kte\u0159\u00ed se t\u00e9to problematice v\u011bnuj\u00ed a&nbsp;rovn\u011b\u017e se z\u00fa\u010dastnili na\u0161\u00ed ned\u00e1vn\u00e9 tematick\u00e9 konference,\u201c<\/em> doplnila <strong><em>radn\u00ed Hana \u0160i\u0161kov\u00e1<\/em><\/strong>.<\/p>\r\n<p><img loading=\"lazy\" src=\"https:\/\/www.praha7.cz\/wp-content\/uploads\/2022\/11\/konference-soc.-pedagog-1-1500x926.jpg\" alt=\"\" width=\"640\" height=\"395\" class=\"alignnone wp-image-62035 size-large\" srcset=\"https:\/\/www.praha7.cz\/wp-content\/uploads\/2022\/11\/konference-soc.-pedagog-1-1500x926.jpg 1500w, https:\/\/www.praha7.cz\/wp-content\/uploads\/2022\/11\/konference-soc.-pedagog-1-600x370.jpg 600w, https:\/\/www.praha7.cz\/wp-content\/uploads\/2022\/11\/konference-soc.-pedagog-1-768x474.jpg 768w\" sizes=\"(max-width: 640px) 100vw, 640px\" \/> <img loading=\"lazy\" src=\"https:\/\/www.praha7.cz\/wp-content\/uploads\/2022\/11\/konference-soc.-pedagog-2-1500x1000.jpg\" alt=\"\" width=\"640\" height=\"427\" class=\"alignnone wp-image-62036 size-large\" srcset=\"https:\/\/www.praha7.cz\/wp-content\/uploads\/2022\/11\/konference-soc.-pedagog-2-1500x1000.jpg 1500w, https:\/\/www.praha7.cz\/wp-content\/uploads\/2022\/11\/konference-soc.-pedagog-2-600x400.jpg 600w, https:\/\/www.praha7.cz\/wp-content\/uploads\/2022\/11\/konference-soc.-pedagog-2-768x512.jpg 768w\" sizes=\"(max-width: 640px) 100vw, 640px\" \/><\/p>","protected":false},"excerpt":{"rendered":"[perex] V&nbsp;Praze 7 v&nbsp;leto\u0161n\u00edm roce prob\u00edh\u00e1 pilotn\u00ed projekt zam\u011b\u0159en\u00fd na soci\u00e1ln\u00ed pr\u00e1ci v\u00a0z\u00e1kladn\u00edch \u0161kol\u00e1ch. Od leto\u0161n\u00edho ledna p\u016fsob\u00ed v&nbsp;Z\u0160 Tusarova soci\u00e1ln\u00ed pedago\u017eka, kter\u00e1 s\u00a0d\u011btmi a&nbsp;jejich rodinami \u0159e\u0161\u00ed probl\u00e9my negativn\u011b ovliv\u0148uj\u00edc\u00ed vzd\u011bl\u00e1v\u00e1n\u00ed \u017e\u00e1k\u016f, vztahy mezi spolu\u017e\u00e1ky \u010di \u0161kolou a&nbsp;rodinou i&nbsp;celkov\u00e9 klima a&nbsp;prost\u0159ed\u00ed ve t\u0159\u00edd\u00e1ch. V&nbsp;listopadu Praha&nbsp;7 uspo\u0159\u00e1dala pro ostatn\u00ed m\u011bstsk\u00e9 \u010d\u00e1sti a&nbsp;zainteresovan\u00e9 partnery konferenci, kde [&hellip;]","protected":false},"author":5,"featured_media":62042,"comment_status":"closed","ping_status":"open","sticky":false,"template":"","format":"standard","meta":[],"categories":[34,74],"tags":[],"_links":{"self":[{"href":"https:\/\/www.praha7.cz\/api\/wp\/v2\/posts\/62034"}],"collection":[{"href":"https:\/\/www.praha7.cz\/api\/wp\/v2\/posts"}],"about":[{"href":"https:\/\/www.praha7.cz\/api\/wp\/v2\/types\/post"}],"author":[{"embeddable":true,"href":"https:\/\/www.praha7.cz\/api\/wp\/v2\/users\/5"}],"replies":[{"embeddable":true,"href":"https:\/\/www.praha7.cz\/api\/wp\/v2\/comments?post=62034"}],"version-history":[{"count":2,"href":"https:\/\/www.praha7.cz\/api\/wp\/v2\/posts\/62034\/revisions"}],"predecessor-version":[{"id":62041,"href":"https:\/\/www.praha7.cz\/api\/wp\/v2\/posts\/62034\/revisions\/62041"}],"wp:featuredmedia":[{"embeddable":true,"href":"https:\/\/www.praha7.cz\/api\/wp\/v2\/media\/62042"}],"wp:attachment":[{"href":"https:\/\/www.praha7.cz\/api\/wp\/v2\/media?parent=62034"}],"wp:term":[{"taxonomy":"category","embeddable":true,"href":"https:\/\/www.praha7.cz\/api\/wp\/v2\/categories?post=62034"},{"taxonomy":"post_tag","embeddable":true,"href":"https:\/\/www.praha7.cz\/api\/wp\/v2\/tags?post=62034"}],"curies":[{"name":"wp","href":"https:\/\/api.w.org\/{rel}","templated":true}]}}