    
{"id":61946,"date":"2022-11-14T14:31:51","date_gmt":"2022-11-14T13:31:51","guid":{"rendered":"https:\/\/www.praha7.cz\/?p=61946"},"modified":"2022-11-14T14:33:17","modified_gmt":"2022-11-14T13:33:17","slug":"darek-pro-kazdeho-2022","status":"publish","type":"post","link":"https:\/\/www.praha7.cz\/darek-pro-kazdeho-2022\/","title":{"rendered":"D\u00e1rek pro ka\u017ed\u00e9ho 2022"},"content":{"rendered":"<p>[perex]<\/p>\r\n<p>R\u00e1di byste rozz\u00e1\u0159ili o\u010di d\u011bt\u00ed ze soci\u00e1ln\u011b slab\u00fdch rodin nebo vykouzlili \u00fasm\u011bv na tv\u00e1\u0159i osam\u011bl\u00fdch senior\u016f? Ji\u017e dev\u00e1t\u00fdm rokem se pod\u00edl\u00edme na dobro\u010dinn\u00e9 akci <em>D\u00e1rek pro ka\u017ed\u00e9ho<\/em> Charity Praha-Hole\u0161ovice \u2013 a&nbsp;vy se m\u016f\u017eete tak\u00e9 zapojit.<\/p>\r\n<p>[\/perex]<\/p>\r\n<p>Tak\u00e9 letos m\u016f\u017eete ud\u011blat radost d\u011btem ze soci\u00e1ln\u011b slab\u00fdch rodin, pro kter\u00e9 je d\u00e1rek od v\u00e1s \u010dasto jedin\u00fd, kter\u00fd pod strome\u010dkem najdou, nebo pot\u011b\u0161it osam\u011bl\u00e9 seniory.\u00a0Dev\u00e1t\u00fd ro\u010dn\u00edk projektu <a href=\"https:\/\/www.charitap7.cz\/novinky\/novinky\/darek-pro-kazdeho-2022.htm?fbclid=IwAR2ZUdVKcELNtdA6v0KfBwTHUBYPoMjY2voQIfK5aQrWHk6R4UOtopD09fQ\" target=\"_blank\" rel=\"noopener\">D\u00e1rek pro ka\u017ed\u00e9ho<\/a> je tu!\u00a0<\/p>\r\n<h3>Jak m\u016f\u017eete pomoct?<\/h3>\r\n<p>Na <a href=\"https:\/\/form.fapi.cz\/?id=ad5410ff-1c1c-4b82-9b4f-95f846a9b2ed&amp;fbclid=IwAR0tviIhIT16vxqCNpGnHI6g3uVbWg3TM-oqvd13zTGckMk3KqIzuBLy8RI\" target=\"_blank\" rel=\"noopener\">t\u00e9to str\u00e1nce<\/a>\u00a0najdete seznam s&nbsp;d\u00e1rky <strong>pro d\u011bti<\/strong> (seznam p\u0159\u00e1n\u00ed d\u011bt\u00ed poskytli zam\u011bstnanci OSPOD M\u010c Prahy&nbsp;7 a&nbsp;azylov\u00e9ho domu pro matky s&nbsp;d\u011btmi).<\/p>\r\n<p><a href=\"https:\/\/form.fapi.cz\/?id=c15ddb39-9437-4c5e-bd58-334343c72518&amp;fbclid=IwAR2Hv20cqrLPVZz6W6Pv4SwFwaUnmPRHHUBdOkQnEP01lujzcrZ80YfPeI8\" target=\"_blank\" rel=\"noopener\">Zde<\/a> najdete seznam\u00a0s d\u00e1rky <strong>pro seniory<\/strong>.<\/p>\r\n<p>D\u00e1rek si pros\u00edm prost\u0159ednictv\u00edm seznamu zarezervujte, n\u00e1sledn\u011b ho zakupte, zabalte\u00a0a p\u0159ineste do Charity (Dukelsk\u00fdch hrdin\u016f 16) nejpozd\u011bji <strong>do 12.&nbsp;prosince 2022<\/strong>.\u00a0R\u00e1di bychom v\u00e1s po\u017e\u00e1dali, abyste pracovn\u00edky Charity informovali p\u0159edem (e-mailem: charitap7@seznam.cz nebo telefonicky: 266&nbsp;710&nbsp;712), kdy d\u00e1rek budete doru\u010dovat.\u00a0P\u0159\u00edpadn\u011b lze zaslat p\u0159\u00edslu\u0161n\u00fd finan\u010dn\u00ed obnos s&nbsp;identifikac\u00ed d\u00e1rku na \u010d. \u00fa. 2100235658\/2010 a&nbsp;Charita d\u00e1rek zakoup\u00ed za v\u00e1s.<\/p>\r\n<p>D\u011bkujeme, \u017ee pom\u00e1h\u00e1te!<\/p>","protected":false},"excerpt":{"rendered":"[perex] R\u00e1di byste rozz\u00e1\u0159ili o\u010di d\u011bt\u00ed ze soci\u00e1ln\u011b slab\u00fdch rodin nebo vykouzlili \u00fasm\u011bv na tv\u00e1\u0159i osam\u011bl\u00fdch senior\u016f? Ji\u017e dev\u00e1t\u00fdm rokem se pod\u00edl\u00edme na dobro\u010dinn\u00e9 akci D\u00e1rek pro ka\u017ed\u00e9ho Charity Praha-Hole\u0161ovice \u2013 a&nbsp;vy se m\u016f\u017eete tak\u00e9 zapojit. [\/perex] Tak\u00e9 letos m\u016f\u017eete ud\u011blat radost d\u011btem ze soci\u00e1ln\u011b slab\u00fdch rodin, pro kter\u00e9 je d\u00e1rek od v\u00e1s \u010dasto jedin\u00fd, [&hellip;]","protected":false},"author":251,"featured_media":61951,"comment_status":"closed","ping_status":"open","sticky":false,"template":"","format":"standard","meta":[],"categories":[34],"tags":[],"_links":{"self":[{"href":"https:\/\/www.praha7.cz\/api\/wp\/v2\/posts\/61946"}],"collection":[{"href":"https:\/\/www.praha7.cz\/api\/wp\/v2\/posts"}],"about":[{"href":"https:\/\/www.praha7.cz\/api\/wp\/v2\/types\/post"}],"author":[{"embeddable":true,"href":"https:\/\/www.praha7.cz\/api\/wp\/v2\/users\/251"}],"replies":[{"embeddable":true,"href":"https:\/\/www.praha7.cz\/api\/wp\/v2\/comments?post=61946"}],"version-history":[{"count":3,"href":"https:\/\/www.praha7.cz\/api\/wp\/v2\/posts\/61946\/revisions"}],"predecessor-version":[{"id":61954,"href":"https:\/\/www.praha7.cz\/api\/wp\/v2\/posts\/61946\/revisions\/61954"}],"wp:featuredmedia":[{"embeddable":true,"href":"https:\/\/www.praha7.cz\/api\/wp\/v2\/media\/61951"}],"wp:attachment":[{"href":"https:\/\/www.praha7.cz\/api\/wp\/v2\/media?parent=61946"}],"wp:term":[{"taxonomy":"category","embeddable":true,"href":"https:\/\/www.praha7.cz\/api\/wp\/v2\/categories?post=61946"},{"taxonomy":"post_tag","embeddable":true,"href":"https:\/\/www.praha7.cz\/api\/wp\/v2\/tags?post=61946"}],"curies":[{"name":"wp","href":"https:\/\/api.w.org\/{rel}","templated":true}]}}