    
{"id":61929,"date":"2022-12-02T11:00:53","date_gmt":"2022-12-02T10:00:53","guid":{"rendered":"https:\/\/www.praha7.cz\/?p=61929"},"modified":"2022-12-02T11:00:53","modified_gmt":"2022-12-02T10:00:53","slug":"tvorive-dilny-pro-deti","status":"publish","type":"post","link":"https:\/\/www.praha7.cz\/tvorive-dilny-pro-deti\/","title":{"rendered":"Tvo\u0159iv\u00e9 d\u00edlny pro d\u011bti"},"content":{"rendered":"<p>[perex]<\/p>\r\n<p>M\u00e1te r\u00e1di p\u0159\u00edb\u011bhy a&nbsp;chcete poznat nov\u00e9 kamar\u00e1dy z&nbsp;okol\u00ed? Zav\u00edtejte o&nbsp;sobot\u00e1ch 3.&nbsp;a&nbsp;17.&nbsp;prosince 2022 do M\u011bstsk\u00e9 knihovny \u2013 Sedmi\u010dka (Tusarova 35) a&nbsp;zaposlouchejte se do dobrodru\u017en\u00fdch vypr\u00e1v\u011bn\u00ed a&nbsp;poh\u00e1dek. Na z\u00e1klad\u011b \u010dten\u00e9ho textu se bude spole\u010dn\u011b tvo\u0159it, malovat, vyr\u00e1b\u011bt. D\u00edlny jsou vhodn\u00e9 pro d\u011bti od 7 do 11 let, jak pro \u010desk\u00e9 d\u011bti, tak i&nbsp;pro d\u011bti s&nbsp;odli\u0161n\u00fdm mate\u0159sk\u00fdm jazykem, nutn\u00e1 je z\u00e1kladn\u00ed znalost \u010de\u0161tiny. P\u0159ihl\u00e1\u0161en\u00ed prob\u00edh\u00e1 p\u0159es registra\u010dn\u00ed formul\u00e1\u0159: <a href=\"http:\/\/bit.ly\/tvorivedilny\">bit.ly\/tvorivedilny<\/a>. Vstup voln\u00fd.<\/p>\r\n<h3>[\/perex] <br \/>\r\n<strong>Tvo\u0159iv\u00e9 d\u00edlny pod veden\u00edm Anastasie Avd\u011bjevy<\/strong><\/h3>\r\n<p><strong>3.&nbsp;12. Na cest\u011b<br \/>\r\n<\/strong>Pov\u00eddejme si o&nbsp;putov\u00e1n\u00ed, hled\u00e1n\u00ed a&nbsp;o&nbsp;kamar\u00e1dstv\u00ed.\u00a0Co v\u0161echno lze potkat na dlouh\u00e9 cest\u011b? U\u017e jste za\u017eili n\u011bjak\u00e9 dobrodru\u017estv\u00ed? Stoj\u00ed za to, p\u0159ekonat velk\u00e9 p\u0159ek\u00e1\u017eky, kdy\u017e na n\u00e1s na konci cesty \u010dek\u00e1 dobr\u00fd konec? Co v\u0161echno potk\u00e1 papuchalka Pavla na cest\u011b za sv\u00fdm kamar\u00e1dem Petrem? Co se skr\u00fdv\u00e1 pod hladinou oce\u00e1nu? A&nbsp;mysl\u00edte, \u017ee je dobr\u00e9 m\u00edt Pta\u010d\u00ed sn\u011bm? V&nbsp;ilustrac\u00edch Petra S\u00edse se inspirujeme pro vlastn\u00ed v\u00fdtvarnou tvorbu.<\/p>\r\n<hr \/>\r\n<p><strong>17.&nbsp;12. V\u00e1noce<br \/>\r\n<\/strong>Pov\u00eddejme si o&nbsp;V\u00e1noc\u00edch.\u00a0Kter\u00fd v\u00e1no\u010dn\u00ed p\u0159\u00edb\u011bh m\u00e1te nejrad\u0161i? Jak\u00e9 v\u00e1no\u010dn\u00ed kouzlo jste u\u017e za\u017eili? Pro\u010d se na tento sv\u00e1tek v\u0161ichni t\u011b\u0161\u00edme, n\u011bkdy i&nbsp;cel\u00fd rok? P\u0159e\u010dteme si i&nbsp;n\u011bjak\u00e9 liter\u00e1rn\u00ed v\u00e1no\u010dn\u00ed p\u0159\u00edb\u011bhy a&nbsp;samoz\u0159ejm\u011b budeme tvo\u0159it. T\u0159eba si dom\u016f odnesete i&nbsp;mal\u00fd v\u00e1no\u010dn\u00ed d\u00e1rek.<\/p>\r\n<hr \/>\r\n<p><em>Jak se p\u0159ihl\u00e1sit?<\/em><br \/>\r\np\u0159es registra\u010dn\u00ed formul\u00e1\u0159:\u00a0<a href=\"http:\/\/bit.ly\/tvorivedilny\">bit.ly\/tvorivedilny<\/a><\/p>\r\n<p><em>Kontakt<\/em><br \/>\r\nAnastasia Avd\u011bjeva, <a href=\"mailto:avdejeva@meta-ops.cz\">avdejeva@meta-ops.cz<\/a>,\u00a0<a href=\"http:\/\/www.meta-ops.cz\">www.meta-ops.cz<\/a><\/p>\r\n<p>&nbsp;<\/p>","protected":false},"excerpt":{"rendered":"[perex] M\u00e1te r\u00e1di p\u0159\u00edb\u011bhy a&nbsp;chcete poznat nov\u00e9 kamar\u00e1dy z&nbsp;okol\u00ed? Zav\u00edtejte o&nbsp;sobot\u00e1ch 3.&nbsp;a&nbsp;17.&nbsp;prosince 2022 do M\u011bstsk\u00e9 knihovny \u2013 Sedmi\u010dka (Tusarova 35) a&nbsp;zaposlouchejte se do dobrodru\u017en\u00fdch vypr\u00e1v\u011bn\u00ed a&nbsp;poh\u00e1dek. Na z\u00e1klad\u011b \u010dten\u00e9ho textu se bude spole\u010dn\u011b tvo\u0159it, malovat, vyr\u00e1b\u011bt. D\u00edlny jsou vhodn\u00e9 pro d\u011bti od 7 do 11 let, jak pro \u010desk\u00e9 d\u011bti, tak i&nbsp;pro d\u011bti s&nbsp;odli\u0161n\u00fdm mate\u0159sk\u00fdm [&hellip;]","protected":false},"author":76,"featured_media":62355,"comment_status":"closed","ping_status":"open","sticky":false,"template":"","format":"standard","meta":[],"categories":[34],"tags":[],"_links":{"self":[{"href":"https:\/\/www.praha7.cz\/api\/wp\/v2\/posts\/61929"}],"collection":[{"href":"https:\/\/www.praha7.cz\/api\/wp\/v2\/posts"}],"about":[{"href":"https:\/\/www.praha7.cz\/api\/wp\/v2\/types\/post"}],"author":[{"embeddable":true,"href":"https:\/\/www.praha7.cz\/api\/wp\/v2\/users\/76"}],"replies":[{"embeddable":true,"href":"https:\/\/www.praha7.cz\/api\/wp\/v2\/comments?post=61929"}],"version-history":[{"count":7,"href":"https:\/\/www.praha7.cz\/api\/wp\/v2\/posts\/61929\/revisions"}],"predecessor-version":[{"id":62354,"href":"https:\/\/www.praha7.cz\/api\/wp\/v2\/posts\/61929\/revisions\/62354"}],"wp:featuredmedia":[{"embeddable":true,"href":"https:\/\/www.praha7.cz\/api\/wp\/v2\/media\/62355"}],"wp:attachment":[{"href":"https:\/\/www.praha7.cz\/api\/wp\/v2\/media?parent=61929"}],"wp:term":[{"taxonomy":"category","embeddable":true,"href":"https:\/\/www.praha7.cz\/api\/wp\/v2\/categories?post=61929"},{"taxonomy":"post_tag","embeddable":true,"href":"https:\/\/www.praha7.cz\/api\/wp\/v2\/tags?post=61929"}],"curies":[{"name":"wp","href":"https:\/\/api.w.org\/{rel}","templated":true}]}}