    
{"id":61681,"date":"2022-11-04T12:20:59","date_gmt":"2022-11-04T11:20:59","guid":{"rendered":"https:\/\/www.praha7.cz\/?p=61681"},"modified":"2022-11-04T15:43:48","modified_gmt":"2022-11-04T14:43:48","slug":"hledame-metodika-skolskych-poradenskych-pracovist","status":"publish","type":"post","link":"https:\/\/www.praha7.cz\/hledame-metodika-skolskych-poradenskych-pracovist\/","title":{"rendered":"Hled\u00e1me metodika \u0161kolsk\u00fdch poradensk\u00fdch pracovi\u0161\u0165"},"content":{"rendered":"<p>[perex]<\/p>\r\n<p>\u00da\u0159ad m\u011bstsk\u00e9 \u010d\u00e1sti Praha&nbsp;7 p\u0159ijme do projektu, kter\u00fd se zab\u00fdv\u00e1 pomoc\u00ed soci\u00e1ln\u011b znev\u00fdhodn\u011bn\u00fdm rodin\u00e1m formou case managementu a&nbsp;p\u0159edev\u0161\u00edm pilotuje mo\u017enosti soci\u00e1ln\u00ed pr\u00e1ce ve \u0161kol\u00e1ch Prahy&nbsp;7, kolegu\/kolegyni na pozici metodik\/\u010dka \u0161kolsk\u00fdch poradensk\u00fdch pracovi\u0161\u0165 \u0160PP.<\/p>\r\n<p>[\/perex]<\/p>\r\n<h3>Co u&nbsp;n\u00e1s budete d\u011blat?<\/h3>\r\n<p>Budete spolupracovat na zefektivn\u011bn\u00ed \u0160PP na v\u0161ech Z\u0160 Prahy&nbsp;7 a&nbsp;optimalizovat procesy nastaven\u00ed fungov\u00e1n\u00ed jednotliv\u00fdch \u0160PP v\u010detn\u011b jejich spolupr\u00e1ce s&nbsp;extern\u00edmi subjekty (OSPOD, PPP apod.).<br \/>\r\nD\u00e1le se budete v\u011bnovat anal\u00fdze relevantn\u00ed dokumentace \u0159e\u0161en\u00e9 problematiky, vymezen\u00ed\/definic\u00ed kompetenc\u00ed jednotliv\u00fdch pozic v&nbsp;\u0160PP, sledov\u00e1n\u00ed kvality poskytovan\u00fdch aktivit se zp\u011btnou vazbu pracovn\u00edk\u016fm p\u0159\u00edm\u00e9 pr\u00e1ce \u010di zaji\u0161t\u011bn\u00ed sb\u011bru p\u0159\u00edklad\u016f dobr\u00e9 praxe.\u00a0Budete spolupracovat s&nbsp;veden\u00edm \u00da\u0159adu M\u010c Praha&nbsp;7, pod\u00edlet se na\u00a0tvorb\u011b metodick\u00fdch dokument\u016f projektu a\u00a0implementaci aktivit do struktur \u00fa\u0159adu a\u00a0komunikovat s&nbsp;evalu\u00e1torem, metodikem a&nbsp;dal\u0161\u00edmi \u010dleny t\u00fdmu projektu.<\/p>\r\n<p>&nbsp;<\/p>\r\n<h3>Co od v\u00e1s o\u010dek\u00e1v\u00e1me?<\/h3>\r\n<ul>\r\n\t<li>V\u0160 vzd\u011bl\u00e1n\u00ed (pedagogick\u00e9\/psychologick\u00e9\/soci\u00e1ln\u00ed\/ zam\u011b\u0159en\u00ed)<\/li>\r\n\t<li>schopnost analytick\u00e9ho my\u0161len\u00ed, zku\u0161enosti s&nbsp;metodick\u00fdm veden\u00edm<\/li>\r\n\t<li>samostatnost a&nbsp;zodpov\u011bdnost<\/li>\r\n\t<li>metodick\u00e9 veden\u00ed<\/li>\r\n\t<li>veden\u00ed odborn\u00e9 dokumentace<\/li>\r\n\t<li>asertivn\u00ed \u0159e\u0161en\u00ed probl\u00e9m\u016f<\/li>\r\n\t<li>celkovou vyrovnanost, emocion\u00e1ln\u00ed stabilita a&nbsp;schopnost sebekontroly<\/li>\r\n\t<li>praxi v&nbsp;soci\u00e1ln\u00ed oblasti, silnou motivaci<\/li>\r\n\t<li>znalost pr\u00e1ce na PC (zejm\u00e9na Excel, Word, Outlook)<\/li>\r\n\t<li>pe\u010dlivost, samostatnost, trp\u011blivost a&nbsp;t\u00fdmov\u00fd duch<\/li>\r\n\t<li>integritu, loajalitu, systemati\u010dnost, zodpov\u011bdnost, d\u016fslednost<\/li>\r\n\t<li>um\u011bn\u00ed spolupr\u00e1ce v&nbsp;t\u00fdmu<\/li>\r\n\t<li>organiza\u010dn\u00ed schopnosti<\/li>\r\n\t<li>ochota u\u010dit se nov\u00fdm v\u011bcem a&nbsp;d\u00e1le se vzd\u011bl\u00e1vat<\/li>\r\n\t<li>\u010dasov\u00e1 flexibilita<\/li>\r\n<\/ul>\r\n<p>&nbsp;<\/p>\r\n<h3>Co v\u00e1m nab\u00edz\u00edme?<\/h3>\r\n<p>Spolupr\u00e1ci na dohodu o&nbsp;pracovn\u00ed \u010dinnosti (DP\u010c) na dobu ur\u010ditou ve v\u00fd\u0161i max. 80 hod.\/m\u011bs\u00ed\u010dn\u011b. Zapojen\u00ed po dobu trv\u00e1n\u00ed projektu &#8211; do 30.&nbsp;6.&nbsp;2023 s&nbsp;mo\u017enost\u00ed dal\u0161\u00ed spolupr\u00e1ce. Mo\u017enost samostatn\u00e9 organizace pracovn\u00ed doby v&nbsp;n\u00e1vaznosti na pot\u0159eby \u0161kol. Silnou podporu odborn\u00e9ho i&nbsp;administrativn\u00edho t\u00fdmu. Perspektivn\u00ed pracovn\u00ed pozici a&nbsp;z\u00e1zem\u00ed stabiln\u00ed organizace M\u010c Praha&nbsp;7. P\u0159\u00edle\u017eitost pro dal\u0161\u00ed profesn\u00ed a&nbsp;osobn\u00ed r\u016fst, Mo\u017enost ovlivnit komunitn\u00ed d\u011bn\u00ed a&nbsp;osv\u011btu v&nbsp;M\u010c Praha&nbsp;7. P\u0159\u00edjemn\u00fd t\u00fdm spolupracovn\u00edk\u016f.<\/p>\r\n<p>&nbsp;<\/p>\r\n<h3>Jak se k\u00a0n\u00e1m dostanete?<\/h3>\r\n<p>P\u0159ihl\u00e1\u0161ku a&nbsp;souhlas se zpracov\u00e1n\u00edm osobn\u00edch \u00fadaj\u016f (naleznete ve <a href=\"https:\/\/www.praha7.cz\/radnice\/povinne-zverejnovane-informace\/formulare\/\">Formul\u00e1\u0159\u00edch Odboru person\u00e1ln\u00edch \u010dinnost\u00ed<\/a>) v\u010detn\u011b strukturovan\u00e9ho \u017eivotopisu a&nbsp;motiva\u010dn\u00edho dopisu je mo\u017en\u00e9 osobn\u011b doru\u010dit v&nbsp;\u00fa\u0159edn\u00edch hodin\u00e1ch do podatelny \u00da\u0159adu M\u010c Praha&nbsp;7 nebo zaslat na n\u00ed\u017ee uvedenou adresu, p\u0159\u00edpadn\u011b zaslat i&nbsp;e-mailem na <a href=\"mailto:pouzarovae@praha7.cz\">pouzarovae@praha7.cz<\/a> <span style=\"color: #ff0000;\"><strong>nejpozd\u011bji do 17.&nbsp;11.&nbsp;2022<\/strong><\/span>.<\/p>\r\n<p>&nbsp;<\/p>\r\n<p><em>M\u011bstsk\u00e1 \u010d\u00e1st Praha&nbsp;7<\/em><\/p>\r\n<p><em>\u00da\u0159ad m\u011bstsk\u00e9 \u010d\u00e1sti Praha&nbsp;7<\/em><\/p>\r\n<p><em>Odbor person\u00e1ln\u00edch \u010dinnost\u00ed<\/em><\/p>\r\n<p><em>U Pr\u016fhonu 1338\/38<\/em><\/p>\r\n<p><em>170&nbsp;00 Praha&nbsp;7<\/em><\/p>\r\n<p>&nbsp;<\/p>\r\n<p><strong>Ve\u0161ker\u00e9 pot\u0159ebn\u00e9 informace pro p\u0159ihl\u00e1\u0161en\u00ed do popt\u00e1vkov\u00e9ho \u0159\u00edzen\u00ed naleznete <a href=\"https:\/\/www.praha7.cz\/wp-content\/uploads\/2022\/11\/Inzer\u00e1t-metodik-\u0160PP.pdf\">ZDE<\/a>.<\/strong><\/p>","protected":false},"excerpt":{"rendered":"[perex] \u00da\u0159ad m\u011bstsk\u00e9 \u010d\u00e1sti Praha&nbsp;7 p\u0159ijme do projektu, kter\u00fd se zab\u00fdv\u00e1 pomoc\u00ed soci\u00e1ln\u011b znev\u00fdhodn\u011bn\u00fdm rodin\u00e1m formou case managementu a&nbsp;p\u0159edev\u0161\u00edm pilotuje mo\u017enosti soci\u00e1ln\u00ed pr\u00e1ce ve \u0161kol\u00e1ch Prahy&nbsp;7, kolegu\/kolegyni na pozici metodik\/\u010dka \u0161kolsk\u00fdch poradensk\u00fdch pracovi\u0161\u0165 \u0160PP. [\/perex] Co u&nbsp;n\u00e1s budete d\u011blat? Budete spolupracovat na zefektivn\u011bn\u00ed \u0160PP na v\u0161ech Z\u0160 Prahy&nbsp;7 a&nbsp;optimalizovat procesy nastaven\u00ed fungov\u00e1n\u00ed jednotliv\u00fdch \u0160PP v\u010detn\u011b [&hellip;]","protected":false},"author":5,"featured_media":22545,"comment_status":"closed","ping_status":"open","sticky":false,"template":"","format":"standard","meta":[],"categories":[34],"tags":[],"_links":{"self":[{"href":"https:\/\/www.praha7.cz\/api\/wp\/v2\/posts\/61681"}],"collection":[{"href":"https:\/\/www.praha7.cz\/api\/wp\/v2\/posts"}],"about":[{"href":"https:\/\/www.praha7.cz\/api\/wp\/v2\/types\/post"}],"author":[{"embeddable":true,"href":"https:\/\/www.praha7.cz\/api\/wp\/v2\/users\/5"}],"replies":[{"embeddable":true,"href":"https:\/\/www.praha7.cz\/api\/wp\/v2\/comments?post=61681"}],"version-history":[{"count":2,"href":"https:\/\/www.praha7.cz\/api\/wp\/v2\/posts\/61681\/revisions"}],"predecessor-version":[{"id":61684,"href":"https:\/\/www.praha7.cz\/api\/wp\/v2\/posts\/61681\/revisions\/61684"}],"wp:featuredmedia":[{"embeddable":true,"href":"https:\/\/www.praha7.cz\/api\/wp\/v2\/media\/22545"}],"wp:attachment":[{"href":"https:\/\/www.praha7.cz\/api\/wp\/v2\/media?parent=61681"}],"wp:term":[{"taxonomy":"category","embeddable":true,"href":"https:\/\/www.praha7.cz\/api\/wp\/v2\/categories?post=61681"},{"taxonomy":"post_tag","embeddable":true,"href":"https:\/\/www.praha7.cz\/api\/wp\/v2\/tags?post=61681"}],"curies":[{"name":"wp","href":"https:\/\/api.w.org\/{rel}","templated":true}]}}