    
{"id":61640,"date":"2022-11-03T14:53:36","date_gmt":"2022-11-03T13:53:36","guid":{"rendered":"https:\/\/www.praha7.cz\/?p=61640"},"modified":"2022-11-03T14:53:36","modified_gmt":"2022-11-03T13:53:36","slug":"podpurna-opatreni-akcniho-planu-programu-zlepsovani-kvality-ovzdusi","status":"publish","type":"post","link":"https:\/\/www.praha7.cz\/podpurna-opatreni-akcniho-planu-programu-zlepsovani-kvality-ovzdusi\/","title":{"rendered":"Podp\u016frn\u00e1 opat\u0159en\u00ed Ak\u010dn\u00edho pl\u00e1nu Programu zlep\u0161ov\u00e1n\u00ed kvality ovzdu\u0161\u00ed"},"content":{"rendered":"<p>[perex]<\/p>\r\n<p>Dne 19.&nbsp;z\u00e1\u0159\u00ed 2022 Rada hl. m. Prahy schv\u00e1lila Ak\u010dn\u00ed pl\u00e1n Programu zlep\u0161ov\u00e1n\u00ed kvality ovzdu\u0161\u00ed aglomerace Praha CZ 01 pro obdob\u00ed 2020+, druhou \u010d\u00e1st \u2013 podp\u016frn\u00e1 opat\u0159en\u00ed. Dokument obsahuje opat\u0159en\u00ed z&nbsp;oblast\u00ed omezen\u00ed zne\u010di\u0161t\u011bn\u00ed ovzdu\u0161\u00ed ze stacion\u00e1rn\u00edch zdroj\u016f, dopravy, zem\u011bd\u011blstv\u00ed a&nbsp;z&nbsp;ostatn\u00edch zdroj\u016f. Doporu\u010den\u00fdch opat\u0159en\u00ed je celkem 23.<\/p>\r\n<p>[\/perex]<\/p>\r\n<p>Rada hl. m\u011bsta Prahy schv\u00e1lila Ak\u010dn\u00ed pl\u00e1n Programu zlep\u0161ov\u00e1n\u00ed kvality ovzdu\u0161\u00ed aglomerace Praha CZ 01 pro obdob\u00ed 2020+ (d\u00e1le PZKO 2020+), <a href=\"https:\/\/portalzp.praha.eu\/file\/3478202\/Akcni_plan_k_PZKO__2.cast__Podpurna_opatreni___Verze2_sloucen.pdf\" target=\"_blank\" rel=\"noopener\">druhou \u010d\u00e1st \u2013 podp\u016frn\u00e1 opat\u0159en\u00ed<\/a> (d\u00e1le Ak\u010dn\u00ed pl\u00e1n, II. \u010d\u00e1st), a&nbsp;ulo\u017eila Odboru ochrany prost\u0159ed\u00ed MHMP zajistit a&nbsp;koordinovat pln\u011bn\u00ed \u010dinnost\u00ed a&nbsp;aktivit vyjmenovan\u00fdch v&nbsp;tomto Ak\u010dn\u00edm pl\u00e1nu, a&nbsp;to do doby ukon\u010den\u00ed platnosti Programu zlep\u0161ov\u00e1n\u00ed kvality ovzdu\u0161\u00ed pro aglomeraci Praha CZ01, nejpozd\u011bji v\u0161ak do 31.&nbsp;12.&nbsp;2025.<\/p>\r\n<p>Ak\u010dn\u00ed pl\u00e1n, II. \u010d\u00e1st, obsahuje podp\u016frn\u00e1 opat\u0159en\u00ed, kter\u00e1 byla vytvo\u0159ena na z\u00e1klad\u011b dohody a&nbsp;vz\u00e1jemn\u00e9 spolupr\u00e1ce \u010dlen\u016f Pracovn\u00ed skupiny pro PZKO Magistr\u00e1tu hl. m. Prahy, jej\u00ed\u017e z\u00e1stupci odsouhlasili seznam pl\u00e1novan\u00fdch \u010dinnost\u00ed v\u010detn\u011b harmonogramu a&nbsp;zodpov\u011bdnosti za \u0159\u00edzen\u00ed nebo sou\u010dinnosti p\u0159i napl\u0148ov\u00e1n\u00ed jednotliv\u00fdch stanoven\u00fdch \u00fakol\u016f.<\/p>\r\n<p>Podp\u016frn\u00e1 opat\u0159en\u00ed obsahuj\u00ed opat\u0159en\u00ed z&nbsp;oblast\u00ed omezen\u00ed zne\u010di\u0161t\u011bn\u00ed ovzdu\u0161\u00ed ze stacion\u00e1rn\u00edch zdroj\u016f, dopravy, zem\u011bd\u011blstv\u00ed a&nbsp;ostatn\u00edch zdroj\u016f. P\u0159i n\u00e1vrhu jednotliv\u00fdch \u00fakol\u016f Ak\u010dn\u00edho pl\u00e1nu, II. \u010d\u00e1sti, byly zohledn\u011bny souvisej\u00edc\u00ed strategick\u00e9 dokumenty hlavn\u00edho m\u011bsta Prahy, p\u0159edev\u0161\u00edm pak Klimatick\u00fd pl\u00e1n hlavn\u00edho m\u011bsta Prahy do roku 2030 a&nbsp;Pl\u00e1n udr\u017eiteln\u00e9 mobility Prahy a&nbsp;okol\u00ed a&nbsp;dal\u0161\u00ed, s&nbsp;nimi souvisej\u00edc\u00ed implementa\u010dn\u00ed dokumenty.<\/p>\r\n<p><strong>Se zm\u00edn\u011bn\u00fdmi strategick\u00fdmi dokumenty se m\u016f\u017eete sezn\u00e1mit na webov\u00fdch str\u00e1nk\u00e1ch <a href=\"https:\/\/portalzp.praha.eu\/jnp\/cz\/ovzdusi\/index.html\" target=\"_blank\" rel=\"noopener\">Port\u00e1lu \u017eivotn\u00edho prost\u0159ed\u00ed MHMP<\/a>.<\/strong><\/p>","protected":false},"excerpt":{"rendered":"[perex] Dne 19.&nbsp;z\u00e1\u0159\u00ed 2022 Rada hl. m. Prahy schv\u00e1lila Ak\u010dn\u00ed pl\u00e1n Programu zlep\u0161ov\u00e1n\u00ed kvality ovzdu\u0161\u00ed aglomerace Praha CZ 01 pro obdob\u00ed 2020+, druhou \u010d\u00e1st \u2013 podp\u016frn\u00e1 opat\u0159en\u00ed. Dokument obsahuje opat\u0159en\u00ed z&nbsp;oblast\u00ed omezen\u00ed zne\u010di\u0161t\u011bn\u00ed ovzdu\u0161\u00ed ze stacion\u00e1rn\u00edch zdroj\u016f, dopravy, zem\u011bd\u011blstv\u00ed a&nbsp;z&nbsp;ostatn\u00edch zdroj\u016f. Doporu\u010den\u00fdch opat\u0159en\u00ed je celkem 23. [\/perex] Rada hl. m\u011bsta Prahy schv\u00e1lila Ak\u010dn\u00ed pl\u00e1n Programu [&hellip;]","protected":false},"author":251,"featured_media":17799,"comment_status":"closed","ping_status":"open","sticky":false,"template":"","format":"standard","meta":[],"categories":[34],"tags":[],"_links":{"self":[{"href":"https:\/\/www.praha7.cz\/api\/wp\/v2\/posts\/61640"}],"collection":[{"href":"https:\/\/www.praha7.cz\/api\/wp\/v2\/posts"}],"about":[{"href":"https:\/\/www.praha7.cz\/api\/wp\/v2\/types\/post"}],"author":[{"embeddable":true,"href":"https:\/\/www.praha7.cz\/api\/wp\/v2\/users\/251"}],"replies":[{"embeddable":true,"href":"https:\/\/www.praha7.cz\/api\/wp\/v2\/comments?post=61640"}],"version-history":[{"count":2,"href":"https:\/\/www.praha7.cz\/api\/wp\/v2\/posts\/61640\/revisions"}],"predecessor-version":[{"id":61644,"href":"https:\/\/www.praha7.cz\/api\/wp\/v2\/posts\/61640\/revisions\/61644"}],"wp:featuredmedia":[{"embeddable":true,"href":"https:\/\/www.praha7.cz\/api\/wp\/v2\/media\/17799"}],"wp:attachment":[{"href":"https:\/\/www.praha7.cz\/api\/wp\/v2\/media?parent=61640"}],"wp:term":[{"taxonomy":"category","embeddable":true,"href":"https:\/\/www.praha7.cz\/api\/wp\/v2\/categories?post=61640"},{"taxonomy":"post_tag","embeddable":true,"href":"https:\/\/www.praha7.cz\/api\/wp\/v2\/tags?post=61640"}],"curies":[{"name":"wp","href":"https:\/\/api.w.org\/{rel}","templated":true}]}}