    
{"id":61632,"date":"2022-11-03T12:20:34","date_gmt":"2022-11-03T11:20:34","guid":{"rendered":"https:\/\/www.praha7.cz\/?p=61632"},"modified":"2022-11-03T13:45:54","modified_gmt":"2022-11-03T12:45:54","slug":"hledame-socialniho-pedagoga-2","status":"publish","type":"post","link":"https:\/\/www.praha7.cz\/hledame-socialniho-pedagoga-2\/","title":{"rendered":"Hled\u00e1me soci\u00e1ln\u00edho pedagoga"},"content":{"rendered":"<p>[perex]<\/p>\r\n<p>M\u00e1te vzd\u011bl\u00e1n\u00ed \u010di zku\u0161enosti v\u00a0oboru speci\u00e1ln\u00ed a&nbsp;soci\u00e1ln\u00ed pedagogika? Je va\u0161\u00edm posl\u00e1n\u00edm pr\u00e1ce s\u00a0d\u011btmi, kter\u00e9 pot\u0159ebuj\u00ed podporu a&nbsp;pomoc? Chcete se z\u00fa\u010dastnit projektu, kter\u00fd pilotuje pozici soci\u00e1ln\u00edho pedagoga ve \u0161kol\u00e1ch Prahy&nbsp;7? M\u00e1te z\u00e1jem pracovat v&nbsp;dynamicky se rozv\u00edjej\u00edc\u00ed m\u011bstsk\u00e9 \u010d\u00e1sti pro \u00fa\u0159ad s&nbsp;tak trochu jin\u00fdm p\u0159\u00edstupem? Nev\u00e1hejte a&nbsp;p\u0159ihlaste se do na\u0161eho popt\u00e1vkov\u00e9ho \u0159\u00edzen\u00ed.<\/p>\r\n<p>[\/perex]<\/p>\r\n<h3>Co u&nbsp;n\u00e1s budete d\u011blat?<\/h3>\r\n<p>N\u00e1pln\u00ed va\u0161\u00ed pr\u00e1ce bude \u0159e\u0161en\u00ed soci\u00e1ln\u00ed situace \u017e\u00e1k\u016f, jej\u00edho negativn\u00edho dopadu na vzd\u011bl\u00e1v\u00e1n\u00ed, pravidelnou \u0161koln\u00ed doch\u00e1zku, fungov\u00e1n\u00ed spole\u010densk\u00fdch mechanism\u016f v&nbsp;rodin\u011b a&nbsp;z\u00e1kladn\u00edch soci\u00e1ln\u00edch a&nbsp;hygienick\u00fdch n\u00e1vyk\u016f. Budete vyhodnocovat \u0161koln\u00ed doch\u00e1zku \u017e\u00e1k\u016f a&nbsp;rodinnou situaci, individu\u00e1ln\u011b pracovat s&nbsp;rodi\u010di, pedagogy \u010di kur\u00e1tory, sledovat problematick\u00e9 p\u0159\u00edpady a&nbsp;dodr\u017eov\u00e1n\u00ed domluven\u00fdch v\u00fdchovn\u00fdch opat\u0159en\u00ed. Budete navrhovat a&nbsp;pod\u00edlet se na podp\u016frn\u00fdch opat\u0159en\u00edch zam\u011b\u0159en\u00fdch na pomoc a&nbsp;podporu \u017e\u00e1k\u016fm p\u0159i jejich vzd\u011bl\u00e1v\u00e1n\u00ed a&nbsp;spole\u010densk\u00e9m rozvoji. Budete konzultovat s&nbsp;pedagogy, jak se nejl\u00e9pe vypo\u0159\u00e1dat s&nbsp;negativn\u00edmi dopady soci\u00e1ln\u00ed zanedbanosti a&nbsp;zaji\u0161\u0165ovat poradenstv\u00ed rodi\u010d\u016fm, jak reagovat na t\u00ed\u017eivou soci\u00e1ln\u00ed situaci, aby nebr\u00e1nila nejen intelektu\u00e1ln\u00edmu rozvoji \u017e\u00e1ka.<\/p>\r\n<p>&nbsp;<\/p>\r\n<h3>Co od v\u00e1s o\u010dek\u00e1v\u00e1me?<\/h3>\r\n<ul>\r\n\t<li>Vysoko\u0161kolsk\u00e9 vzd\u011bl\u00e1n\u00ed v&nbsp;magistersk\u00e9m nebo bakal\u00e1\u0159sk\u00e9m studijn\u00edm programu, dokon\u010den\u00e9 vzd\u011bl\u00e1n\u00ed v&nbsp;oboru soci\u00e1ln\u00ed pedagogika, v&nbsp;zd\u011bl\u00e1n\u00ed dle z\u00e1k. 108\/2006 Sb., o&nbsp;soci\u00e1ln\u00edch slu\u017eb\u00e1ch, v\u00fdhodou speci\u00e1ln\u00ed pedagogika etopedie<\/li>\r\n\t<li>spole\u010densko-v\u011bdn\u00ed z\u00e1klad v\u010detn\u011b biomedic\u00ednsk\u00fdch v\u011bdomost\u00ed a&nbsp;poznatk\u016f z&nbsp;oblasti soci\u00e1ln\u00ed politiky, pr\u00e1ce a&nbsp;pr\u00e1va<\/li>\r\n\t<li>metody a&nbsp;metodologick\u00e9 postupy v&nbsp;oblasti soci\u00e1ln\u00ed pedagogiky a&nbsp;p\u0159\u00edbuzn\u00fdch obor\u016f (pedagogiky, psychologie, soci\u00e1ln\u00ed pr\u00e1ce, speci\u00e1ln\u00ed pedagogiky a&nbsp;sociologie)<\/li>\r\n\t<li>v\u00fdborn\u00e1 soci\u00e1ln\u00ed komunikace a&nbsp;diagnostika<\/li>\r\n\t<li>veden\u00ed odborn\u00e9 dokumentace<\/li>\r\n\t<li>um\u00ed odhalit pedagogick\u00e9 probl\u00e9my, navrhnout mo\u017en\u00e1 \u0159e\u0161en\u00ed a&nbsp;realizovat je v&nbsp;r\u00e1mci sv\u00fdch kompetenc\u00ed<\/li>\r\n\t<li>asertivn\u00ed \u0159e\u0161en\u00ed probl\u00e9m\u016f<\/li>\r\n\t<li>vn\u00edmavost pro r\u016fzn\u00e9 \u017eivotn\u00ed situace, r\u016fzn\u00e1 prost\u0159ed\u00ed<\/li>\r\n\t<li>celkov\u00e1 vyrovnanost, emocion\u00e1ln\u00ed stabilita a&nbsp;schopnost sebekontroly<\/li>\r\n\t<li>praxe v&nbsp;soci\u00e1ln\u00ed oblasti, siln\u00e1 motivace<\/li>\r\n\t<li>z\u00e1jem o&nbsp;rodiny s&nbsp;d\u011btmi v&nbsp;nep\u0159\u00edzniv\u00e9 soci\u00e1ln\u00ed situaci<\/li>\r\n\t<li>znalost pr\u00e1ce na PC (zejm\u00e9na Excel, Word, Outlook)<\/li>\r\n\t<li>pe\u010dlivost, samostatnost, trp\u011blivost a&nbsp;t\u00fdmov\u00fd duch<\/li>\r\n\t<li>integrita, loajalita, samostatnost, systemati\u010dnost, zodpov\u011bdnost, d\u016fslednost<\/li>\r\n\t<li>um\u011bn\u00ed spolupr\u00e1ce v&nbsp;t\u00fdmu<\/li>\r\n\t<li>organiza\u010dn\u00ed schopnosti<\/li>\r\n\t<li>ochota u\u010dit se nov\u00fdm v\u011bcem a&nbsp;d\u00e1le se vzd\u011bl\u00e1vat<\/li>\r\n\t<li>\u010dasov\u00e1 flexibilita<\/li>\r\n<\/ul>\r\n<p>&nbsp;<\/p>\r\n<h3>Co v\u00e1m nab\u00edz\u00edme?<\/h3>\r\n<p>Mo\u017enost z\u00fa\u010dastnit se projektu, kter\u00fd pilotuje pozici soci\u00e1ln\u00edho pedagoga ve dvou \u0161kol\u00e1ch Prahy&nbsp;7. Zapojen\u00ed po dobu trv\u00e1n\u00ed projektu do 30.&nbsp;6.&nbsp;2023 s&nbsp;mo\u017enost\u00ed dal\u0161\u00ed spolupr\u00e1ce.<\/p>\r\n<p>Pracovn\u00ed pom\u011br na dobu ur\u010ditou. Platov\u00e9 ohodnocen\u00ed v&nbsp;10.&nbsp;platov\u00e9 t\u0159\u00edd\u011b.\u00a0<\/p>\r\n<table width=\"1109\" height=\"217\" style=\"color: black !important; font-weight: normal !important;\">\r\n<tbody>\r\n<tr>\r\n<td style=\"height: 0px; text-align: center;\"><\/td>\r\n<td style=\"height: 0px; text-align: center;\"><\/td>\r\n<td style=\"height: 0px; text-align: center;\"><\/td>\r\n<\/tr>\r\n<tr>\r\n<td style=\"width: 361px; text-align: center;\">\r\n<p><img loading=\"lazy\" src=\"https:\/\/www.praha7.cz\/wp-content\/uploads\/2018\/11\/rust.jpg\" alt=\"\" width=\"99\" height=\"96\" class=\"alignnone size-full wp-image-21382\" \/><\/p>\r\n<span style=\"font-weight: normal !important; color: black !important;\">Platov\u00e9 ohodnocen\u00ed, kter\u00e9 roste spolu s&nbsp;v\u00e1mi.<\/span><\/td>\r\n<td style=\"width: 363px; text-align: center;\">\r\n<p><img loading=\"lazy\" src=\"https:\/\/www.praha7.cz\/wp-content\/uploads\/2018\/11\/benefit.jpg\" alt=\"\" width=\"99\" height=\"96\" class=\"alignnone size-full wp-image-21381\" \/><\/p>\r\n<span style=\"font-weight: normal !important; color: black !important;\">\u0160irokou \u0161k\u00e1lu benefit\u016f, kter\u00e9 p\u0159ich\u00e1zej\u00ed ve spr\u00e1vn\u00fd \u010das.<\/span><\/td>\r\n<td style=\"width: 363px; text-align: center;\">\r\n<p><img loading=\"lazy\" src=\"https:\/\/www.praha7.cz\/wp-content\/uploads\/2018\/11\/dovolena.jpg\" alt=\"\" width=\"99\" height=\"96\" class=\"alignnone size-full wp-image-21383\" \/><\/p>\r\n<span style=\"font-weight: normal !important; color: black !important;\">5 t\u00fddn\u016f dovolen\u00e9, na kterou nebudete cht\u00edt odjet.<\/span><\/td>\r\n<\/tr>\r\n<tr>\r\n<td style=\"width: 361px; text-align: center;\">\r\n<p><img loading=\"lazy\" src=\"https:\/\/www.praha7.cz\/wp-content\/uploads\/2018\/11\/vzdelavani.jpg\" alt=\"\" width=\"142\" height=\"96\" class=\"alignnone size-full wp-image-21384\" \/><\/p>\r\n<span style=\"font-weight: normal !important; color: black !important;\">Mo\u017enost dal\u0161\u00edho vzd\u011bl\u00e1v\u00e1n\u00ed, abyste se ve sv\u011bt\u011b neztratili.<\/span><\/td>\r\n<td style=\"width: 363px; text-align: center;\">\r\n<p><img loading=\"lazy\" src=\"https:\/\/www.praha7.cz\/wp-content\/uploads\/2018\/11\/inspirace.jpg\" alt=\"\" width=\"99\" height=\"96\" class=\"alignnone size-full wp-image-21385\" \/><\/p>\r\n<span style=\"font-weight: normal !important; color: black !important;\">Pr\u00e1ci v&nbsp;inspirativn\u00edm kolektivu, kde se p\u0159ed n\u00e1pady nezav\u00edraj\u00ed o\u010di.<\/span><\/td>\r\n<td style=\"width: 363px; text-align: center;\">\r\n<p><img loading=\"lazy\" src=\"https:\/\/www.praha7.cz\/wp-content\/uploads\/2018\/11\/perspektiva.jpg\" alt=\"\" width=\"99\" height=\"96\" class=\"alignnone size-full wp-image-21386\" \/><\/p>\r\n<span style=\"font-weight: normal !important; color: black !important;\">Perspektivn\u00ed zam\u011bstn\u00e1n\u00ed, kde pom\u00e1h\u00e1te m\u011bnit sv\u011bt kolem sebe.<\/span><\/td>\r\n<\/tr>\r\n<\/tbody>\r\n<\/table>\r\n<p>&nbsp;<\/p>\r\n<h3>Jak se k\u00a0n\u00e1m dostanete?<\/h3>\r\n<p>P\u0159ihl\u00e1\u0161ku a&nbsp;souhlas se zpracov\u00e1n\u00edm osobn\u00edch \u00fadaj\u016f (naleznete ve <a href=\"https:\/\/www.praha7.cz\/radnice\/povinne-zverejnovane-informace\/formulare\/\">Formul\u00e1\u0159\u00edch Odboru person\u00e1ln\u00edch \u010dinnost\u00ed<\/a>) v\u010detn\u011b strukturovan\u00e9ho \u017eivotopisu a&nbsp;1\u20132 referenc\u00ed je mo\u017en\u00e9 osobn\u011b doru\u010dit v&nbsp;\u00fa\u0159edn\u00edch hodin\u00e1ch do podatelny \u00da\u0159adu M\u010c Praha&nbsp;7 nebo zaslat na n\u00ed\u017ee uvedenou adresu, p\u0159\u00edpadn\u011b zaslat i&nbsp;e-mailem na <a href=\"mailto:pouzarovae@praha7.cz\">pouzarovae@praha7.cz<\/a> <span style=\"color: #ff0000;\"><strong>nejpozd\u011bji do 18.&nbsp;11.&nbsp;2022<\/strong><\/span>.<\/p>\r\n<p>&nbsp;<\/p>\r\n<p><strong>P\u0159edpokl\u00e1dan\u00fd vznik pracovn\u00edho pom\u011bru je 1.&nbsp;12.&nbsp;2022.<\/strong><\/p>\r\n<p>&nbsp;<\/p>\r\n<p><em>M\u011bstsk\u00e1 \u010d\u00e1st Praha&nbsp;7<\/em><\/p>\r\n<p><em>\u00da\u0159ad m\u011bstsk\u00e9 \u010d\u00e1sti Praha&nbsp;7<\/em><\/p>\r\n<p><em>Odbor person\u00e1ln\u00edch \u010dinnost\u00ed<\/em><\/p>\r\n<p><em>U Pr\u016fhonu 1338\/38<\/em><\/p>\r\n<p><em>170&nbsp;00 Praha&nbsp;7<\/em><\/p>\r\n<p>&nbsp;<\/p>\r\n<p><strong>Ve\u0161ker\u00e9 pot\u0159ebn\u00e9 informace pro p\u0159ihl\u00e1\u0161en\u00ed do popt\u00e1vkov\u00e9ho \u0159\u00edzen\u00ed naleznete <a href=\"https:\/\/www.praha7.cz\/wp-content\/uploads\/2022\/11\/OVP\u0158-soci\u00e1ln\u00ed-pedagog-II.pdf\">ZDE<\/a>.<\/strong><\/p>","protected":false},"excerpt":{"rendered":"[perex] M\u00e1te vzd\u011bl\u00e1n\u00ed \u010di zku\u0161enosti v\u00a0oboru speci\u00e1ln\u00ed a&nbsp;soci\u00e1ln\u00ed pedagogika? Je va\u0161\u00edm posl\u00e1n\u00edm pr\u00e1ce s\u00a0d\u011btmi, kter\u00e9 pot\u0159ebuj\u00ed podporu a&nbsp;pomoc? Chcete se z\u00fa\u010dastnit projektu, kter\u00fd pilotuje pozici soci\u00e1ln\u00edho pedagoga ve \u0161kol\u00e1ch Prahy&nbsp;7? M\u00e1te z\u00e1jem pracovat v&nbsp;dynamicky se rozv\u00edjej\u00edc\u00ed m\u011bstsk\u00e9 \u010d\u00e1sti pro \u00fa\u0159ad s&nbsp;tak trochu jin\u00fdm p\u0159\u00edstupem? Nev\u00e1hejte a&nbsp;p\u0159ihlaste se do na\u0161eho popt\u00e1vkov\u00e9ho \u0159\u00edzen\u00ed. [\/perex] Co u&nbsp;n\u00e1s budete [&hellip;]","protected":false},"author":5,"featured_media":61633,"comment_status":"closed","ping_status":"open","sticky":false,"template":"","format":"standard","meta":[],"categories":[34],"tags":[],"_links":{"self":[{"href":"https:\/\/www.praha7.cz\/api\/wp\/v2\/posts\/61632"}],"collection":[{"href":"https:\/\/www.praha7.cz\/api\/wp\/v2\/posts"}],"about":[{"href":"https:\/\/www.praha7.cz\/api\/wp\/v2\/types\/post"}],"author":[{"embeddable":true,"href":"https:\/\/www.praha7.cz\/api\/wp\/v2\/users\/5"}],"replies":[{"embeddable":true,"href":"https:\/\/www.praha7.cz\/api\/wp\/v2\/comments?post=61632"}],"version-history":[{"count":1,"href":"https:\/\/www.praha7.cz\/api\/wp\/v2\/posts\/61632\/revisions"}],"predecessor-version":[{"id":61635,"href":"https:\/\/www.praha7.cz\/api\/wp\/v2\/posts\/61632\/revisions\/61635"}],"wp:featuredmedia":[{"embeddable":true,"href":"https:\/\/www.praha7.cz\/api\/wp\/v2\/media\/61633"}],"wp:attachment":[{"href":"https:\/\/www.praha7.cz\/api\/wp\/v2\/media?parent=61632"}],"wp:term":[{"taxonomy":"category","embeddable":true,"href":"https:\/\/www.praha7.cz\/api\/wp\/v2\/categories?post=61632"},{"taxonomy":"post_tag","embeddable":true,"href":"https:\/\/www.praha7.cz\/api\/wp\/v2\/tags?post=61632"}],"curies":[{"name":"wp","href":"https:\/\/api.w.org\/{rel}","templated":true}]}}