    
{"id":61595,"date":"2022-11-02T12:17:45","date_gmt":"2022-11-02T11:17:45","guid":{"rendered":"https:\/\/www.praha7.cz\/?p=61595"},"modified":"2022-11-02T13:56:07","modified_gmt":"2022-11-02T12:56:07","slug":"nove-lavicky-do-ulic","status":"publish","type":"post","link":"https:\/\/www.praha7.cz\/nove-lavicky-do-ulic\/","title":{"rendered":"Nov\u00e9 lavi\u010dky do ulic"},"content":{"rendered":"<p>[perex]<\/p>\r\n<p>Chyb\u00ed v\u00e1m na \u00fazem\u00ed Prahy&nbsp;7 lavi\u010dky? Dejte n\u00e1m v\u011bd\u011bt. Sv\u00e9 n\u00e1vrhy s&nbsp;popisem m\u00edsta a&nbsp;ide\u00e1ln\u011b i&nbsp;fotografi\u00ed pros\u00edm zas\u00edlejte na e-mail: <a href=\"mailto:lavicky@praha7.cz\">lavicky@praha7.cz<\/a><br \/>\r\nV\u00e1mi navr\u017een\u00e1 m\u00edsta prov\u011b\u0159\u00edme, a&nbsp;pokud to bude mo\u017en\u00e9, lavi\u010dky zde v&nbsp;roce 2023 um\u00edst\u00edme.<\/p>\r\n<p><em>Na sn\u00edmku \u010dty\u0159i nov\u00e9 lavi\u010dky z&nbsp;d\u00edlny \u010desk\u00e9ho studia Olgoj Chorchoj u&nbsp;budovy Bubensk\u00e1 1.\u00a0\u00a0<\/em><\/p>\r\n<p>[\/perex]<\/p>","protected":false},"excerpt":{"rendered":"[perex] Chyb\u00ed v\u00e1m na \u00fazem\u00ed Prahy&nbsp;7 lavi\u010dky? Dejte n\u00e1m v\u011bd\u011bt. Sv\u00e9 n\u00e1vrhy s&nbsp;popisem m\u00edsta a&nbsp;ide\u00e1ln\u011b i&nbsp;fotografi\u00ed pros\u00edm zas\u00edlejte na e-mail: lavicky@praha7.cz V\u00e1mi navr\u017een\u00e1 m\u00edsta prov\u011b\u0159\u00edme, a&nbsp;pokud to bude mo\u017en\u00e9, lavi\u010dky zde v&nbsp;roce 2023 um\u00edst\u00edme. Na sn\u00edmku \u010dty\u0159i nov\u00e9 lavi\u010dky z&nbsp;d\u00edlny \u010desk\u00e9ho studia Olgoj Chorchoj u&nbsp;budovy Bubensk\u00e1 1.\u00a0\u00a0 [\/perex]","protected":false},"author":251,"featured_media":61597,"comment_status":"closed","ping_status":"open","sticky":false,"template":"","format":"standard","meta":[],"categories":[34],"tags":[],"_links":{"self":[{"href":"https:\/\/www.praha7.cz\/api\/wp\/v2\/posts\/61595"}],"collection":[{"href":"https:\/\/www.praha7.cz\/api\/wp\/v2\/posts"}],"about":[{"href":"https:\/\/www.praha7.cz\/api\/wp\/v2\/types\/post"}],"author":[{"embeddable":true,"href":"https:\/\/www.praha7.cz\/api\/wp\/v2\/users\/251"}],"replies":[{"embeddable":true,"href":"https:\/\/www.praha7.cz\/api\/wp\/v2\/comments?post=61595"}],"version-history":[{"count":5,"href":"https:\/\/www.praha7.cz\/api\/wp\/v2\/posts\/61595\/revisions"}],"predecessor-version":[{"id":61602,"href":"https:\/\/www.praha7.cz\/api\/wp\/v2\/posts\/61595\/revisions\/61602"}],"wp:featuredmedia":[{"embeddable":true,"href":"https:\/\/www.praha7.cz\/api\/wp\/v2\/media\/61597"}],"wp:attachment":[{"href":"https:\/\/www.praha7.cz\/api\/wp\/v2\/media?parent=61595"}],"wp:term":[{"taxonomy":"category","embeddable":true,"href":"https:\/\/www.praha7.cz\/api\/wp\/v2\/categories?post=61595"},{"taxonomy":"post_tag","embeddable":true,"href":"https:\/\/www.praha7.cz\/api\/wp\/v2\/tags?post=61595"}],"curies":[{"name":"wp","href":"https:\/\/api.w.org\/{rel}","templated":true}]}}