    
{"id":61566,"date":"2022-11-01T12:33:15","date_gmt":"2022-11-01T11:33:15","guid":{"rendered":"https:\/\/www.praha7.cz\/?p=61566"},"modified":"2022-11-02T10:15:42","modified_gmt":"2022-11-02T09:15:42","slug":"zaznam-z-debaty-vlakem-na-letiste-rychle-bezpecne-a-ekologicky","status":"publish","type":"post","link":"https:\/\/www.praha7.cz\/zaznam-z-debaty-vlakem-na-letiste-rychle-bezpecne-a-ekologicky\/","title":{"rendered":"Z\u00e1znam z&nbsp;debaty: Vlakem na leti\u0161t\u011b rychle, bezpe\u010dn\u011b a&nbsp;ekologicky"},"content":{"rendered":"<p>[perex]<\/p>\r\n<p>V pond\u011bl\u00ed 31.&nbsp;\u0159\u00edjna 2022 se na radnici Prahy&nbsp;7 uskute\u010dnila prezentace a&nbsp;ve\u0159ejn\u00e1 diskuze k&nbsp;projektu rychlodr\u00e1hy Praha \u2013 leti\u0161t\u011b V\u00e1clava Havla \u2013 Kladno. Z\u00e1znam z\u00a0tohoto setk\u00e1n\u00ed najdete na <a href=\"https:\/\/youtu.be\/EM_fuEFkohQ?t=933\">youtubov\u00e9m kan\u00e1lu Prahy\u00a07<\/a>.<\/p>\r\n<p>[\/perex]<\/p>\r\n<p>&nbsp;<\/p>\r\n<p>&nbsp;<\/p>","protected":false},"excerpt":{"rendered":"[perex] V&nbsp;pond\u011bl\u00ed 31.&nbsp;\u0159\u00edjna 2022 se na radnici Prahy&nbsp;7 uskute\u010dnila prezentace a&nbsp;ve\u0159ejn\u00e1 diskuze k&nbsp;projektu rychlodr\u00e1hy Praha \u2013 leti\u0161t\u011b V\u00e1clava Havla \u2013 Kladno. Z\u00e1znam z\u00a0tohoto setk\u00e1n\u00ed najdete na youtubov\u00e9m kan\u00e1lu Prahy\u00a07. [\/perex] &nbsp; &nbsp;","protected":false},"author":5,"featured_media":61287,"comment_status":"closed","ping_status":"open","sticky":false,"template":"","format":"standard","meta":[],"categories":[34],"tags":[],"_links":{"self":[{"href":"https:\/\/www.praha7.cz\/api\/wp\/v2\/posts\/61566"}],"collection":[{"href":"https:\/\/www.praha7.cz\/api\/wp\/v2\/posts"}],"about":[{"href":"https:\/\/www.praha7.cz\/api\/wp\/v2\/types\/post"}],"author":[{"embeddable":true,"href":"https:\/\/www.praha7.cz\/api\/wp\/v2\/users\/5"}],"replies":[{"embeddable":true,"href":"https:\/\/www.praha7.cz\/api\/wp\/v2\/comments?post=61566"}],"version-history":[{"count":3,"href":"https:\/\/www.praha7.cz\/api\/wp\/v2\/posts\/61566\/revisions"}],"predecessor-version":[{"id":61589,"href":"https:\/\/www.praha7.cz\/api\/wp\/v2\/posts\/61566\/revisions\/61589"}],"wp:featuredmedia":[{"embeddable":true,"href":"https:\/\/www.praha7.cz\/api\/wp\/v2\/media\/61287"}],"wp:attachment":[{"href":"https:\/\/www.praha7.cz\/api\/wp\/v2\/media?parent=61566"}],"wp:term":[{"taxonomy":"category","embeddable":true,"href":"https:\/\/www.praha7.cz\/api\/wp\/v2\/categories?post=61566"},{"taxonomy":"post_tag","embeddable":true,"href":"https:\/\/www.praha7.cz\/api\/wp\/v2\/tags?post=61566"}],"curies":[{"name":"wp","href":"https:\/\/api.w.org\/{rel}","templated":true}]}}