    
{"id":61533,"date":"2022-10-31T14:54:20","date_gmt":"2022-10-31T13:54:20","guid":{"rendered":"https:\/\/www.praha7.cz\/?p=61533"},"modified":"2022-11-07T20:07:38","modified_gmt":"2022-11-07T19:07:38","slug":"pozvanka-na-ustavujici-zasedani-zastupitelstva-mc-praha-7","status":"publish","type":"post","link":"https:\/\/www.praha7.cz\/pozvanka-na-ustavujici-zasedani-zastupitelstva-mc-praha-7\/","title":{"rendered":"Pozv\u00e1nka na ustavuj\u00edc\u00ed zased\u00e1n\u00ed Zastupitelstva M\u010c Praha&nbsp;7"},"content":{"rendered":"<p style=\"text-align: justify;\">[perex]<\/p>\r\n<p style=\"text-align: justify;\">Ustavuj\u00edc\u00ed zased\u00e1n\u00ed Zastupitelstva M\u010c Praha&nbsp;7\u00a0se kon\u00e1 v&nbsp;pond\u011bl\u00ed 7.&nbsp;listopadu 2022 od 17.00 hodin v&nbsp;zasedac\u00edm s\u00e1lu\u00a0v 1. PP\u00a0 budovy \u00da\u0159adu M\u010c Praha&nbsp;7, U&nbsp;Pr\u016fhonu 1338\/38, Praha.<\/p>\r\n<p style=\"text-align: justify;\">P\u0159enos zased\u00e1n\u00ed m\u016f\u017eete sledovat\u00a0<a href=\"https:\/\/youtu.be\/O-OMrnPGWT4\">ZDE<\/a>.\u00a0<\/p>\r\n<p style=\"text-align: justify;\">Materi\u00e1ly ke sta\u017een\u00ed jsou k\u00a0dispozici pod eviden\u010dn\u00edmi \u010d\u00edsly u\u00a0n\u00e1zv\u016f jednotliv\u00fdch bod\u016f.\u00a0<\/p>\r\n<p style=\"text-align: justify;\">[\/perex]<\/p>\r\n<p style=\"text-align: justify;\"><strong>Program ustavuj\u00edc\u00edho zased\u00e1n\u00ed Zastupitelstva M\u010c Praha\u00a07\u00a0<\/strong><\/p>\r\n<p style=\"text-align: justify;\"><strong>1.\u00a0<\/strong> Zah\u00e1jen\u00ed<\/p>\r\n<p style=\"text-align: justify;\"><strong>2.<\/strong>\u00a0 Slo\u017een\u00ed slibu zvolen\u00fdch \u010dlen\u016f Zastupitelstva M\u010c Praha\u00a07<\/p>\r\n<p style=\"text-align: justify;\"><strong>3.<\/strong>\u00a0 Schv\u00e1len\u00ed programu<\/p>\r\n<p style=\"text-align: justify;\"><strong>4.<\/strong>\u00a0 Volba spole\u010dn\u00e9ho n\u00e1vrhov\u00e9ho a\u00a0volebn\u00edho v\u00fdboru<\/p>\r\n<p style=\"text-align: justify;\"><strong>5.\u00a0<\/strong> N\u00c1VRH k&nbsp;Volebn\u00edmu \u0159\u00e1du Zastupitelstva M\u010c Praha&nbsp;7 pro volbu \u010dlen\u016f Rady M\u010c Praha&nbsp;7 \u2013\u00a0<a href=\"https:\/\/www.praha7.cz\/wp-content\/uploads\/2022\/10\/2196.zip\">\u010d. 2196<\/a><\/p>\r\n<p style=\"text-align: justify;\"><strong>6.<\/strong>\u00a0 N\u00c1VRH na stanoven\u00ed po\u010dtu \u010dlen\u016f Rady M\u010c Praha\u00a07, po\u010dtu p\u0159edsed\u016f V\u00fdbor\u016f Zastupitelstva M\u010c Praha\u00a07 a\u00a0funkc\u00ed, pro kter\u00e9 budou \u010dlenov\u00e9 Zastupitelstva M\u010c Praha\u00a07 uvoln\u011bni pro volebn\u00ed obdob\u00ed 2022\u20132026 \u2013\u00a0<a href=\"https:\/\/www.praha7.cz\/wp-content\/uploads\/2022\/10\/2197.zip\">\u010d. 2197<\/a><\/p>\r\n<p style=\"text-align: justify;\"><strong>7.\u00a0<\/strong> N\u00c1VRH k&nbsp;volb\u011b starosty, m\u00edstostarost\u016f a\u00a0dal\u0161\u00edch \u010dlen\u016f Rady M\u010c Praha\u00a07 pro volebn\u00ed obdob\u00ed 2022\u20132026 \u2013\u00a0<a href=\"https:\/\/www.praha7.cz\/wp-content\/uploads\/2022\/10\/2198.zip\">\u010d. 2198<\/a><\/p>\r\n<p style=\"text-align: justify;\"><strong>8.<\/strong>\u00a0 N\u00c1VRH ke z\u0159\u00edzen\u00ed Finan\u010dn\u00edho v\u00fdboru Zastupitelstva M\u010c Praha\u00a07 a\u00a0k volb\u011b p\u0159edsedy Finan\u010dn\u00edho v\u00fdboru Zastupitelstva M\u010c Praha\u00a07 pro volebn\u00ed obdob\u00ed 2022\u20132026 \u2013\u00a0<a href=\"https:\/\/www.praha7.cz\/wp-content\/uploads\/2022\/10\/2199.zip\">\u010d.\u00a02199<\/a><\/p>\r\n<p style=\"text-align: justify;\"><strong>9.<\/strong>\u00a0 N\u00c1VRH ke z\u0159\u00edzen\u00ed Kontroln\u00edho v\u00fdboru Zastupitelstva M\u010c Praha\u00a07 a\u00a0k volb\u011b\u00a0 p\u0159edsedy Kontroln\u00edho v\u00fdboru Zastupitelstva M\u010c Praha\u00a07 pro volebn\u00ed obdob\u00ed 2022\u20132026 \u2013\u00a0<a href=\"https:\/\/www.praha7.cz\/wp-content\/uploads\/2022\/10\/2200.zip\">\u010d. 2200<\/a><\/p>\r\n<p style=\"text-align: justify;\"><strong>10.<\/strong> N\u00c1VRH ke\u00a0z\u0159\u00edzen\u00ed V\u00fdboru pro vzd\u011bl\u00e1v\u00e1n\u00ed, soci\u00e1ln\u00ed politiku a&nbsp;zdravotnictv\u00ed Zastupitelstva M\u010c Praha&nbsp;7 a&nbsp;volbu p\u0159edsedy V\u00fdboru pro vzd\u011bl\u00e1v\u00e1n\u00ed, soci\u00e1ln\u00ed politiku a&nbsp;zdravotnictv\u00ed Zastupitelstva M\u010c Praha&nbsp;7 pro volebn\u00ed obdob\u00ed 2022\u20132026 \u2013\u00a0<a href=\"https:\/\/www.praha7.cz\/wp-content\/uploads\/2022\/10\/2201.zip\">\u010d. 2201<\/a><\/p>\r\n<p style=\"text-align: justify;\"><strong>11.<\/strong> N\u00c1VRH k&nbsp;Jednac\u00edmu \u0159\u00e1du V\u00fdbor\u016f Zastupitelstva M\u010c Praha\u00a07 s\u00a0\u00fa\u010dinnost\u00ed od\u00a0 7.&nbsp;11.&nbsp;2022 \u2013\u00a0<a href=\"https:\/\/www.praha7.cz\/wp-content\/uploads\/2022\/10\/2204.zip\">\u010d. 2204<\/a><\/p>\r\n<p style=\"text-align: justify;\"><strong>12.<\/strong> N\u00c1VRH k&nbsp;pov\u011b\u0159en\u00ed \u010dlen\u016f Zastupitelstva M\u010c Praha\u00a07 k\u00a0podpisu listin pro volebn\u00ed obdob\u00ed 2022\u20132026 dle \u00a7 43 odst. 1 z\u00e1k. \u010d. 131\/2000 Sb. o&nbsp;hl. m. Praze, v\u00a0platn\u00e9m zn\u011bn\u00ed \u2013\u00a0<a href=\"https:\/\/www.praha7.cz\/wp-content\/uploads\/2022\/10\/2203.zip\">\u010d. 2203<\/a><\/p>\r\n<p style=\"text-align: justify;\"><strong>13.<\/strong> N\u00c1VRH k&nbsp;pov\u011b\u0159en\u00ed \u010dlen\u016f Zastupitelstva M\u010c Praha\u00a07 odd\u00e1v\u00e1n\u00edm pro volebn\u00ed obdob\u00ed 2022\u20132026 \u00a0dle \u00a7 11a odst. 1 p\u00edsm. a) z\u00e1k. \u010d. 301\/2000 Sb. o\u00a0matrik\u00e1ch, jm\u00e9nu a\u00a0p\u0159\u00edjmen\u00ed a\u00a0o\u00a0zm\u011bn\u011b n\u011bkter\u00fdch souvisej\u00edc\u00edch z\u00e1kon\u016f, v\u00a0platn\u00e9m zn\u011bn\u00ed \u2013\u00a0<a href=\"https:\/\/www.praha7.cz\/wp-content\/uploads\/2022\/10\/2202.zip\">\u010d. 2202<\/a><\/p>\r\n<p style=\"text-align: justify;\"><strong>14.<\/strong> N\u00c1VRH na stanoven\u00ed v\u00fd\u0161e m\u011bs\u00ed\u010dn\u00edch odm\u011bn neuvoln\u011bn\u00fdm \u010dlen\u016fm Zastupitelstva M\u010c Praha\u00a07 pro volebn\u00ed obdob\u00ed 2022\u20132026 \u2013\u00a0<a href=\"https:\/\/www.praha7.cz\/wp-content\/uploads\/2022\/10\/2205.zip\">\u010d. 2205<\/a><\/p>\r\n<p style=\"text-align: justify;\"><strong>15.<\/strong> N\u00c1VRH k&nbsp;Etick\u00e9mu kodexu \u010dlena Zastupitelstva M\u010c Praha&nbsp;7 \u2013\u00a0<a href=\"https:\/\/www.praha7.cz\/wp-content\/uploads\/2022\/10\/2206.zip\">\u010d. 2206<\/a><\/p>\r\n<p style=\"text-align: justify;\"><strong>16.<\/strong> Z\u00e1v\u011br<\/p>\r\n<p style=\"text-align: justify;\">Dle ust. \u00a7 53 z\u00e1kona \u010d. 491\/2001 Sb., o&nbsp;volb\u00e1ch do zastupitelstev obc\u00ed a&nbsp;o&nbsp;zm\u011bn\u011b n\u011bkter\u00fdch z\u00e1kon\u016f, v&nbsp;platn\u00e9m zn\u011bn\u00ed, V\u00e1m bylo vystaveno \u201eosv\u011bd\u010den\u00ed\u00a0o zvolen\u00ed\u201c, kter\u00e9 v\u00e1m bude p\u0159ed\u00e1no na za\u010d\u00e1tku zased\u00e1n\u00ed ustavuj\u00edc\u00edho Zastupitelstva M\u010c Praha&nbsp;7.<\/p>\r\n<p style=\"text-align: justify;\"><\/p>\r\n<p style=\"text-align: justify;\">Mgr. Jan \u010ci\u017einsk\u00fd<br \/>\r\nStarosta m\u011bstsk\u00e9 \u010d\u00e1sti Praha&nbsp;7<\/p>\r\n<p><a href=\"https:\/\/file.praha7.cz\/odbory\/kst\/ustavujici_2022.zip\">Materi\u00e1ly k&nbsp;ustavuj\u00edc\u00edmu zased\u00e1n\u00ed Z\u00a0M\u010c Praha\u00a07<\/a><\/p>","protected":false},"excerpt":{"rendered":"[perex] Ustavuj\u00edc\u00ed zased\u00e1n\u00ed Zastupitelstva M\u010c Praha&nbsp;7\u00a0se kon\u00e1 v&nbsp;pond\u011bl\u00ed 7.&nbsp;listopadu 2022 od 17.00 hodin v&nbsp;zasedac\u00edm s\u00e1lu\u00a0v 1. PP\u00a0 budovy \u00da\u0159adu M\u010c Praha&nbsp;7, U&nbsp;Pr\u016fhonu 1338\/38, Praha. P\u0159enos zased\u00e1n\u00ed m\u016f\u017eete sledovat\u00a0ZDE.\u00a0 Materi\u00e1ly ke sta\u017een\u00ed jsou k\u00a0dispozici pod eviden\u010dn\u00edmi \u010d\u00edsly u\u00a0n\u00e1zv\u016f jednotliv\u00fdch bod\u016f.\u00a0 [\/perex] Program ustavuj\u00edc\u00edho zased\u00e1n\u00ed Zastupitelstva M\u010c Praha\u00a07\u00a0 1.\u00a0 Zah\u00e1jen\u00ed 2.\u00a0 Slo\u017een\u00ed slibu zvolen\u00fdch \u010dlen\u016f Zastupitelstva M\u010c [&hellip;]","protected":false},"author":14,"featured_media":33780,"comment_status":"closed","ping_status":"open","sticky":false,"template":"","format":"standard","meta":[],"categories":[34],"tags":[],"_links":{"self":[{"href":"https:\/\/www.praha7.cz\/api\/wp\/v2\/posts\/61533"}],"collection":[{"href":"https:\/\/www.praha7.cz\/api\/wp\/v2\/posts"}],"about":[{"href":"https:\/\/www.praha7.cz\/api\/wp\/v2\/types\/post"}],"author":[{"embeddable":true,"href":"https:\/\/www.praha7.cz\/api\/wp\/v2\/users\/14"}],"replies":[{"embeddable":true,"href":"https:\/\/www.praha7.cz\/api\/wp\/v2\/comments?post=61533"}],"version-history":[{"count":5,"href":"https:\/\/www.praha7.cz\/api\/wp\/v2\/posts\/61533\/revisions"}],"predecessor-version":[{"id":61723,"href":"https:\/\/www.praha7.cz\/api\/wp\/v2\/posts\/61533\/revisions\/61723"}],"wp:featuredmedia":[{"embeddable":true,"href":"https:\/\/www.praha7.cz\/api\/wp\/v2\/media\/33780"}],"wp:attachment":[{"href":"https:\/\/www.praha7.cz\/api\/wp\/v2\/media?parent=61533"}],"wp:term":[{"taxonomy":"category","embeddable":true,"href":"https:\/\/www.praha7.cz\/api\/wp\/v2\/categories?post=61533"},{"taxonomy":"post_tag","embeddable":true,"href":"https:\/\/www.praha7.cz\/api\/wp\/v2\/tags?post=61533"}],"curies":[{"name":"wp","href":"https:\/\/api.w.org\/{rel}","templated":true}]}}