    
{"id":61383,"date":"2022-10-25T12:11:09","date_gmt":"2022-10-25T10:11:09","guid":{"rendered":"https:\/\/www.praha7.cz\/?p=61383"},"modified":"2022-11-29T12:21:08","modified_gmt":"2022-11-29T11:21:08","slug":"novy-mestsky-bytovy-dum-v-praze-7-bude-mit-zelenou-strechu-a-detskou-skupinu","status":"publish","type":"post","link":"https:\/\/www.praha7.cz\/novy-mestsky-bytovy-dum-v-praze-7-bude-mit-zelenou-strechu-a-detskou-skupinu\/","title":{"rendered":"Nov\u00fd m\u011bstsk\u00fd bytov\u00fd d\u016fm v&nbsp;Praze 7 bude m\u00edt zelenou st\u0159echu a&nbsp;d\u011btskou skupinu"},"content":{"rendered":"<p>[perex]<\/p>\r\n<p>Rada m\u011bstsk\u00e9 \u010d\u00e1sti Praha&nbsp;7 potvrdila rozhodnut\u00ed poroty a&nbsp;vyhl\u00e1sila v\u00edt\u011bze mezin\u00e1rodn\u00ed otev\u0159en\u00e9 architektonick\u00e9 sout\u011b\u017ee o&nbsp;n\u00e1vrh novostavby m\u011bstsk\u00e9ho bytov\u00e9ho domu, kter\u00e1 vznikne na rohu ulic \u017delezni\u010d\u00e1\u0159\u016f a&nbsp;Za Pap\u00edrnou. Prvn\u00ed cenu obdr\u017eelo studio Apropos Architects.<\/p>\r\n<p>[\/perex]<\/p>\r\n<p><em>\u201ePova\u017eujeme za zcela nezbytn\u00e9, aby m\u011bsto i&nbsp;m\u011bstsk\u00e9 \u010d\u00e1sti reagovaly na to, \u017ee se \u017eivotn\u00ed n\u00e1klady v\u0161ech Pra\u017ean\u016f v\u00fdrazn\u011b zvy\u0161uj\u00ed. Praha pot\u0159ebuje mnohem v\u011bt\u0161\u00ed nab\u00eddku cenov\u011b dostupn\u00fdch malometr\u00e1\u017en\u00edch byt\u016f. Jdeme tomuto po\u017eadavku naproti, ji\u017e p\u0159ed lety jsme zastavili prodej obecn\u00edch byt\u016f, opravujeme a&nbsp;roz\u0161i\u0159ujeme sv\u016fj bytov\u00fd fond a&nbsp;nyn\u00ed budeme stav\u011bt nov\u00fd m\u011bstsk\u00fd bytov\u00fd d\u016fm, kter\u00fd pojme a\u017e 60 malometr\u00e1\u017en\u00edch byt\u016f i&nbsp;ob\u010danskou vybavenost. Ji\u017e v&nbsp;p\u0159\u00edpad\u011b na\u0161\u00ed radnice nebo nov\u00e9 Z\u00e1kladn\u00ed \u0161koly Jana Vod\u0148ansk\u00e9ho jsme uk\u00e1zali, \u017ee nejlep\u0161\u00ed zp\u016fsob, jak vybrat architekty a&nbsp;projektanty na v\u00fdznamn\u00e9 ve\u0159ejn\u00e9 stavby, je otev\u0159en\u00e1 architektonick\u00e1 sout\u011b\u017e. Proto jsme se i&nbsp;tentokr\u00e1t vydali touto cestou,\u201c<\/em> \u0159ekl <em><strong>starosta Prahy&nbsp;7 Jan \u010ci\u017einsk\u00fd<\/strong><\/em>.<\/p>\r\n<p>Mezin\u00e1rodn\u00ed otev\u0159enou architektonickou sout\u011b\u017e vyhl\u00e1sila Praha\u00a07 s\u00a0pomoc\u00ed organiz\u00e1tora sout\u011b\u017e\u00ed MOBA office s.r.o.\u00a0v\u00a0\u010dervenci tohoto roku. Sv\u00e9 n\u00e1vrhy do sout\u011b\u017ee p\u0159ihl\u00e1silo 45 architektonick\u00fdch studi\u00ed. Mezi autory byli krom\u011b tuzemsk\u00fdch architekt\u016f zastoupeni tak\u00e9 zahrani\u010dn\u00ed \u00fa\u010dastn\u00edci z\u00a0N\u011bmecka, Ma\u010farska, Polska, Rumunska \u010di Velk\u00e9 Brit\u00e1nie. <strong>Prvn\u00ed cenu obdr\u017eelo studio Apropos Architects, s. r. o., kter\u00e9 p\u016fsob\u00ed v\u00a0\u010cesk\u00e9 republice, \u0160v\u00fdcarsku a&nbsp;Nizozemsku. Druh\u00e1 cena p\u0159ipadla architektonick\u00e9 a&nbsp;projek\u010dn\u00ed kancel\u00e1\u0159i AVE architekt, a. s., z\u00a0Plzn\u011b. Na t\u0159et\u00ed pozici se um\u00edstil architekt Mat\u011bj \u0160ebek z&nbsp;Prahy.<\/strong><\/p>\r\n\r\n<figure id=\"attachment_61385\" aria-describedby=\"caption-attachment-61385\" style=\"width: 640px\" class=\"wp-caption alignnone\"><img loading=\"lazy\" src=\"https:\/\/www.praha7.cz\/wp-content\/uploads\/2022\/10\/1.-cena_axonometrie-998x1000.jpg\" alt=\"\" width=\"640\" height=\"641\" class=\"size-large wp-image-61385\" srcset=\"https:\/\/www.praha7.cz\/wp-content\/uploads\/2022\/10\/1.-cena_axonometrie-998x1000.jpg 998w, https:\/\/www.praha7.cz\/wp-content\/uploads\/2022\/10\/1.-cena_axonometrie-200x200.jpg 200w, https:\/\/www.praha7.cz\/wp-content\/uploads\/2022\/10\/1.-cena_axonometrie-399x400.jpg 399w, https:\/\/www.praha7.cz\/wp-content\/uploads\/2022\/10\/1.-cena_axonometrie-768x769.jpg 768w\" sizes=\"(max-width: 640px) 100vw, 640px\" \/><figcaption id=\"caption-attachment-61385\" class=\"wp-caption-text\">1.&nbsp;cena: axonometrie<\/figcaption><\/figure>\r\n\r\n<p>Navr\u017een\u00fd objekt m\u00e1 \u0161est pln\u00fdch nadzemn\u00edch a&nbsp;jedno ustoupen\u00e9 podla\u017e\u00ed do ulice \u017delezni\u010d\u00e1\u0159\u016f a&nbsp;p\u011bt pln\u00fdch nadzemn\u00edch a&nbsp;jedno ustoupen\u00e9 podla\u017e\u00ed do ulice Za Pap\u00edrnou. D\u016fm navazuje na okoln\u00ed z\u00e1stavbu a&nbsp;vytv\u00e1\u0159\u00ed d\u016fstojn\u00e9 n\u00e1ro\u017e\u00ed v\u00a0nov\u011b transformovan\u00e9 m\u011bstsk\u00e9 \u010dtvrti. Svou architekturou, v\u00fdrazem a&nbsp;pou\u017eit\u00fdmi materi\u00e1ly odkazuje na industri\u00e1ln\u00ed minulost Hole\u0161ovic.<\/p>\r\n<p>V\u00edt\u011bzn\u00fd n\u00e1vrh porotu p\u0159esv\u011bd\u010dil sv\u00fdm jasn\u00fdm konceptem, vyv\u00e1\u017een\u00fdmi proporcemi v&nbsp;p\u016fdoryse i&nbsp;hmot\u011b a&nbsp;kvalitou spole\u010dn\u00fdch prostor\u016f.<\/p>\r\n<p><em>\u201eVnit\u0159n\u00ed dispozice umo\u017e\u0148uje jak soukrom\u00fd venkovn\u00ed prostor pro ka\u017ed\u00fd byt, tak i&nbsp;velkorys\u00e9 sd\u00edlen\u00e9 prostory. St\u0159e\u0161n\u00ed terasa nab\u00edz\u00ed vyv\u00e1\u017een\u00fd mix otev\u0159en\u00fdch a&nbsp;uzav\u0159en\u00fdch prostor\u016f. Efektivn\u00ed dispozice nab\u00edz\u00ed vysok\u00fd po\u010det byt\u016f a&nbsp;spolu se zvolen\u00fdm konstruk\u010dn\u00edm \u0159e\u0161en\u00edm tak\u00e9 dostatek mo\u017enost\u00ed pro jejich spojov\u00e1n\u00ed a&nbsp;obecn\u011b vysokou flexibilitu p\u016fdorysu,\u201c<\/em> uvedla <em><strong>porota k\u00a0v\u00fdb\u011bru v\u00edt\u011bze<\/strong><\/em>.<\/p>\r\n\r\n<figure id=\"attachment_61388\" aria-describedby=\"caption-attachment-61388\" style=\"width: 640px\" class=\"wp-caption alignnone\"><img loading=\"lazy\" src=\"https:\/\/www.praha7.cz\/wp-content\/uploads\/2022\/10\/1.-cena_vstup-a-fas\u00e1da-z-ulice-Za-Pap\u00edrnou-1000x1000.jpg\" alt=\"\" width=\"640\" height=\"640\" class=\"size-large wp-image-61388\" srcset=\"https:\/\/www.praha7.cz\/wp-content\/uploads\/2022\/10\/1.-cena_vstup-a-fas\u00e1da-z-ulice-Za-Pap\u00edrnou-1000x1000.jpg 1000w, https:\/\/www.praha7.cz\/wp-content\/uploads\/2022\/10\/1.-cena_vstup-a-fas\u00e1da-z-ulice-Za-Pap\u00edrnou-200x200.jpg 200w, https:\/\/www.praha7.cz\/wp-content\/uploads\/2022\/10\/1.-cena_vstup-a-fas\u00e1da-z-ulice-Za-Pap\u00edrnou-400x400.jpg 400w, https:\/\/www.praha7.cz\/wp-content\/uploads\/2022\/10\/1.-cena_vstup-a-fas\u00e1da-z-ulice-Za-Pap\u00edrnou-768x768.jpg 768w\" sizes=\"(max-width: 640px) 100vw, 640px\" \/><figcaption id=\"caption-attachment-61388\" class=\"wp-caption-text\">1.&nbsp;cena: vstup a&nbsp;fas\u00e1da z&nbsp;ulice Za Pap\u00edrnou<\/figcaption><\/figure>\r\n\r\n<p>V\u00a0objektu je v\u00a0z\u00e1kladn\u00ed podob\u011b navr\u017eeno p\u0159es 60 bytov\u00fdch jednotek, p\u0159ev\u00e1\u017en\u011b o&nbsp;velikosti 1kk do 30 m2. Z\u00a0toho 30&nbsp;% tvo\u0159\u00ed bezbari\u00e9rov\u00e9 byty.<\/p>\r\n<p><em>\u201ePo\u010det bytov\u00fdch jednotek v\u00a0dom\u011b je koncipov\u00e1n s\u00a0vysokou m\u00edrou variability. Byty budou ur\u010den\u00e9 pro seniory \u010di lidi se zdravotn\u00edm omezen\u00edm, ale budou zde tak\u00e9 startovac\u00ed byty pro mlad\u00e9 rodiny\u00a0<\/em><em>a samo\u017eivitele \u010di slu\u017eebn\u00ed byty pro kl\u00ed\u010dov\u00e9 profese, jako jsou u\u010ditel\u00e9, zdravotn\u00ed sestry, policist\u00e9 \u010di hasi\u010di. Byty jsou proto navr\u017eeny v&nbsp;modulov\u00e9m \u0159e\u0161en\u00ed, aby bylo mo\u017en\u00e9 jejich snadn\u00e9 spojen\u00ed do v\u011bt\u0161\u00edch celk\u016f pro pot\u0159eby v\u00edce\u010dlenn\u00fdch rodin,\u201c<\/em> doplnil <em><strong>m\u00edstostarosta Prahy&nbsp;7 Pavel Zelenka<\/strong><\/em>, kter\u00fd m\u00e1 na starosti veden\u00ed projektu.<\/p>\r\n\r\n<figure id=\"attachment_61386\" aria-describedby=\"caption-attachment-61386\" style=\"width: 640px\" class=\"wp-caption alignnone\"><img loading=\"lazy\" src=\"https:\/\/www.praha7.cz\/wp-content\/uploads\/2022\/10\/1.-cena_byt-z-ulice-Za-Pap\u00edrnou-1000x1000.jpg\" alt=\"\" width=\"640\" height=\"640\" class=\"size-large wp-image-61386\" srcset=\"https:\/\/www.praha7.cz\/wp-content\/uploads\/2022\/10\/1.-cena_byt-z-ulice-Za-Pap\u00edrnou-1000x1000.jpg 1000w, https:\/\/www.praha7.cz\/wp-content\/uploads\/2022\/10\/1.-cena_byt-z-ulice-Za-Pap\u00edrnou-200x200.jpg 200w, https:\/\/www.praha7.cz\/wp-content\/uploads\/2022\/10\/1.-cena_byt-z-ulice-Za-Pap\u00edrnou-400x400.jpg 400w, https:\/\/www.praha7.cz\/wp-content\/uploads\/2022\/10\/1.-cena_byt-z-ulice-Za-Pap\u00edrnou-768x768.jpg 768w\" sizes=\"(max-width: 640px) 100vw, 640px\" \/><figcaption id=\"caption-attachment-61386\" class=\"wp-caption-text\">1.&nbsp;cena: byt z&nbsp;ulice Za Pap\u00edrnou<\/figcaption><\/figure>\r\n\r\n<p><em>\u201eC\u00edlem n\u00e1vrhu je vytvo\u0159en\u00ed siln\u00e9 sousedsk\u00e9 komunity, jej\u00ed\u017e \u010dlenov\u00e9 se budou s\u00a0navr\u017een\u00fdm objektem identifikovat. Vytv\u00e1\u0159\u00edme pro tento \u00fa\u010del prostory, kter\u00e9 obyvatele podv\u011bdom\u011b navedou k\u00a0setk\u00e1v\u00e1n\u00ed, jako je dvorn\u00ed \u0161irok\u00e1 pavla\u010d, spole\u010dn\u00e1 m\u00edstnost s\u00a0p\u0159\u00edstupem do zahrady ve vnitrobloku \u010di st\u0159e\u0161n\u00ed terasa s\u00a0mo\u017enost\u00ed komunitn\u00edho p\u011bstov\u00e1n\u00ed bylin a&nbsp;zeleniny,\u201c<\/em> uv\u00e1d\u00ed <em><strong>auto\u0159i v\u00edt\u011bzn\u00e9ho n\u00e1vrhu<\/strong><\/em>.<\/p>\r\n\r\n<figure id=\"attachment_61387\" aria-describedby=\"caption-attachment-61387\" style=\"width: 640px\" class=\"wp-caption alignnone\"><img loading=\"lazy\" src=\"https:\/\/www.praha7.cz\/wp-content\/uploads\/2022\/10\/1.-cena_pavla\u010d-a-vnit\u0159n\u00ed-dv\u016fr-1000x1000.jpg\" alt=\"\" width=\"640\" height=\"640\" class=\"size-large wp-image-61387\" srcset=\"https:\/\/www.praha7.cz\/wp-content\/uploads\/2022\/10\/1.-cena_pavla\u010d-a-vnit\u0159n\u00ed-dv\u016fr-1000x1000.jpg 1000w, https:\/\/www.praha7.cz\/wp-content\/uploads\/2022\/10\/1.-cena_pavla\u010d-a-vnit\u0159n\u00ed-dv\u016fr-200x200.jpg 200w, https:\/\/www.praha7.cz\/wp-content\/uploads\/2022\/10\/1.-cena_pavla\u010d-a-vnit\u0159n\u00ed-dv\u016fr-400x400.jpg 400w, https:\/\/www.praha7.cz\/wp-content\/uploads\/2022\/10\/1.-cena_pavla\u010d-a-vnit\u0159n\u00ed-dv\u016fr-768x768.jpg 768w\" sizes=\"(max-width: 640px) 100vw, 640px\" \/><figcaption id=\"caption-attachment-61387\" class=\"wp-caption-text\">1.&nbsp;cena: pavla\u010d a&nbsp;vnit\u0159n\u00ed dv\u016fr<\/figcaption><\/figure>\r\n\r\n<p>D\u016fm m\u00e1 navr\u017een\u00e9 zelen\u00e9 st\u0159echy a&nbsp;po\u010d\u00edt\u00e1 se zde tak\u00e9 s&nbsp;fotovoltaick\u00fdmi panely, kter\u00e9 budou vyu\u017eity k\u00a0\u00faspo\u0159e spole\u010dn\u00e9 spot\u0159eby energie v\u00a0dom\u011b.<\/p>\r\n<p><strong>Parter domu bude aktivn\u00ed, krom\u011b komer\u010dn\u00ed \u010d\u00e1sti zde bude um\u00edst\u011bna i&nbsp;nedostatkov\u00e1 ob\u010dansk\u00e1 vybavenost. V&nbsp;tuto chv\u00edli Praha&nbsp;7 po\u010d\u00edt\u00e1 s&nbsp;d\u011btskou skupinou pro minim\u00e1ln\u011b 21 d\u011bt\u00ed.<\/strong><\/p>\r\n<p>N\u00e1klady na stavbu budou pokryty dotac\u00ed z&nbsp;Fondu rozvoje dostupn\u00e9ho bydlen\u00ed na \u00fazem\u00ed hl. m. Prahy ve v\u00fd\u0161i 170 mil. K\u010d. Nov\u00fd m\u011bstsk\u00fd bytov\u00fd d\u016fm by v\u00a0Praze 7 mohl st\u00e1t v\u00a0z\u00e1vislosti na d\u00e9lce povolovac\u00edho procesu zhruba do \u010dty\u0159 let.<\/p>\r\n<p>&nbsp;<\/p>\r\n<h3>V\u00fdsledky mezin\u00e1rodn\u00ed otev\u0159en\u00e9 architektonick\u00e9 sout\u011b\u017ee:<\/h3>\r\n<p><strong>1.&nbsp;cena \u2013\u00a0Apropos Architects\u00a0<\/strong><\/p>\r\n<p><a href=\"https:\/\/www.praha7.cz\/wp-content\/uploads\/2022\/10\/1.-cena_Apropos-Architects.jpg\"><img loading=\"lazy\" src=\"https:\/\/www.praha7.cz\/wp-content\/uploads\/2022\/10\/1.-cena_Apropos-Architects-600x400.jpg\" alt=\"\" width=\"600\" height=\"400\" class=\"alignnone size-medium wp-image-61384\" srcset=\"https:\/\/www.praha7.cz\/wp-content\/uploads\/2022\/10\/1.-cena_Apropos-Architects-600x400.jpg 600w, https:\/\/www.praha7.cz\/wp-content\/uploads\/2022\/10\/1.-cena_Apropos-Architects-768x511.jpg 768w, https:\/\/www.praha7.cz\/wp-content\/uploads\/2022\/10\/1.-cena_Apropos-Architects-1500x998.jpg 1500w\" sizes=\"(max-width: 600px) 100vw, 600px\" \/><\/a><\/p>\r\n<p>&nbsp;<\/p>\r\n<p><strong>2.&nbsp;cena \u2013\u00a0AVE architekt<\/strong><\/p>\r\n<p><a href=\"https:\/\/www.praha7.cz\/wp-content\/uploads\/2022\/10\/2.-cena_AVE-architekt.png\"><img loading=\"lazy\" src=\"https:\/\/www.praha7.cz\/wp-content\/uploads\/2022\/10\/2.-cena_AVE-architekt-308x400.png\" alt=\"\" width=\"308\" height=\"400\" class=\"alignnone size-medium wp-image-61389\" srcset=\"https:\/\/www.praha7.cz\/wp-content\/uploads\/2022\/10\/2.-cena_AVE-architekt-308x400.png 308w, https:\/\/www.praha7.cz\/wp-content\/uploads\/2022\/10\/2.-cena_AVE-architekt.png 701w\" sizes=\"(max-width: 308px) 100vw, 308px\" \/><\/a><\/p>\r\n<p>&nbsp;<\/p>\r\n<p><strong>3.&nbsp;cena \u2013\u00a0Mat\u011bj \u0160ebek\u00a0<\/strong><\/p>\r\n<p><a href=\"https:\/\/www.praha7.cz\/wp-content\/uploads\/2022\/10\/3.-cena_Mat\u011bj-\u0160ebek.png\"><img loading=\"lazy\" src=\"https:\/\/www.praha7.cz\/wp-content\/uploads\/2022\/10\/3.-cena_Mat\u011bj-\u0160ebek-400x400.png\" alt=\"\" width=\"400\" height=\"400\" class=\"alignnone size-medium wp-image-61390\" srcset=\"https:\/\/www.praha7.cz\/wp-content\/uploads\/2022\/10\/3.-cena_Mat\u011bj-\u0160ebek-400x400.png 400w, https:\/\/www.praha7.cz\/wp-content\/uploads\/2022\/10\/3.-cena_Mat\u011bj-\u0160ebek-200x200.png 200w, https:\/\/www.praha7.cz\/wp-content\/uploads\/2022\/10\/3.-cena_Mat\u011bj-\u0160ebek-768x769.png 768w, https:\/\/www.praha7.cz\/wp-content\/uploads\/2022\/10\/3.-cena_Mat\u011bj-\u0160ebek.png 867w\" sizes=\"(max-width: 400px) 100vw, 400px\" \/><\/a><\/p>\r\n<p>&nbsp;<\/p>\r\n<p><strong>V\u0161echny sout\u011b\u017en\u00ed n\u00e1vrhy jsou zve\u0159ejn\u011bny na webu organiz\u00e1tora sout\u011b\u017ee:\u00a0<a href=\"https:\/\/cceamoba.cz\/souteze\/p7b\">https:\/\/cceamoba.cz\/souteze\/p7b<\/a><\/strong><\/p>\r\n<p><strong>Praha\u00a07 pro ve\u0159ejnost uspo\u0159\u00e1d\u00e1 ve druh\u00e9 polovin\u011b listopadu v\u00fdstavu v\u0161ech sout\u011b\u017en\u00edch n\u00e1vrh\u016f ve vestibulu\u00a0budovy radnice (U\u00a0Pr\u016fhonu 38).<\/strong><\/p>","protected":false},"excerpt":{"rendered":"[perex] Rada m\u011bstsk\u00e9 \u010d\u00e1sti Praha&nbsp;7 potvrdila rozhodnut\u00ed poroty a&nbsp;vyhl\u00e1sila v\u00edt\u011bze mezin\u00e1rodn\u00ed otev\u0159en\u00e9 architektonick\u00e9 sout\u011b\u017ee o&nbsp;n\u00e1vrh novostavby m\u011bstsk\u00e9ho bytov\u00e9ho domu, kter\u00e1 vznikne na rohu ulic \u017delezni\u010d\u00e1\u0159\u016f a&nbsp;Za Pap\u00edrnou. Prvn\u00ed cenu obdr\u017eelo studio Apropos Architects. [\/perex] \u201ePova\u017eujeme za zcela nezbytn\u00e9, aby m\u011bsto i&nbsp;m\u011bstsk\u00e9 \u010d\u00e1sti reagovaly na to, \u017ee se \u017eivotn\u00ed n\u00e1klady v\u0161ech Pra\u017ean\u016f v\u00fdrazn\u011b zvy\u0161uj\u00ed. Praha pot\u0159ebuje [&hellip;]","protected":false},"author":5,"featured_media":61384,"comment_status":"closed","ping_status":"open","sticky":false,"template":"","format":"standard","meta":[],"categories":[34,74],"tags":[],"_links":{"self":[{"href":"https:\/\/www.praha7.cz\/api\/wp\/v2\/posts\/61383"}],"collection":[{"href":"https:\/\/www.praha7.cz\/api\/wp\/v2\/posts"}],"about":[{"href":"https:\/\/www.praha7.cz\/api\/wp\/v2\/types\/post"}],"author":[{"embeddable":true,"href":"https:\/\/www.praha7.cz\/api\/wp\/v2\/users\/5"}],"replies":[{"embeddable":true,"href":"https:\/\/www.praha7.cz\/api\/wp\/v2\/comments?post=61383"}],"version-history":[{"count":3,"href":"https:\/\/www.praha7.cz\/api\/wp\/v2\/posts\/61383\/revisions"}],"predecessor-version":[{"id":62288,"href":"https:\/\/www.praha7.cz\/api\/wp\/v2\/posts\/61383\/revisions\/62288"}],"wp:featuredmedia":[{"embeddable":true,"href":"https:\/\/www.praha7.cz\/api\/wp\/v2\/media\/61384"}],"wp:attachment":[{"href":"https:\/\/www.praha7.cz\/api\/wp\/v2\/media?parent=61383"}],"wp:term":[{"taxonomy":"category","embeddable":true,"href":"https:\/\/www.praha7.cz\/api\/wp\/v2\/categories?post=61383"},{"taxonomy":"post_tag","embeddable":true,"href":"https:\/\/www.praha7.cz\/api\/wp\/v2\/tags?post=61383"}],"curies":[{"name":"wp","href":"https:\/\/api.w.org\/{rel}","templated":true}]}}