    
{"id":61346,"date":"2022-10-24T14:26:20","date_gmt":"2022-10-24T12:26:20","guid":{"rendered":"https:\/\/www.praha7.cz\/?p=61346"},"modified":"2022-10-24T14:26:20","modified_gmt":"2022-10-24T12:26:20","slug":"dusickova-oslava-romskeho-jazyka-2022","status":"publish","type":"post","link":"https:\/\/www.praha7.cz\/dusickova-oslava-romskeho-jazyka-2022\/","title":{"rendered":"Du\u0161i\u010dkov\u00e1 oslava romsk\u00e9ho jazyka 2022"},"content":{"rendered":"<p>[perex]<\/p>\r\n<p>Oslavte s&nbsp;n\u00e1mi ve \u010dtvrtek 3.&nbsp;listopadu 2022 od 16 hodin u&nbsp;Knihkopce (Tusarova 25a) Mezin\u00e1rodn\u00ed den romsk\u00e9ho jazyka. A&nbsp;proto\u017ee p\u0159ipad\u00e1 na t\u00fdden, ve kter\u00e9m si p\u0159ipom\u00edn\u00e1me sv\u00e9 zem\u0159el\u00e9, zam\u011b\u0159\u00edme se na t\u00e9ma uct\u011bn\u00ed p\u0159edk\u016f jako\u017eto d\u016fle\u017eit\u00fd rys nejen romsk\u00e9 kultury. Sv\u00e1tkem zem\u0159el\u00fdch se budeme zab\u00fdvat i&nbsp;z&nbsp;pohledu jin\u00fdch kultur, zejm\u00e9na t\u00e9 mexick\u00e9.<\/p>\r\n<p>[\/perex]<\/p>\r\n<p>Rom\u0161tina je starobyl\u00fd indick\u00fd jazyk, kter\u00fd se vlivem r\u016fzn\u00fdch asimila\u010dn\u00edch politik vytr\u00e1c\u00ed z&nbsp;b\u011b\u017en\u00e9ho u\u017e\u00edv\u00e1n\u00ed. P\u0159esto je to ale jazyk bohat\u00fd a&nbsp;kr\u00e1sn\u00fd a&nbsp;stoj\u00ed za to ho oslavovat. Romsk\u00e1 slovesnost b\u00fdvala tradi\u010dn\u011b or\u00e1ln\u00edho charakteru, v\u0161emi v\u00e1\u017een\u00ed vyprav\u011b\u010di vypr\u00e1v\u011bli poh\u00e1dky, hudebn\u00edci skl\u00e1dali a&nbsp;zp\u00edvali p\u00edsn\u011b. A&nbsp;i&nbsp;my si budeme vypr\u00e1v\u011bt a&nbsp;hr\u00e1t, mimo to ale budeme slavit i&nbsp;literaturu Rom\u016f, kter\u00e1 n\u00e1s obklopuje ji\u017e n\u011bkolik des\u00edtek let. Ud\u00e1lost po\u0159\u00e1d\u00e1me druh\u00fdm rokem a&nbsp;op\u011bt spole\u010dn\u011b se spolkem mexick\u00fdch um\u011blc\u016f, slavit tedy budeme sou\u010dasn\u011b i&nbsp;D\u00eda de muertos.<\/p>\r\n<h4>Program<\/h4>\r\n<p><strong>16.00 <\/strong>Zah\u00e1jen\u00ed akce<strong><br \/>\r\n16.05 <\/strong>Vystoupen\u00ed tane\u010dn\u00ed skupiny Jagori pod veden\u00edm Kristiny Gorolov\u00e9<strong><br \/>\r\n16.15 <\/strong>\u010cten\u00ed z&nbsp;knihy Den byl pro m\u011b kr\u00e1tkej \u2013 pam\u011bti hrd\u00e9 Romky od Olgy Fe\u010dov\u00e9 (Slovo 21)<strong><br \/>\r\n16.35 <\/strong>Vystoupen\u00ed romsk\u00e9 tane\u010dn\u00ed skupiny Terne \u010daja a&nbsp;Oksany Trofymenko (Cirkus\u00e1rna)<strong><br \/>\r\n16.45 <\/strong>Autorsk\u00e9 \u010dten\u00ed Ivety Kokyov\u00e9 (Kher)<strong><br \/>\r\n17.30 <\/strong>Storry telling v&nbsp;pod\u00e1n\u00ed Ilony Ferkov\u00e9 (Slovo 21)<strong><br \/>\r\n18.00 <\/strong>Vystoupen\u00ed d\u011bt\u00ed z&nbsp;krou\u017eku Cirkus\u00e1rna<strong><br \/>\r\n18.15 <\/strong>Cimb\u00e1lov\u00e1 kapela \u2013 Vojt\u011bch Lavi\u010dka (housle), Leon Boldi (cimb\u00e1l), Jind\u0159ich Fritsch (basa)<strong><br \/>\r\n19.45 <\/strong>Ohniv\u00e9 vystoupen\u00ed inspirovan\u00e9 Dia de muertos (Cirkus\u00e1rna)<strong><br \/>\r\n<\/strong><\/p>\r\n<p><em>Programem bude prov\u00e1zet Vojt\u011bch Lavi\u010dka<\/em><strong><br \/>\r\n<\/strong><\/p>\r\n<p><strong>Doprovodn\u00fd program: <\/strong><\/p>\r\n<ul>\r\n\t<li style=\"list-style-type: none;\">\r\n<ul style=\"list-style-type: disc;\">\r\n\t<li>st\u00e1nek s&nbsp;tradi\u010dn\u00edm romsk\u00fdm j\u00eddlem<\/li>\r\n\t<li>mexick\u00fd olt\u00e1\u0159<\/li>\r\n\t<li>st\u00e1nek Kheru<\/li>\r\n\t<li>\u0160\u010duka shop \u2013 d\u00e1rkov\u00e9 p\u0159edm\u011bty a&nbsp;dopl\u0148ky s&nbsp;romskou tematikou<\/li>\r\n<\/ul>\r\n<\/li>\r\n<\/ul>\r\n<p><strong>Akci organizuje \u00daM\u010c Praha&nbsp;7 v&nbsp;r\u00e1mci projektu Ter\u00e9nn\u00ed pr\u00e1ce s&nbsp;romskou komunitou na Praze 7, kter\u00fd je financov\u00e1n z&nbsp;prost\u0159edk\u016f \u00da\u0159adu vl\u00e1dy \u010cR.<br \/>\r\nVstup zdarma.<\/strong><\/p>\r\n<p>&nbsp;<\/p>\r\n<p><img loading=\"lazy\" src=\"https:\/\/www.praha7.cz\/wp-content\/uploads\/2022\/10\/MDRJ_fin21024_1-707x1000.jpg\" alt=\"\" width=\"640\" height=\"905\" class=\"alignnone size-large wp-image-61347\" srcset=\"https:\/\/www.praha7.cz\/wp-content\/uploads\/2022\/10\/MDRJ_fin21024_1-707x1000.jpg 707w, https:\/\/www.praha7.cz\/wp-content\/uploads\/2022\/10\/MDRJ_fin21024_1-283x400.jpg 283w, https:\/\/www.praha7.cz\/wp-content\/uploads\/2022\/10\/MDRJ_fin21024_1.jpg 724w\" sizes=\"(max-width: 640px) 100vw, 640px\" \/><\/p>","protected":false},"excerpt":{"rendered":"[perex] Oslavte s&nbsp;n\u00e1mi ve \u010dtvrtek 3.&nbsp;listopadu 2022 od 16 hodin u&nbsp;Knihkopce (Tusarova 25a) Mezin\u00e1rodn\u00ed den romsk\u00e9ho jazyka. A&nbsp;proto\u017ee p\u0159ipad\u00e1 na t\u00fdden, ve kter\u00e9m si p\u0159ipom\u00edn\u00e1me sv\u00e9 zem\u0159el\u00e9, zam\u011b\u0159\u00edme se na t\u00e9ma uct\u011bn\u00ed p\u0159edk\u016f jako\u017eto d\u016fle\u017eit\u00fd rys nejen romsk\u00e9 kultury. Sv\u00e1tkem zem\u0159el\u00fdch se budeme zab\u00fdvat i&nbsp;z&nbsp;pohledu jin\u00fdch kultur, zejm\u00e9na t\u00e9 mexick\u00e9. [\/perex] Rom\u0161tina je starobyl\u00fd indick\u00fd [&hellip;]","protected":false},"author":251,"featured_media":61348,"comment_status":"closed","ping_status":"open","sticky":false,"template":"","format":"standard","meta":[],"categories":[34],"tags":[],"_links":{"self":[{"href":"https:\/\/www.praha7.cz\/api\/wp\/v2\/posts\/61346"}],"collection":[{"href":"https:\/\/www.praha7.cz\/api\/wp\/v2\/posts"}],"about":[{"href":"https:\/\/www.praha7.cz\/api\/wp\/v2\/types\/post"}],"author":[{"embeddable":true,"href":"https:\/\/www.praha7.cz\/api\/wp\/v2\/users\/251"}],"replies":[{"embeddable":true,"href":"https:\/\/www.praha7.cz\/api\/wp\/v2\/comments?post=61346"}],"version-history":[{"count":3,"href":"https:\/\/www.praha7.cz\/api\/wp\/v2\/posts\/61346\/revisions"}],"predecessor-version":[{"id":61351,"href":"https:\/\/www.praha7.cz\/api\/wp\/v2\/posts\/61346\/revisions\/61351"}],"wp:featuredmedia":[{"embeddable":true,"href":"https:\/\/www.praha7.cz\/api\/wp\/v2\/media\/61348"}],"wp:attachment":[{"href":"https:\/\/www.praha7.cz\/api\/wp\/v2\/media?parent=61346"}],"wp:term":[{"taxonomy":"category","embeddable":true,"href":"https:\/\/www.praha7.cz\/api\/wp\/v2\/categories?post=61346"},{"taxonomy":"post_tag","embeddable":true,"href":"https:\/\/www.praha7.cz\/api\/wp\/v2\/tags?post=61346"}],"curies":[{"name":"wp","href":"https:\/\/api.w.org\/{rel}","templated":true}]}}