    
{"id":61054,"date":"2022-10-06T13:47:39","date_gmt":"2022-10-06T11:47:39","guid":{"rendered":"https:\/\/www.praha7.cz\/?p=61054"},"modified":"2022-10-26T13:43:09","modified_gmt":"2022-10-26T11:43:09","slug":"nova-cyklostezka-od-trojskeho-mostu-k-mostu-barikadniku","status":"publish","type":"post","link":"https:\/\/www.praha7.cz\/nova-cyklostezka-od-trojskeho-mostu-k-mostu-barikadniku\/","title":{"rendered":"Nov\u00e1 cyklostezka od Trojsk\u00e9ho mostu k&nbsp;mostu Barik\u00e1dn\u00edk\u016f"},"content":{"rendered":"<p>[perex]<\/p>\r\n<p>Technick\u00e1 spr\u00e1va komunikac\u00ed hl. m. Prahy (TSK) nyn\u00ed buduje cyklostezku A1 pod\u00e9l vltavsk\u00e9ho b\u0159ehu v&nbsp;\u00faseku Trojsk\u00fd most \u2013 most Barik\u00e1dn\u00edk\u016f.\u00a0Stavba je sou\u010d\u00e1st\u00ed budovan\u00e9 <a href=\"https:\/\/www.bikemap.net\/en\/r\/611517\/?utm_source=website&amp;utm_medium=route_widget&amp;utm_campaign=widget_route_title&amp;fbclid=IwAR3IW2wYdOgstwcbzjpxDunD6CCY52mRdqOryovK7iMbSaYnQ4ApYL7Vrgc#11.8\/50.11674\/14.43534\" target=\"_blank\" rel=\"noopener\">p\u00e1te\u0159n\u00ed cyklotrasy A1<\/a>, ukon\u010den\u00ed v\u00fdstavby je pl\u00e1nov\u00e1no na 30.&nbsp;\u0159\u00edjna 2022.\u00a0Cyklotrasa A1 postupn\u011b propojuje lev\u00fd b\u0159eh \u0159ek Berounky a&nbsp;Vltavy od Radot\u00edna a\u017e k&nbsp;p\u0159\u00edvozu v&nbsp;Sedlci.<\/p>\r\n<p>[\/perex]<\/p>\r\n<p>Na tuto \u010d\u00e1st nav\u00e1\u017ee cyklostezka v\u00a0\u00faseku od mostu Barik\u00e1dn\u00edk\u016f po ulici Varhul\u00edkov\u00e9, kter\u00e1 bude realizov\u00e1na v\u00a0roce 2023 s&nbsp;nov\u00fdm parkem U&nbsp;Vody.<\/p>\r\n<p>Cyklostezka proch\u00e1z\u00ed \u00fazem\u00edm developersk\u00e9ho projektu Port 7.\u00a0<\/p>\r\n<p><img loading=\"lazy\" src=\"https:\/\/www.praha7.cz\/wp-content\/uploads\/2022\/10\/cyklostezka_most_mapa-600x307.png\" alt=\"\" width=\"600\" height=\"307\" class=\"alignnone wp-image-61056 size-medium\" srcset=\"https:\/\/www.praha7.cz\/wp-content\/uploads\/2022\/10\/cyklostezka_most_mapa-600x307.png 600w, https:\/\/www.praha7.cz\/wp-content\/uploads\/2022\/10\/cyklostezka_most_mapa.png 610w\" sizes=\"(max-width: 600px) 100vw, 600px\" \/><\/p>\r\n<p><img loading=\"lazy\" src=\"https:\/\/www.praha7.cz\/wp-content\/uploads\/2022\/10\/stezka1-600x338.jpg\" alt=\"\" width=\"600\" height=\"338\" class=\"alignnone wp-image-61087 size-medium\" srcset=\"https:\/\/www.praha7.cz\/wp-content\/uploads\/2022\/10\/stezka1-600x338.jpg 600w, https:\/\/www.praha7.cz\/wp-content\/uploads\/2022\/10\/stezka1-768x432.jpg 768w, https:\/\/www.praha7.cz\/wp-content\/uploads\/2022\/10\/stezka1-1500x844.jpg 1500w, https:\/\/www.praha7.cz\/wp-content\/uploads\/2022\/10\/stezka1.jpg 1600w\" sizes=\"(max-width: 600px) 100vw, 600px\" \/><\/p>","protected":false},"excerpt":{"rendered":"[perex] Technick\u00e1 spr\u00e1va komunikac\u00ed hl. m. Prahy (TSK) nyn\u00ed buduje cyklostezku A1 pod\u00e9l vltavsk\u00e9ho b\u0159ehu v&nbsp;\u00faseku Trojsk\u00fd most \u2013 most Barik\u00e1dn\u00edk\u016f.\u00a0Stavba je sou\u010d\u00e1st\u00ed budovan\u00e9 p\u00e1te\u0159n\u00ed cyklotrasy A1, ukon\u010den\u00ed v\u00fdstavby je pl\u00e1nov\u00e1no na 30.&nbsp;\u0159\u00edjna 2022.\u00a0Cyklotrasa A1 postupn\u011b propojuje lev\u00fd b\u0159eh \u0159ek Berounky a&nbsp;Vltavy od Radot\u00edna a\u017e k&nbsp;p\u0159\u00edvozu v&nbsp;Sedlci. [\/perex] Na tuto \u010d\u00e1st nav\u00e1\u017ee cyklostezka v\u00a0\u00faseku od [&hellip;]","protected":false},"author":251,"featured_media":61086,"comment_status":"closed","ping_status":"open","sticky":false,"template":"","format":"standard","meta":[],"categories":[34],"tags":[],"_links":{"self":[{"href":"https:\/\/www.praha7.cz\/api\/wp\/v2\/posts\/61054"}],"collection":[{"href":"https:\/\/www.praha7.cz\/api\/wp\/v2\/posts"}],"about":[{"href":"https:\/\/www.praha7.cz\/api\/wp\/v2\/types\/post"}],"author":[{"embeddable":true,"href":"https:\/\/www.praha7.cz\/api\/wp\/v2\/users\/251"}],"replies":[{"embeddable":true,"href":"https:\/\/www.praha7.cz\/api\/wp\/v2\/comments?post=61054"}],"version-history":[{"count":8,"href":"https:\/\/www.praha7.cz\/api\/wp\/v2\/posts\/61054\/revisions"}],"predecessor-version":[{"id":61448,"href":"https:\/\/www.praha7.cz\/api\/wp\/v2\/posts\/61054\/revisions\/61448"}],"wp:featuredmedia":[{"embeddable":true,"href":"https:\/\/www.praha7.cz\/api\/wp\/v2\/media\/61086"}],"wp:attachment":[{"href":"https:\/\/www.praha7.cz\/api\/wp\/v2\/media?parent=61054"}],"wp:term":[{"taxonomy":"category","embeddable":true,"href":"https:\/\/www.praha7.cz\/api\/wp\/v2\/categories?post=61054"},{"taxonomy":"post_tag","embeddable":true,"href":"https:\/\/www.praha7.cz\/api\/wp\/v2\/tags?post=61054"}],"curies":[{"name":"wp","href":"https:\/\/api.w.org\/{rel}","templated":true}]}}