    
{"id":60997,"date":"2022-10-04T17:26:44","date_gmt":"2022-10-04T15:26:44","guid":{"rendered":"https:\/\/www.praha7.cz\/?p=60997"},"modified":"2022-10-04T17:26:44","modified_gmt":"2022-10-04T15:26:44","slug":"prvni-klimaticky-neutralni-prazska-ctvrt-bubny-zatory","status":"publish","type":"post","link":"https:\/\/www.praha7.cz\/prvni-klimaticky-neutralni-prazska-ctvrt-bubny-zatory\/","title":{"rendered":"Prvn\u00ed klimaticky neutr\u00e1ln\u00ed pra\u017esk\u00e1 \u010dtvr\u0165 Bubny-Z\u00e1tory"},"content":{"rendered":"<p>[perex]<\/p>\r\n<p>Radn\u00ed hlavn\u00edho m\u011bsta Prahy schv\u00e1lili studii, kter\u00e1 prov\u011b\u0159ila a&nbsp;navrhla, jak bude vypadat technick\u00e1 infrastruktura budouc\u00ed nov\u00e9 m\u011bstsk\u00e9 \u010dtvrti v\u00a0Bubnech-Z\u00e1tor\u00e1ch. V\u00edce ne\u017e stohektarov\u00e9 \u00fazem\u00ed je dnes jedn\u00edm z\u00a0nejv\u011bt\u0161\u00edch brownfield\u016f uvnit\u0159 m\u011bsta, kter\u00fd \u010dek\u00e1 rozs\u00e1hl\u00fd rozvoj. Pro tak velk\u00e9 a&nbsp;komplikovan\u00e9 \u00fazem\u00ed nechalo m\u011bsto zpracovat podrobn\u00fd pl\u00e1n um\u00edst\u011bn\u00ed z\u00e1sobovac\u00edch s\u00edt\u00ed. Sou\u010d\u00e1st\u00ed t\u00e9to studie je vyu\u017eit\u00ed tepla a&nbsp;chladu z\u00a0Energocentra pl\u00e1novan\u00e9ho u&nbsp;\u00dast\u0159edn\u00ed \u010dist\u00edrny odpadn\u00edch vod v&nbsp;Buben\u010di, kter\u00e9 bude vyr\u00e1b\u011bt teplo s\u00a0vyu\u017eit\u00edm odpadn\u00edch vod za pomoci vysokokapacitn\u00edch \u010derpadel. Praha tak m\u00e1 \u0161anci vytvo\u0159it prvn\u00ed klimaticky neutr\u00e1ln\u00ed m\u011bstskou \u010dtvr\u0165, kter\u00e1 nebude z\u00e1visl\u00e1 na plynu nebo uhl\u00ed.<\/p>\r\n<p>[\/perex]<\/p>\r\n<p><strong>Teplo z&nbsp;Buben\u010de<br \/>\r\n<\/strong><em>\u201eProjekt Energocentra se rod\u00ed zhruba dva roky. Vyu\u017e\u00edv\u00e1 teplo odpadn\u00edch vod, kter\u00e9 se \u010dist\u00ed na C\u00edsa\u0159sk\u00e9m ostrov\u011b. Ka\u017edou vte\u0159inu \u010dist\u00edrnu opou\u0161t\u00ed t\u0159i metry kubick\u00e9 vy\u010di\u0161t\u011bn\u00fdch odpadn\u00edch vod, kter\u00e9 maj\u00ed i&nbsp;v\u00a0nejchladn\u011bj\u0161\u00edch m\u011bs\u00edc\u00edch teplotu vy\u0161\u0161\u00ed ne\u017e 10 stup\u0148\u016f. M\u00e1me obrovskou p\u0159\u00edle\u017eitost\u00a0vyu\u017e\u00edt tuto vodu pro z\u00edsk\u00e1v\u00e1n\u00ed tepla a\u017e pro t\u0159etinu Prahy. Funguje to s\u00a0\u00fasp\u011bchem u\u017e des\u00edtky let v\u00a0D\u00e1nsku nebo ve \u0160v\u00e9dku a&nbsp;nen\u00ed d\u016fvod, aby tomu tak nebylo i&nbsp;u&nbsp;n\u00e1s. Spla\u0161ky jsou nav\u00edc jedin\u00e1 surovina, kter\u00e9 bude m\u00edt Praha v\u017edy dostatek,\u201c<\/em> \u0159\u00edk\u00e1 n\u00e1m\u011bstek pra\u017esk\u00e9ho prim\u00e1tora Petr Hlav\u00e1\u010dek. Energocentrum je jedn\u00edm ze z\u00e1m\u011br\u016f, na jejich\u017e konci by m\u011bla b\u00fdt Praha nez\u00e1visl\u00e1 na rusk\u00e9m plynu. V\u00a0budoucnu by mohlo b\u00fdt vyu\u017eito Energocentrum v&nbsp;Buben\u010di i&nbsp;pro topen\u00ed a&nbsp;chlazen\u00ed Vltavsk\u00e9 filharmonie, kter\u00e1 vyroste u&nbsp;\u0159eky v\u00a0bl\u00edzkosti stanice metra Vltavsk\u00e1.\u00a0<\/p>\r\n<p>Technick\u00e1 studie z\u00e1sobov\u00e1n\u00ed s\u00edt\u011bmi technick\u00e9 infrastruktury pro rozvojov\u00e9 \u00fazem\u00ed Bubny-Z\u00e1tory prov\u011b\u0159ila, navrhla a&nbsp;stabilizovala um\u00edst\u011bn\u00ed koridor\u016f, za\u0159\u00edzen\u00ed a&nbsp;objekt\u016f technick\u00e9 infrastruktury, a&nbsp;to p\u00e1te\u0159n\u00edho, ale i&nbsp;distribu\u010dn\u00edho a&nbsp;rozv\u00e1d\u011bc\u00edho charakteru. Jej\u00edm c\u00edlem bylo nal\u00e9zt bezkolizn\u00ed um\u00edst\u011bn\u00ed s\u00edt\u00ed v&nbsp;uli\u010dn\u00edm prostoru a&nbsp;zaji\u0161t\u011bn\u00ed dostate\u010dn\u00e9ho prostoru pro v\u00fdsadbov\u00e9 p\u00e1sy m\u011bstsk\u00e9 zelen\u011b. Sou\u010d\u00e1st\u00ed studie je i&nbsp;n\u00e1vrh etapizace budov\u00e1n\u00ed infrastruktury a&nbsp;odhad investi\u010dn\u00edch n\u00e1klad\u016f. Ty se pohybuj\u00ed kolem 2,3 mld. K\u010d pro cel\u00e9 \u00fazem\u00ed, p\u0159edpokl\u00e1d\u00e1 se v\u0161ak v\u00fdznamn\u00e1 spolu\u00fa\u010dast investor\u016f v\u00a0\u00fazem\u00ed.<\/p>\r\n<p><strong>Propojen\u00ed na centrum<br \/>\r\n<\/strong>Jedn\u00edm z&nbsp;kl\u00ed\u010dov\u00fdch t\u00e9mat studie je pr\u00e1v\u011b prov\u011b\u0159en\u00ed z\u00e1sobov\u00e1n\u00ed \u00fazem\u00ed Bubny-Z\u00e1tory teplem. Studie je zpracov\u00e1na ve dvou variant\u00e1ch. Prvn\u00ed po\u010d\u00edt\u00e1 s\u00a0vyu\u017eit\u00edm sou\u010dasn\u00e9ho konven\u010dn\u00edho z\u00e1soben\u00ed teplem z\u00a0centr\u00e1ln\u00edho syst\u00e9mu, druh\u00e1 pr\u00e1v\u011b s&nbsp;vyu\u017eit\u00edm zdroje tepla\/chladu z&nbsp;nov\u00e9ho Energocentra pobl\u00ed\u017e \u00fast\u0159edn\u00ed \u010dist\u00edrny. Studie prov\u011b\u0159ila mo\u017enost z\u00e1sobov\u00e1n\u00ed jednotliv\u00fdch blok\u016f teplem i&nbsp;chladem, a&nbsp;co je podstatn\u00e9 \u2013 prov\u011b\u0159ila tak\u00e9 mo\u017enost pr\u016fchodu p\u00e1te\u0159n\u00edho potrub\u00ed skrze \u00fazem\u00ed ke kolektoru Hl\u00e1vk\u016fv most tak, aby v&nbsp;budoucnu bylo mo\u017en\u00e9 p\u0159ipojit na Energocentrum i&nbsp;centr\u00e1ln\u00ed \u010d\u00e1st Prahy.<\/p>\r\n<p>Studii z\u00e1sobov\u00e1n\u00ed s\u00edt\u011bmi technick\u00e9 infrastruktury pro rozvojov\u00e9 \u00fazem\u00ed Bubny-Z\u00e1tory zajistil Institut pl\u00e1nov\u00e1n\u00ed a&nbsp;rozvoje hl. m. Prahy (IPR). Na z\u00e1klad\u011b ve\u0159ejn\u00e9 zak\u00e1zky ji zpracoval in\u017een\u00fdrsk\u00fd atelier PPU, spol. s&nbsp;r. o. Studie navazuje tak\u00e9 na z\u00e1v\u011bry \u00dazemn\u00ed studie Hole\u0161ovice \u2013 Bubny \u2013 Z\u00e1tory,\u00a0kterou zpracovali Pel\u010d\u00e1k a\u00a0partner architekti a\u00a0n\u011bmeck\u00e9 studio Thomas M\u00fcller Ivan Reimann Architekten GmbH. Tato studie se stala podkladem pro\u00a0zm\u011bnu \u00fazemn\u00edho pl\u00e1nu pro Bubny. Jeden z\u00a0nejv\u011bt\u0161\u00edch a\u00a0nejd\u016fle\u017eit\u011bj\u0161\u00edch pra\u017esk\u00fdch brownfield\u016f se stane domovem pro 25&nbsp;000 obyvatel v\u00a011&nbsp;000 bytech. Prvn\u00ed domy by zde mohly za\u010d\u00edt vznikat v\u00a0roce 2025, \u00fapln\u00e9 dokon\u010den\u00ed se p\u0159edpokl\u00e1d\u00e1 v\u00a0roce 2040.\u00a0<\/p>\r\n<p><em>\u201eBubny-Z\u00e1tory jsou nejv\u011bt\u0161\u00edm brownfieldem tak\u0159ka v\u00a0centru m\u011bsta, kter\u00fd do budoucna nab\u00eddne \u017eivou \u010dtvr\u0165 a\u017e pro 25\u00a0000 obyvatel. Jej\u00edm centrem bude chystan\u00e1 Vltavsk\u00e1 filharmonie. I&nbsp;proto je d\u016fle\u017eit\u00e9 zav\u010das p\u0159ipravit ve\u0161ker\u00e9 technick\u00e9 podm\u00ednky pro jej\u00ed spr\u00e1vn\u00fd rozvoj. Vyu\u017eit\u00ed odpadn\u00edch vod pro v\u00fdrobu tepla je jedn\u00edm za z\u00e1sadn\u00edch projekt\u016f, kter\u00e9 v\u00a0dne\u0161n\u00ed spole\u010densko-politick\u00e9 situaci rezonuj\u00ed je\u0161t\u011b siln\u011bji. V\u00a0Praze by tak vznikla sob\u011bsta\u010dn\u00e1 \u010dtvr\u0165, kter\u00e1 by byla klimaticky neutr\u00e1ln\u00ed,\u201c<\/em> dod\u00e1v\u00e1 Ond\u0159ej Boh\u00e1\u010d, \u0159editel IPR.<\/p>\r\n<p>Rada m\u011bsta prov\u011b\u0159ila Institut pl\u00e1nov\u00e1n\u00ed a&nbsp;rozvoje, aby koordinoval rozvoj technick\u00e9 infrastruktury v\u00a0Bubnech na z\u00e1klad\u011b t\u00e9to studie a&nbsp;spolupracoval s&nbsp;PREdistribuce, Pra\u017eskou vodohospod\u00e1\u0159skou spole\u010dnost\u00ed, Pra\u017esk\u00fdmi vodovody a&nbsp;kanalizacemi, Kolektory Praha, Pra\u017eskou tepl\u00e1renskou a&nbsp;Pra\u017eskou plyn\u00e1renskou.\u00a0<\/p>\r\n\r\n<figure id=\"attachment_60999\" aria-describedby=\"caption-attachment-60999\" style=\"width: 640px\" class=\"wp-caption alignnone\"><img loading=\"lazy\" src=\"https:\/\/www.praha7.cz\/wp-content\/uploads\/2022\/10\/Mapa-z\u00e1sobov\u00e1n\u00ed-Bubn\u016f-a-Vltavsk\u00e9-filharmonie-teplem-z-Energocentra-1500x1000.jpeg\" alt=\"\" width=\"640\" height=\"427\" class=\"wp-image-60999 size-large\" srcset=\"https:\/\/www.praha7.cz\/wp-content\/uploads\/2022\/10\/Mapa-z\u00e1sobov\u00e1n\u00ed-Bubn\u016f-a-Vltavsk\u00e9-filharmonie-teplem-z-Energocentra-1500x1000.jpeg 1500w, https:\/\/www.praha7.cz\/wp-content\/uploads\/2022\/10\/Mapa-z\u00e1sobov\u00e1n\u00ed-Bubn\u016f-a-Vltavsk\u00e9-filharmonie-teplem-z-Energocentra-600x400.jpeg 600w, https:\/\/www.praha7.cz\/wp-content\/uploads\/2022\/10\/Mapa-z\u00e1sobov\u00e1n\u00ed-Bubn\u016f-a-Vltavsk\u00e9-filharmonie-teplem-z-Energocentra-768x512.jpeg 768w, https:\/\/www.praha7.cz\/wp-content\/uploads\/2022\/10\/Mapa-z\u00e1sobov\u00e1n\u00ed-Bubn\u016f-a-Vltavsk\u00e9-filharmonie-teplem-z-Energocentra.jpeg 1600w\" sizes=\"(max-width: 640px) 100vw, 640px\" \/><figcaption id=\"caption-attachment-60999\" class=\"wp-caption-text\">Mapa z\u00e1sobov\u00e1n\u00ed teplem z\u00a0Energocentra v\u00a0Buben\u010di<\/figcaption><\/figure> <figure id=\"attachment_60998\" aria-describedby=\"caption-attachment-60998\" style=\"width: 640px\" class=\"wp-caption alignnone\"><img loading=\"lazy\" src=\"https:\/\/www.praha7.cz\/wp-content\/uploads\/2022\/10\/Vizualizace-Energocentrum-no\u010dn\u00ed-1333x1000.jpeg\" alt=\"\" width=\"640\" height=\"480\" class=\"wp-image-60998 size-large\" srcset=\"https:\/\/www.praha7.cz\/wp-content\/uploads\/2022\/10\/Vizualizace-Energocentrum-no\u010dn\u00ed-1333x1000.jpeg 1333w, https:\/\/www.praha7.cz\/wp-content\/uploads\/2022\/10\/Vizualizace-Energocentrum-no\u010dn\u00ed-533x400.jpeg 533w, https:\/\/www.praha7.cz\/wp-content\/uploads\/2022\/10\/Vizualizace-Energocentrum-no\u010dn\u00ed-768x576.jpeg 768w, https:\/\/www.praha7.cz\/wp-content\/uploads\/2022\/10\/Vizualizace-Energocentrum-no\u010dn\u00ed.jpeg 1600w\" sizes=\"(max-width: 640px) 100vw, 640px\" \/><figcaption id=\"caption-attachment-60998\" class=\"wp-caption-text\">Vizualizace Energocentra\u00a0<\/figcaption><\/figure>\r\n\r\n<p>&nbsp;<\/p>\r\n<p>&nbsp;<\/p>\r\n<p>&nbsp;<\/p>","protected":false},"excerpt":{"rendered":"[perex] Radn\u00ed hlavn\u00edho m\u011bsta Prahy schv\u00e1lili studii, kter\u00e1 prov\u011b\u0159ila a&nbsp;navrhla, jak bude vypadat technick\u00e1 infrastruktura budouc\u00ed nov\u00e9 m\u011bstsk\u00e9 \u010dtvrti v\u00a0Bubnech-Z\u00e1tor\u00e1ch. V\u00edce ne\u017e stohektarov\u00e9 \u00fazem\u00ed je dnes jedn\u00edm z\u00a0nejv\u011bt\u0161\u00edch brownfield\u016f uvnit\u0159 m\u011bsta, kter\u00fd \u010dek\u00e1 rozs\u00e1hl\u00fd rozvoj. Pro tak velk\u00e9 a&nbsp;komplikovan\u00e9 \u00fazem\u00ed nechalo m\u011bsto zpracovat podrobn\u00fd pl\u00e1n um\u00edst\u011bn\u00ed z\u00e1sobovac\u00edch s\u00edt\u00ed. Sou\u010d\u00e1st\u00ed t\u00e9to studie je vyu\u017eit\u00ed tepla a&nbsp;chladu [&hellip;]","protected":false},"author":251,"featured_media":61000,"comment_status":"closed","ping_status":"open","sticky":false,"template":"","format":"standard","meta":[],"categories":[34],"tags":[],"_links":{"self":[{"href":"https:\/\/www.praha7.cz\/api\/wp\/v2\/posts\/60997"}],"collection":[{"href":"https:\/\/www.praha7.cz\/api\/wp\/v2\/posts"}],"about":[{"href":"https:\/\/www.praha7.cz\/api\/wp\/v2\/types\/post"}],"author":[{"embeddable":true,"href":"https:\/\/www.praha7.cz\/api\/wp\/v2\/users\/251"}],"replies":[{"embeddable":true,"href":"https:\/\/www.praha7.cz\/api\/wp\/v2\/comments?post=60997"}],"version-history":[{"count":2,"href":"https:\/\/www.praha7.cz\/api\/wp\/v2\/posts\/60997\/revisions"}],"predecessor-version":[{"id":61002,"href":"https:\/\/www.praha7.cz\/api\/wp\/v2\/posts\/60997\/revisions\/61002"}],"wp:featuredmedia":[{"embeddable":true,"href":"https:\/\/www.praha7.cz\/api\/wp\/v2\/media\/61000"}],"wp:attachment":[{"href":"https:\/\/www.praha7.cz\/api\/wp\/v2\/media?parent=60997"}],"wp:term":[{"taxonomy":"category","embeddable":true,"href":"https:\/\/www.praha7.cz\/api\/wp\/v2\/categories?post=60997"},{"taxonomy":"post_tag","embeddable":true,"href":"https:\/\/www.praha7.cz\/api\/wp\/v2\/tags?post=60997"}],"curies":[{"name":"wp","href":"https:\/\/api.w.org\/{rel}","templated":true}]}}