    
{"id":60868,"date":"2022-09-29T13:36:11","date_gmt":"2022-09-29T11:36:11","guid":{"rendered":"https:\/\/www.praha7.cz\/?p=60868"},"modified":"2022-09-29T13:36:20","modified_gmt":"2022-09-29T11:36:20","slug":"stodvacate-narozeniny-skoly-u-studanky","status":"publish","type":"post","link":"https:\/\/www.praha7.cz\/stodvacate-narozeniny-skoly-u-studanky\/","title":{"rendered":"Stodvac\u00e1t\u00e9 narozeniny \u0161koly U\u00a0Stud\u00e1nky"},"content":{"rendered":"<p>[perex]<\/p>\r\n<p>Ruku v\u00a0ruce s\u00a0p\u0159ekotn\u00fdm rozvojem Prahy&nbsp;7 na p\u0159elomu 19.&nbsp;a\u00a020.&nbsp;stolet\u00ed \u0161lo roz\u0161i\u0159ov\u00e1n\u00ed zdej\u0161\u00edch \u0161kol. D\u00e1 se \u0159\u00edct, \u017ee v\u0161echny \u0161koly, kter\u00e9 dnes ozna\u010dujeme jako z\u00e1kladn\u00ed, s\u00a0jedinou v\u00fdjimkou (Z\u0160 TGM na Ortenov\u011b n\u00e1m\u011bst\u00ed) vyrostly v\u00a0Hole\u0161ovic\u00edch, na Letn\u00e9 a\u00a0v\u00a0Buben\u010di b\u011bhem dvou dek\u00e1d, konkr\u00e9tn\u011b v\u00a0letech 1884\u20131906. Patrn\u011b nejkr\u00e1sn\u011bj\u0161\u00ed z\u00a0nich\u00a0\u2013 Z\u00e1kladn\u00ed \u0161kola Um\u011bleck\u00e1\u00a0\u2013 oslav\u00ed tento m\u011bs\u00edc kulat\u00e9 narozeniny, ub\u011bhne toti\u017e u\u017e cel\u00fdch 120 let od jej\u00edho otev\u0159en\u00ed.<\/p>\r\n<p>[\/perex]<br \/>\r\n<br \/>\r\nDynamika, se kterou vyrostla na\u0161e \u010dtvr\u0165, je skute\u010dn\u011b udivuj\u00edc\u00ed. Zat\u00edmco v\u00a0roce 1880 m\u011bly Hole\u0161ovice-Bubny 10&nbsp;800 obyvatel a\u00a0ve \u010dtvrti fungovaly jen dv\u011b mal\u00e9 st\u0159edov\u011bk\u00e9 \u0161koly, o\u00a0t\u0159icet let pozd\u011bji u\u017e zde \u017eily v\u00edce ne\u017e \u010dty\u0159i des\u00edtky tis\u00edc lid\u00ed. A\u00a0pr\u00e1v\u011b kv\u016fli n\u00e1r\u016fstu po\u010dtu obyvatel, z\u00a0v\u011bt\u0161\u00ed \u010d\u00e1sti d\u011blnictva (zejm\u00e9na v\u00a0Hole\u0161ovic\u00edch), bylo t\u0159eba razantn\u011b nav\u00fd\u0161it kapacitu zdej\u0161\u00edch \u0161kol. Postupn\u011b tak byly vybudov\u00e1ny obecn\u00e9 a\u00a0m\u011b\u0161\u0165ansk\u00e9 \u0161koly v\u00a0Jablonsk\u00e9ho ulici, ve Vina\u0159sk\u00e9 (dnes Franti\u0161ka K\u0159\u00ed\u017eka), v\u00a0Letohradsk\u00e9, Korunova\u010dn\u00ed a\u00a0na Manin\u00e1ch (v\u00a0Tusarov\u011b). V\u00a0dob\u011b, kdy se za\u010dala pl\u00e1novat v\u00fdstavba \u0161koly U\u00a0Stud\u00e1nky, chodily d\u011bti z\u00a0Prahy&nbsp;7 u\u017e do devades\u00e1ti t\u0159\u00edd. I\u00a0tak ale bylo t\u0159eba po\u010det \u0161kol roz\u0161i\u0159ovat.<\/p>\r\n<p>Na sch\u016fzi pra\u017esk\u00e9 m\u011bstsk\u00e9 rady na po\u010d\u00e1tku b\u0159ezna\u00a01901 tak padlo rozhodnut\u00ed, \u017ee na malebn\u00e9m prostranstv\u00ed nad Stromovkou na m\u00edst\u011b tehdej\u0161\u00edho m\u011bstsk\u00e9ho sadu, kde se \u0159\u00edkalo\u00a0U\u00a0Stud\u00e1nky, vznikne obecn\u00e1 a\u00a0m\u011b\u0161\u0165ansk\u00e1 \u0161kola. Pod jednou st\u0159echou se tu m\u011bli u\u010dit d\u00edvky i\u00a0chlapci. Rychlost, s\u00a0jakou prob\u00edhala p\u0159\u00edprava podobn\u00fdch staveb, se tu s\u00a0dne\u0161kem v\u016fbec ned\u00e1 srovn\u00e1vat. V\u00a0prvn\u00ed \u0159ad\u011b se tehdy nekonala \u017e\u00e1dn\u00e1 architektonick\u00e1 sout\u011b\u017e, jak ji zn\u00e1me dnes. Vypracov\u00e1n\u00edm n\u00e1vrhu \u0161koln\u00ed budovy byl pov\u011b\u0159en nap\u0159\u00edmo \u0159editel technick\u00e9 kancel\u00e1\u0159e pra\u017esk\u00e9ho magistr\u00e1tu (tedy zam\u011bstnanec m\u011bsta) Ing. arch. Josef Zlatn\u00edk (1870\u20131939). Na z\u00e1klad\u011b sv\u00fdch d\u0159\u00edv\u011bj\u0161\u00edch n\u00e1\u010drtk\u016f tak Zlatn\u00edk p\u0159ipravil definitivn\u00ed pl\u00e1ny a\u00a0sestavil rozpo\u010det, kter\u00fd \u010dinil 480&nbsp;000 zlat\u00fdch. Pozd\u011bji tato \u010d\u00e1stka vzrostla je\u0161t\u011b o\u00a0dal\u0161\u00edch 30&nbsp;000 na v\u00fdstavbu \u0161koln\u00ed kaple. Cel\u00fd objekt byl rozd\u011blen na dv\u011b \u010d\u00e1sti\u00a0\u2013 tehdej\u0161\u00ed \u0161koly toti\u017e fungovaly odd\u011blen\u011b, zvl\u00e1\u0161\u0165 pro d\u00edvky a\u00a0hochy. Chlapeck\u00e9 odd\u011blen\u00ed bylo um\u00edst\u011bno v\u00a0prav\u00e9 \u010d\u00e1sti budovy, d\u00edvky pak m\u011bly vyhrazenu levou \u010d\u00e1st komplexu. Po\u010d\u00edtalo se\u00a0s\u00a0t\u00edm, \u017ee do \u0161koly bude doch\u00e1zet a\u017e 2300 \u017e\u00e1k\u016f a\u00a0\u017e\u00e1ky\u0148.<\/p>\r\n<p><strong>Hotovo za 15 m\u011bs\u00edc\u016f<\/strong><br \/>\r\nNa sv\u00e9m zased\u00e1n\u00ed 17.\u00a0kv\u011btna\u00a01901 schv\u00e1lila m\u011bstsk\u00e1 rada na z\u00e1klad\u011b v\u00fdsledk\u016f ofertn\u00edho (v\u00fdb\u011brov\u00e9ho) \u0159\u00edzen\u00ed hlavn\u00ed dodavatele stavby\u00a0\u2013 zednick\u00e9 pr\u00e1ce m\u011bla prov\u00e9st firma Emanuela Dvo\u0159\u00e1ka, kamenick\u00e9 pr\u00e1ce p\u0159ipadly firm\u011b Ludv\u00edka \u0160aldy, ve\u0161ker\u00e1 tesa\u0159ina pak z\u016fstala \u201edoma\u201c\u00a0\u2013 zak\u00e1zku z\u00edskal mistr tesa\u0159sk\u00fd V\u00e1clav Hrab\u011b z\u00a0Hole\u0161ovic. Stavba zapo\u010dala tak\u0159ka neprodlen\u011b\u00a0\u2013 23.\u00a0kv\u011btna se za\u010dalo s\u00a0kop\u00e1n\u00edm z\u00e1klad\u016f, kter\u00e9 byly na n\u011bkter\u00fdch m\u00edstech hlubok\u00e9 a\u017e osm metr\u016f. U\u017e koncem z\u00e1\u0159\u00ed byla hotov\u00e1 hrub\u00e1 stavba. Po zimn\u00ed pauze se pr\u00e1ce op\u011bt rozb\u011bhly v\u00a0dubnu 1902, kdy se za\u010dalo s\u00a0prov\u00e1d\u011bn\u00edm fas\u00e1d ve stylu, kter\u00fd sou\u010dasn\u00edci ozna\u010dili jako \u201e\u010deskou renesanci\u201c, a\u00a0vnit\u0159n\u00edch a\u00a0vn\u011bj\u0161\u00edch om\u00edtek.<\/p>\r\n<p>Rozs\u00e1hl\u00fd komplex \u0161koly byl stavebn\u00edky dokon\u010den a\u00a0p\u0159ed\u00e1n u\u017e na konci srpna\u00a01902.&nbsp;\u00dactyhodn\u00e9, vezmeme-li\u00a0v\u00a0potaz, \u017ee od prvn\u00edho kopnut\u00ed do zem\u011b uplynulo pouh\u00fdch 15 m\u011bs\u00edc\u016f.<\/p>\r\n<p>Obdiv vzbuzovala i\u00a0v\u00fdzdoba \u0161koly\u00a0\u2013 nad hlavn\u00edm vchodem se objevily na sedmi lunet\u00e1ch portr\u00e9ty \u010desk\u00fdch patron\u016f\u00a0\u2013 uprost\u0159ed sv. V\u00e1clav se svatou Ludmilou a\u00a0(tehdy) blahoslavenou Ane\u017ekou, na kraj\u00edch pak Prokop, Cyril, Metod\u011bj a\u00a0svat\u00fd Vojt\u011bch. Autorem fresek je akademick\u00fd mal\u00ed\u0159 V\u00e1clav Barton\u011bk (1859\u20131908). Mezi vchody byla do veduty zasazena busta \u201eu\u010ditele n\u00e1rod\u016f\u201c Jana Amose Komensk\u00e9ho.<\/p>\r\n<p>Nem\u00e9n\u011b zaj\u00edmav\u00fd byl i\u00a0interi\u00e9r a\u00a0vybaven\u00ed budovy. V\u00a0p\u0159\u00edzem\u00ed se nach\u00e1zely nejni\u017e\u0161\u00ed t\u0159\u00eddy spole\u010dn\u011b s\u00a0j\u00eddelnami a\u00a0byty \u0161koln\u00edk\u016f, v\u00a0suter\u00e9nu pak tehdy velice modern\u00ed kotelna osazen\u00e1 t\u0159emi kotly o\u00a0v\u00fdh\u0159evn\u00e9 plo\u0161e 70 m2, kter\u00e9 parou vyt\u00e1p\u011bly cel\u00fd objekt. Tato investice si vy\u017e\u00e1dala dodate\u010dn\u00fd n\u00e1klad ve v\u00fd\u0161i 100&nbsp;000 zlat\u00fdch. Nad kotelnou byla um\u00edst\u011bna zimn\u00ed a\u00a0letn\u00ed t\u011blocvi\u010dna. V\u00a0prvn\u00edm a\u00a0druh\u00e9m poschod\u00ed le\u017e\u00ed t\u0159\u00eddy obecn\u00e9 a\u00a0m\u011b\u0161\u0165ansk\u00e9 \u0161koly, cel\u00e9 t\u0159et\u00ed poschod\u00ed bylo provizorn\u011b vyhrazeno pro prostory re\u00e1lky. Tato st\u0159edn\u00ed \u0161kola se do\u010dkala sv\u00fdch vlastn\u00edch prostor v\u00a0roce 1907, kdy byla otev\u0159ena jej\u00ed budova na Strossmayerov\u011b n\u00e1m\u011bst\u00ed (dnes zde s\u00eddl\u00ed z\u00e1kladn\u00ed \u0161kola).<br \/>\r\n<br \/>\r\n<\/p>\r\n<p><a href=\"https:\/\/www.praha7.cz\/stodvacate-narozeniny-skoly-u-studanky\/03-dodani-nabtyku-vyhlaska-skola-u-studanky-unor-1902\/\" rel=\"attachment wp-att-60872\"><img loading=\"lazy\" src=\"https:\/\/www.praha7.cz\/wp-content\/uploads\/2022\/09\/03-doda\u0301ni\u0301-na\u0301btyku-vyhla\u0301s\u030cka-s\u030ckola-u-studa\u0301nky-u\u0301nor-1902-594x1000.jpg\" alt=\"\" width=\"594\" height=\"1000\" class=\"alignnone wp-image-60872 size-large\" srcset=\"https:\/\/www.praha7.cz\/wp-content\/uploads\/2022\/09\/03-doda\u0301ni\u0301-na\u0301btyku-vyhla\u0301s\u030cka-s\u030ckola-u-studa\u0301nky-u\u0301nor-1902-594x1000.jpg 594w, https:\/\/www.praha7.cz\/wp-content\/uploads\/2022\/09\/03-doda\u0301ni\u0301-na\u0301btyku-vyhla\u0301s\u030cka-s\u030ckola-u-studa\u0301nky-u\u0301nor-1902-238x400.jpg 238w, https:\/\/www.praha7.cz\/wp-content\/uploads\/2022\/09\/03-doda\u0301ni\u0301-na\u0301btyku-vyhla\u0301s\u030cka-s\u030ckola-u-studa\u0301nky-u\u0301nor-1902-768x1292.jpg 768w, https:\/\/www.praha7.cz\/wp-content\/uploads\/2022\/09\/03-doda\u0301ni\u0301-na\u0301btyku-vyhla\u0301s\u030cka-s\u030ckola-u-studa\u0301nky-u\u0301nor-1902.jpg 883w\" sizes=\"(max-width: 594px) 100vw, 594px\" \/><\/a><br \/>\r\n<em>Inzer\u00e1t oznamuj\u00edc\u00ed v\u00fdb\u011brov\u00e9 \u0159\u00edzen\u00ed na dodavatele n\u00e1bytku do nov\u00e9 \u0161koly<\/em><br \/>\r\n<br \/>\r\n<br \/>\r\n<\/p>\r\n<p><strong>\u0160koln\u00ed svatyn\u011b<\/strong><br \/>\r\nV\u00a0dob\u011b otev\u0159en\u00ed byla \u0161kola U\u00a0Stud\u00e1nky bezesporu nejmodern\u011bj\u0161\u00edm \u201e\u00fastavem\u201c sv\u00e9ho druhu v\u00a0Praze. Report\u00e1\u017e p\u0159i otev\u0159en\u00ed \u0161koly, kterou p\u0159inesl dobov\u00fd tisk, krom\u011b syst\u00e9mu \u00fast\u0159edn\u00edho vyt\u00e1p\u011bn\u00ed kladn\u011b hodnotila i\u00a0\u0161atny a\u00a0sprchy p\u0159ed ob\u011bma t\u011blocvi\u010dnami. Novinkou byly tehdy i\u00a0v\u011b\u0161\u00e1ky p\u0159ed ka\u017edou t\u0159\u00eddou, kam si \u017e\u00e1ci odkl\u00e1dali sv\u00e9 svr\u0161ky, co\u017e sn\u00ed\u017eilo vlhkost a\u00a0zlep\u0161ilo ovzdu\u0161\u00ed ve t\u0159\u00edd\u00e1ch. O\u00a0t\u0159\u00edd\u00e1ch\u00a0a\u00a0dal\u0161\u00edch vnit\u0159n\u00edch prostor\u00e1ch se ve zm\u00edn\u011bn\u00e9 report\u00e1\u017ei prav\u00ed: \u201eNahl\u00e9dn\u011bme letmo do t\u0159\u00eddy n\u011bkter\u00e9! Prostornost, vzdu\u0161nost a\u00a0ide\u00e1ln\u00ed jas dru\u017e\u00ed se tu v\u00a0mil\u00e9 harmonii s\u00a0\u010distotou a\u00a0vkusn\u00fdm upraven\u00edm. V\u00a0pod\u00e9ln\u00e9m v\u00fd\u0159ezu v\u0161ech dve\u0159\u00ed zapu\u0161t\u011bn jest teplom\u011br, slou\u017e\u00edc\u00ed jak u\u010diteli ve t\u0159\u00edd\u011b, tak i\u00a0topi\u010di na chodb\u011b k\u00a0sou\u010dasn\u00e9 kontrole. Vyt\u00e1p\u011bj\u00ed se toti\u017e z\u00e1rove\u0148 i\u00a0chodby a\u00a0z\u00e1chody, tak\u017ee v\u0161ude panuje stejn\u00e1 temperatura, \u010din\u00edc ka\u017ed\u00e9 nastuzen\u00ed p\u0159i p\u0159ech\u00e1zen\u00ed nemo\u017en\u00fdm. Zvl\u00e1\u0161\u0165\u00a0s\u00a0elegantn\u00edm komfortem jest vypravena \u0159editelna, je\u017e, soused\u00edc s\u00a0prostornou sborovnou, nach\u00e1z\u00ed se v\u00a0prv\u00e9m poschod\u00ed proti schodi\u0161ti. Zdob\u00ed je mezi jin\u00fdm nesmrteln\u00e9 d\u00edlo slavn\u00e9ho Myslbeka\u00a0\u2013 jeho uchvacuj\u00edc\u00ed Krucifix.\u201c<\/p>\r\n<p>O\u00a0tom, jak silnou pozici m\u011bla katolick\u00e1 c\u00edrkev v\u00a0r\u00e1mci \u0161kolstv\u00ed je\u0161t\u011b na po\u010d\u00e1tku minul\u00e9ho stolet\u00ed, sv\u011bd\u010d\u00ed fakt, \u017ee nejreprezentativn\u011bj\u0161\u00ed sou\u010d\u00e1st\u00ed \u0161koly byla kaple. Cel\u00e1 \u0161koln\u00ed budova byla koncipov\u00e1na na p\u016fdorysu p\u00edsmene T, p\u0159i\u010dem\u017e \u010d\u00e1st v\u00a0pr\u016f\u010del\u00ed m\u011bla t\u0159i patra a\u00a0st\u0159edn\u00ed \u010d\u00e1st s\u00a0kapl\u00ed jen patra dv\u011b, a\u00a0proto bylo mo\u017en\u00e9 se pr\u00e1v\u011b p\u0159i navrhov\u00e1n\u00ed kaple po\u0159\u00e1dn\u011b \u201erozm\u00e1chnout\u201c. Svatyn\u011b o\u00a0podlahov\u00e9 plo\u0161e t\u00e9m\u011b\u0159 400 m2\u00a0vynikala svou vzdu\u0161nost\u00ed, kterou nav\u00edc umoc\u0148oval vhodn\u011b zakomponovan\u00fd strop, kter\u00fd je vlastn\u011b sou\u010d\u00e1st\u00ed krovu. Kaple byla navr\u017eena na kapacitu 1250 d\u011bt\u00ed.<\/p>\r\n<p>Olt\u00e1\u0159n\u00ed obraz zpodob\u0148uje v\u00fdjev\u00a0z\u00a0\u00fasvitu \u010desk\u00fdch d\u011bjin\u00a0\u2013 sv. V\u00e1clav kle\u010d\u00ed na \u00fapat\u00ed pam\u00e1tn\u00e9 hory \u0158\u00edp a\u00a0oroduje za \u010desk\u00fd n\u00e1rod. V\u0161e dopl\u0148uje n\u00e1pis \u201eBohu, vlasti, n\u00e1rodu\u201c. I\u00a0tento obraz vytvo\u0159il mal\u00ed\u0159 Karel Barton\u011bk, vymalov\u00e1n\u00ed st\u011bn provedl dekorativn\u00ed mal\u00ed\u0159 J. Hlav\u00e1\u010dek. Nad vchodem je kruchta, na kter\u00e9 firma Rejna a\u00a0\u010cern\u00fd postavila desetirejst\u0159\u00edkov\u00e9 varhany v\u00a0cen\u011b 2800 tehdej\u0161\u00edch korun.<br \/>\r\n<br \/>\r\n<br \/>\r\n<\/p>\r\n<p><a href=\"https:\/\/www.praha7.cz\/stodvacate-narozeniny-skoly-u-studanky\/02-jindrich-rais-ucitel-u-studanky-praha-7-foto-16-r\/\" rel=\"attachment wp-att-60874\"><img loading=\"lazy\" src=\"https:\/\/www.praha7.cz\/wp-content\/uploads\/2022\/09\/02-Jindr\u030cich-Rais-uc\u030citel-U-Studa\u0301nky-Praha-7-foto-16-R-326x400.jpg\" alt=\"\" width=\"326\" height=\"400\" class=\"alignnone wp-image-60874 size-medium\" srcset=\"https:\/\/www.praha7.cz\/wp-content\/uploads\/2022\/09\/02-Jindr\u030cich-Rais-uc\u030citel-U-Studa\u0301nky-Praha-7-foto-16-R-326x400.jpg 326w, https:\/\/www.praha7.cz\/wp-content\/uploads\/2022\/09\/02-Jindr\u030cich-Rais-uc\u030citel-U-Studa\u0301nky-Praha-7-foto-16-R-768x943.jpg 768w, https:\/\/www.praha7.cz\/wp-content\/uploads\/2022\/09\/02-Jindr\u030cich-Rais-uc\u030citel-U-Studa\u0301nky-Praha-7-foto-16-R-814x1000.jpg 814w, https:\/\/www.praha7.cz\/wp-content\/uploads\/2022\/09\/02-Jindr\u030cich-Rais-uc\u030citel-U-Studa\u0301nky-Praha-7-foto-16-R.jpg 904w\" sizes=\"(max-width: 326px) 100vw, 326px\" \/><\/a><br \/>\r\n<em>Prvn\u00ed \u0159editel d\u00edv\u010d\u00ed \u010d\u00e1sti \u0161koly Jind\u0159ich Rais (1863\u20131916), bratr zn\u00e1m\u00e9ho spisovatele Karla V\u00e1clava Raise (1859\u20131926)<\/em><br \/>\r\n<br \/>\r\n<br \/>\r\n<\/p>\r\n<p><strong>\u010casy se m\u011bn\u00ed<br \/>\r\n<\/strong>Slavnostn\u00ed a\u00a0ofici\u00e1ln\u00ed otev\u0159en\u00ed \u0161koly bylo napl\u00e1nov\u00e1no na ned\u011bli 19.\u00a0\u0159\u00edjna\u00a01902. Jak\u00fdmsi zlat\u00fdm h\u0159ebem cel\u00e9 akce m\u011blo b\u00fdt vysv\u011bcen\u00ed \u0161koln\u00ed kaple. Otev\u0159en\u00ed \u0161koly se z\u00fa\u010dastnila cel\u00e1 \u0159ada v\u00fdznamn\u00fdch osobnost\u00ed tehdej\u0161\u00ed pra\u017esk\u00e9 komun\u00e1ln\u00ed politiky, v\u00a0prvn\u00ed \u0159ad\u011b starosta Prahy JUDr. Vladim\u00edr Srb (1856\u20131916), \u010dlenov\u00e9 zastupitelstva hlavn\u00edho m\u011bsta, d\u00e1le p\u0159edstavitel\u00e9 pra\u017esk\u00e9 \u0161koln\u00ed rady, \u0159editel\u00e9 obou zde s\u00eddl\u00edc\u00edch \u0161kol nebo architekt budovy Josef Zlatn\u00edk. Hlavn\u00ed \u00faloha\u00a0\u2013 vysv\u011bcen\u00ed \u0161koln\u00ed svatyn\u011b\u00a0\u2013 byla sv\u011b\u0159ena pra\u017esk\u00e9mu sv\u011bt\u00edc\u00edmu biskupu ThDr. Franti\u0161ku Kr\u00e1slovi.<\/p>\r\n<p>Cel\u00e1 slavnost zapo\u010dala v\u00a09 hodin r\u00e1no vysv\u011bcen\u00edm p\u0159ilehl\u00e9 budovy mate\u0159sk\u00e9 \u0161koly a\u00a0d\u011btsk\u00e9 opatrovny, pot\u00e9 se slavnostn\u00ed pr\u016fvod odebral ke vchodu do \u0161koly, kter\u00fd biskup vykropil. Z\u00fa\u010dastn\u011bn\u00ed pak se\u0161li do kresl\u00edrny (nach\u00e1zela se pod kapl\u00ed), kde biskup posv\u011btil t\u0159icet k\u0159\u00ed\u017e\u016f snesen\u00fdch ze v\u0161ech \u0161koln\u00edch t\u0159\u00edd. N\u00e1sledovala slavnostn\u00ed m\u0161e ve \u0161koln\u00ed kapli, kterou doprov\u00e1zely \u010dlenky p\u011bveck\u00e9ho sdru\u017een\u00ed Ludi\u0161e. Z\u00e1v\u011br m\u0161e pat\u0159il v\u00fdstupu \u010dlenky opery N\u00e1rodn\u00edho divadla sle\u010dny Kub\u00e1tov\u00e9, je\u017e zap\u011bla s\u00f3lo Ave Maria. Krom\u011b celebrov\u00e1n\u00ed m\u0161e pronesl\u00a0i\u00a0biskup Kr\u00e1sl \u0159e\u010d, ve kter\u00e9 mimo jin\u00e9 \u0159ekl: \u201e\u010casov\u00e9 se m\u011bn\u00ed. Nen\u00ed tomu tak dlouho, co na t\u011bchto m\u00edstech byla \u00farodn\u00e1 pole. A\u00a0obratem ruky, tak\u0159ka z\u00e1zrakem zde vyrostla zde ze zem\u011b nov\u00e1 \u010d\u00e1st, \u010d\u00e1st n\u00e1dhern\u00e1, \u010dtvr\u0165 kr\u00e1lovsk\u00e9ho hlavn\u00edho m\u011bsta Prahy. A\u00a0zde na tomto m\u00edst\u011b u\u00a0Stud\u00e1nky vystav\u011bna n\u00e1dhern\u00e1, vzdu\u0161n\u00e1 prostrann\u00e1 budova \u0161koln\u00ed z\u00e1sluhou m\u011bsta Prahy. \u010casy se m\u011bn\u00ed. Kdo by to byl \u0159ekl p\u0159ed 25 lety?\u201c<\/p>\r\n<p>Po skon\u010den\u00ed m\u0161e p\u0159edal starosta Srb symbolicky kl\u00ed\u010de od \u0161koly zdej\u0161\u00edm \u0159editel\u016fm, pot\u00e9 p\u0159\u00edtomn\u00ed sborov\u011b zazp\u00edvali n\u00e1rodn\u00ed hymnu Kde domov m\u016fj. N\u00e1sledoval projev \u0159editele m\u011b\u0161\u0165ansk\u00e9 \u0161koly Josefa Ondrejky a\u00a0pod\u011bkov\u00e1n\u00ed \u017e\u00e1k\u016f \u0161koly. Cel\u00e1 slavnost byla zakon\u010dena zp\u011bvem rakousk\u00e9 st\u00e1tn\u00ed hymny.<\/p>\r\n<p>Zat\u00edmco p\u0159ed sto dvaceti lety oce\u0148ovali na\u0161i p\u0159edkov\u00e9 modern\u00ed vymo\u017eenosti tehdy nov\u00e9 \u0161koly, dnes obdivujeme sp\u00ed\u0161e nezpochybnitelnou estetickou a\u00a0funk\u010dn\u00ed kvalitu budovy. Ka\u017edou \u0161kolu ale nejv\u00edce tvo\u0159\u00ed jej\u00ed osazenstvo\u00a0\u2013 tedy \u017e\u00e1ci a\u00a0u\u010ditel\u00e9. Proto nezb\u00fdv\u00e1 ne\u017e pop\u0159\u00e1t \u0161kole U\u00a0Stud\u00e1nky do dal\u0161\u00edch let mnoho \u00fasp\u011b\u0161n\u00fdch absolvent\u016f a\u00a0kvalitn\u00edch a\u00a0nad\u0161en\u00fdch \u010dlen\u016f pedagogick\u00e9ho sboru.<br \/>\r\n<br \/>\r\n<br \/>\r\n<a href=\"https:\/\/www.praha7.cz\/stodvacate-narozeniny-skoly-u-studanky\/04-judr-vladimir-srb-primator-prahy-01\/\" rel=\"attachment wp-att-60871\"><img loading=\"lazy\" src=\"https:\/\/www.praha7.cz\/wp-content\/uploads\/2022\/09\/04-JUDr.-Vladimi\u0301r-Srb-prima\u0301tor-Prahy-01-294x400.jpg\" alt=\"\" width=\"294\" height=\"400\" class=\"alignnone wp-image-60871 size-medium\" srcset=\"https:\/\/www.praha7.cz\/wp-content\/uploads\/2022\/09\/04-JUDr.-Vladimi\u0301r-Srb-prima\u0301tor-Prahy-01-294x400.jpg 294w, https:\/\/www.praha7.cz\/wp-content\/uploads\/2022\/09\/04-JUDr.-Vladimi\u0301r-Srb-prima\u0301tor-Prahy-01-768x1045.jpg 768w, https:\/\/www.praha7.cz\/wp-content\/uploads\/2022\/09\/04-JUDr.-Vladimi\u0301r-Srb-prima\u0301tor-Prahy-01-735x1000.jpg 735w, https:\/\/www.praha7.cz\/wp-content\/uploads\/2022\/09\/04-JUDr.-Vladimi\u0301r-Srb-prima\u0301tor-Prahy-01.jpg 1360w\" sizes=\"(max-width: 294px) 100vw, 294px\" \/><\/a><br \/>\r\n<em>Slavnostn\u00edho otev\u0159en\u00ed \u0161koly se z\u00fa\u010dastnil i\u00a0JUDr. Vladim\u00edr Srb, prim\u00e1tor Prahy v\u00a0letech 1901\u20131906<\/em><br \/>\r\n<br \/>\r\n<\/p>","protected":false},"excerpt":{"rendered":"[perex] Ruku v\u00a0ruce s\u00a0p\u0159ekotn\u00fdm rozvojem Prahy&nbsp;7 na p\u0159elomu 19.&nbsp;a\u00a020.&nbsp;stolet\u00ed \u0161lo roz\u0161i\u0159ov\u00e1n\u00ed zdej\u0161\u00edch \u0161kol. D\u00e1 se \u0159\u00edct, \u017ee v\u0161echny \u0161koly, kter\u00e9 dnes ozna\u010dujeme jako z\u00e1kladn\u00ed, s\u00a0jedinou v\u00fdjimkou (Z\u0160 TGM na Ortenov\u011b n\u00e1m\u011bst\u00ed) vyrostly v\u00a0Hole\u0161ovic\u00edch, na Letn\u00e9 a\u00a0v\u00a0Buben\u010di b\u011bhem dvou dek\u00e1d, konkr\u00e9tn\u011b v\u00a0letech 1884\u20131906. Patrn\u011b nejkr\u00e1sn\u011bj\u0161\u00ed z\u00a0nich\u00a0\u2013 Z\u00e1kladn\u00ed \u0161kola Um\u011bleck\u00e1\u00a0\u2013 oslav\u00ed tento m\u011bs\u00edc kulat\u00e9 narozeniny, ub\u011bhne toti\u017e [&hellip;]","protected":false},"author":76,"featured_media":60869,"comment_status":"closed","ping_status":"open","sticky":false,"template":"","format":"standard","meta":[],"categories":[37],"tags":[],"_links":{"self":[{"href":"https:\/\/www.praha7.cz\/api\/wp\/v2\/posts\/60868"}],"collection":[{"href":"https:\/\/www.praha7.cz\/api\/wp\/v2\/posts"}],"about":[{"href":"https:\/\/www.praha7.cz\/api\/wp\/v2\/types\/post"}],"author":[{"embeddable":true,"href":"https:\/\/www.praha7.cz\/api\/wp\/v2\/users\/76"}],"replies":[{"embeddable":true,"href":"https:\/\/www.praha7.cz\/api\/wp\/v2\/comments?post=60868"}],"version-history":[{"count":4,"href":"https:\/\/www.praha7.cz\/api\/wp\/v2\/posts\/60868\/revisions"}],"predecessor-version":[{"id":60876,"href":"https:\/\/www.praha7.cz\/api\/wp\/v2\/posts\/60868\/revisions\/60876"}],"wp:featuredmedia":[{"embeddable":true,"href":"https:\/\/www.praha7.cz\/api\/wp\/v2\/media\/60869"}],"wp:attachment":[{"href":"https:\/\/www.praha7.cz\/api\/wp\/v2\/media?parent=60868"}],"wp:term":[{"taxonomy":"category","embeddable":true,"href":"https:\/\/www.praha7.cz\/api\/wp\/v2\/categories?post=60868"},{"taxonomy":"post_tag","embeddable":true,"href":"https:\/\/www.praha7.cz\/api\/wp\/v2\/tags?post=60868"}],"curies":[{"name":"wp","href":"https:\/\/api.w.org\/{rel}","templated":true}]}}