    
{"id":60819,"date":"2022-09-27T17:32:22","date_gmt":"2022-09-27T15:32:22","guid":{"rendered":"https:\/\/www.praha7.cz\/?p=60819"},"modified":"2022-09-27T17:34:12","modified_gmt":"2022-09-27T15:34:12","slug":"map-ii-je-v-cili-ohlednuti-za-tremi-roky-podpory-skolstvi-a-vzdelavani-v-praze-7","status":"publish","type":"post","link":"https:\/\/www.praha7.cz\/map-ii-je-v-cili-ohlednuti-za-tremi-roky-podpory-skolstvi-a-vzdelavani-v-praze-7\/","title":{"rendered":"MAP II je v&nbsp;c\u00edli \u2013 ohl\u00e9dnut\u00ed za t\u0159emi roky podpory \u0161kolstv\u00ed a&nbsp;vzd\u011bl\u00e1v\u00e1n\u00ed v&nbsp;Praze 7"},"content":{"rendered":"<p>[perex]<\/p>\r\n<p>V\u00a0srpnu roku 2019 byl v\u00a0Praze 7 zah\u00e1jen projekt MAP II neboli M\u00edstn\u00ed ak\u010dn\u00ed pl\u00e1ny rozvoje vzd\u011bl\u00e1v\u00e1n\u00ed, kter\u00fd je zam\u011b\u0159en na podporu kvalitn\u00edho vzd\u011bl\u00e1v\u00e1n\u00ed d\u011bt\u00ed a&nbsp;\u017e\u00e1k\u016f. T\u00fdk\u00e1 se mate\u0159sk\u00fdch a&nbsp;z\u00e1kladn\u00edch \u0161kol, z\u00e1kladn\u00edch um\u011bleck\u00fdch \u0161kol a&nbsp;tak\u00e9 organizac\u00ed realizuj\u00edc\u00edch volno\u010dasov\u00e9 aktivity na \u00fazem\u00ed Prahy&nbsp;7. Do projektu se zapojilo 21 \u0161kol a&nbsp;\u0161kolek, jejich\u017e z\u0159izovateli jsou m\u011bstsk\u00e1 \u010d\u00e1st Praha&nbsp;7, m\u011bstsk\u00e1 \u010d\u00e1st Praha Troja, c\u00edrkevn\u00ed a&nbsp;soukrom\u00e9 subjekty. Projekt byl ukon\u010den v\u00a0\u010dervenci 2022. S&nbsp;realiza\u010dn\u00edm t\u00fdmem projektu jsme bilancovali, co se za uplynul\u00e9 t\u0159i roky poda\u0159ilo d\u00edky MAP II ud\u011blat.<\/p>\r\n<p>[\/perex]<\/p>\r\n<p><strong>O MAP jsme ji\u017e n\u011bkolikr\u00e1t hovo\u0159ili a&nbsp;psali. Nebude ale ur\u010dit\u011b na \u0161kodu p\u0159ipomenout, o&nbsp;jak\u00fd projekt se jedn\u00e1.<\/strong><\/p>\r\n<p>Hlavn\u00ed my\u0161lenkou bylo prohloubit spolupr\u00e1ci jednotliv\u00fdch akt\u00e9r\u016f ve vzd\u011bl\u00e1v\u00e1n\u00ed a&nbsp;pomoci \u0161kol\u00e1m napl\u0148ovat jejich pot\u0159eby a&nbsp;c\u00edle. D\u016fraz byl v\u017edy kladen na podporu veden\u00ed \u0161kol a&nbsp;jejich pedagogick\u00fdch pracovn\u00edk\u016f zejm\u00e9na formou vzd\u011bl\u00e1v\u00e1n\u00ed, mentoringu, propojov\u00e1n\u00ed se zku\u0161en\u00fdmi kolegy a&nbsp;rozvojem spolupr\u00e1ce se vzd\u011bl\u00e1vac\u00edmi a&nbsp;spole\u010densk\u00fdmi centry. N\u00e1\u0161 MAP je nav\u00edc specifick\u00fd v\u00a0tom, \u017ee jeho realiz\u00e1torem je Odbor vzd\u011bl\u00e1v\u00e1n\u00ed a&nbsp;projektov\u00e9ho \u0159\u00edzen\u00ed M\u010c Praha&nbsp;7, tedy z\u00e1stupce z\u0159izovatele v\u011bt\u0161iny \u0161kol na\u00a0\u00fazem\u00ed Prahy&nbsp;7. Oproti jin\u00fdm MAP, nap\u0159\u00edklad v\u00a0obc\u00edch s\u00a0roz\u0161\u00ed\u0159enou p\u016fsobnost\u00ed, m\u00e1me tedy tu v\u00fdhodu, \u017ee ve\u0161ker\u00e9 kroky byly realizov\u00e1ny\u00a0v\u00a0\u00fazk\u00e9 sou\u010dinnosti se z\u0159izovatelem a&nbsp;za jeho intenzivn\u00ed podpory.<\/p>\r\n<p>&nbsp;<\/p>\r\n<p><strong>Nemaj\u00ed \u0161koly n\u011bkdy pocit, \u017ee MAP je jen dal\u0161\u00ed projekt, kter\u00fd je zahlt\u00ed zbyte\u010dnou administrativou?<\/strong><\/p>\r\n<p>Administrativa je ned\u00edlnou sou\u010d\u00e1st\u00ed ka\u017ed\u00e9ho projektu, p\u0159edev\u0161\u00edm tehdy, je-li podpo\u0159en z&nbsp;evropsk\u00fdch fond\u016f. \u0160koly to samoz\u0159ejm\u011b v\u011bd\u00ed. Nicm\u00e9n\u011b jsme se jim po celou dobu sna\u017eili vysv\u011btlovat, pro\u010d je pro n\u00e1s d\u016fle\u017eit\u00e9, abychom znali jejich n\u00e1zory a&nbsp;pot\u0159eby. Nav\u00edc si, pokud to jde, vedeme vlastn\u00ed z\u00e1znamy a&nbsp;statistiky a&nbsp;vyu\u017e\u00edv\u00e1me spolupr\u00e1ce s\u00a0odd\u011blen\u00edm vzd\u011bl\u00e1v\u00e1n\u00ed. Zkr\u00e1tka se sna\u017e\u00edme \u0161koly zat\u011b\u017eovat \u201epap\u00edrov\u00e1n\u00edm\u201c co nejm\u00e9n\u011b.<\/p>\r\n<p>Nap\u0159\u00edklad, jedn\u00edm z\u00a0nejd\u016fle\u017eit\u011bj\u0161\u00edch v\u00fdstup\u016f je dokument Strategick\u00fd r\u00e1mec MAP do roku 2023, kter\u00fd vyty\u010duje c\u00edle, kter\u00e9 by \u0161koly v\u00a0budoucnu r\u00e1dy realizovaly.\u00a0 Tyto c\u00edle se t\u00fdkaj\u00ed jak investi\u010dn\u00edch akc\u00ed, oprav \u0161koln\u00edch budov, vybaven\u00ed specializovan\u00fdch u\u010deben nebo \u00faprav sportovi\u0161\u0165 a&nbsp;zahrad, tak i&nbsp;zlep\u0161ov\u00e1n\u00ed podm\u00ednek ve \u0161kol\u00e1ch pro\u00a0pr\u00e1ci s\u00a0\u017e\u00e1ky a&nbsp;rozv\u00edjen\u00edm jejich individu\u00e1ln\u00edho potenci\u00e1lu. Strategick\u00fd r\u00e1mec MAP jsme ve spolupr\u00e1ci se \u0161kolami koncipovali tak, aby byl v\u00a0souladu se Strategi\u00ed 2030 Prahy&nbsp;7, kter\u00e1 p\u0159edstavuje z\u00e1sadn\u00ed dokument pro rozvoj m\u011bstsk\u00e9 \u010d\u00e1sti v\u00a0dal\u0161\u00edch letech.<\/p>\r\n<p>&nbsp;<\/p>\r\n<p><strong>Tak\u017ee v\u00a0dob\u011b zah\u00e1jen\u00ed projektu jste nem\u011bli probl\u00e9m p\u0159esv\u011bd\u010dit \u0161koly ke spolupr\u00e1ci?<\/strong><\/p>\r\n<p>Realizaci projektu MAP II p\u0159edch\u00e1zel projekt MAP I, do kter\u00e9ho byly v\u0161echny \u0161koly v\u00a0 Praze 7 zapojeny, nicm\u00e9n\u011b v&nbsp;n\u011bm nebyl prostor pro hlub\u0161\u00ed propojen\u00ed \u0161kol na v\u0161ech pot\u0159ebn\u00fdch \u00farovn\u00edch. To se zm\u011bnilo s\u00a0p\u0159\u00edchodem nov\u00e9ho realiza\u010dn\u00edho t\u00fdmu. Osobn\u00ed setk\u00e1n\u00ed \u010dlen\u016f projektov\u00e9ho t\u00fdmu s&nbsp;\u0159editelkami a&nbsp;\u0159editeli v\u0161ech zapojen\u00fdch \u0161kol a&nbsp;\u0161kolek otev\u0159elo cestu k\u00a0lep\u0161\u00ed komunikaci, kter\u00e1 se v\u00a0pr\u016fb\u011bhu projektu stala \u010d\u00edm d\u00e1l v\u00edce intenzivn\u011bj\u0161\u00ed a&nbsp;otev\u0159en\u011bj\u0161\u00ed.<\/p>\r\n<p>&nbsp;<\/p>\r\n<p><strong>Co konkr\u00e9tn\u011b m\u016f\u017ee MAP p\u0159in\u00e9st \u0161kol\u00e1m, \u0161kolk\u00e1m a&nbsp;dal\u0161\u00edm vzd\u011bl\u00e1vac\u00edm instituc\u00edm na\u0161\u00ed m\u011bstsk\u00e9 \u010d\u00e1sti?<\/strong><\/p>\r\n<p>Je toho hodn\u011b. P\u0159edev\u0161\u00edm vytv\u00e1\u0159\u00edme prostor pro to, aby se u\u010ditel\u00e9 mohli sch\u00e1zet a&nbsp;vym\u011b\u0148ovat si sv\u00e9 zku\u0161enosti. K\u00a0tomu slou\u017e\u00ed na\u0161e pracovn\u00ed skupiny zam\u011b\u0159en\u00e9 nap\u0159\u00edklad na z\u00e1kladn\u00ed gramotnosti, v\u00fduku jazyk\u016f, p\u0159ed\u0161koln\u00ed vzd\u011bl\u00e1v\u00e1n\u00ed, rovn\u00e9 p\u0159\u00edle\u017eitosti \u010di financov\u00e1n\u00ed \u0161kol.\u00a0 Podle pot\u0159eb a&nbsp;p\u0159\u00e1n\u00ed u\u010ditel\u016f a&nbsp;veden\u00ed \u0161kol jim poskytujeme vzd\u011bl\u00e1vac\u00ed semin\u00e1\u0159e \u010di kurzy, \u010dasto p\u0159\u00edmo \u0161it\u00e9 na m\u00edru \u00fa\u010dastn\u00edk\u016fm. Jsme schopni zajistit sd\u00edlen\u00e9 odborn\u00edky, kte\u0159\u00ed ve \u0161kol\u00e1ch chyb\u011bj\u00ed, a\u0165 u\u017e jde o&nbsp;architekta, zahradnici, \u0161koln\u00edka pro mate\u0159sk\u00e9 \u0161koly \u010di logopedickou konzultantku a&nbsp;mnoho dal\u0161\u00edho.<\/p>\r\n<p>&nbsp;<\/p>\r\n<p><strong>Jakou pomoc \u0161koly nejv\u00edce oce\u0148uj\u00ed?<\/strong><\/p>\r\n<p>Vzhledem k\u00a0tomu, \u017ee jsme ka\u017edou \u0161kolu mohli podpo\u0159it n\u00e1kupem didaktick\u00fdch pom\u016fcek v\u00a0cen\u011b 60\u00a0000 K\u010d, nab\u00eddli jsme \u0161kol\u00e1m, aby si samy vybraly, co pro sv\u00e9 d\u011bti a&nbsp;\u017e\u00e1ky nejv\u00edce pot\u0159ebuj\u00ed a&nbsp;opravdu vyu\u017eij\u00ed.<\/p>\r\n<p>Ve chv\u00edli, kdy jsme m\u011bli po\u017eadavky shrom\u00e1\u017ed\u011bn\u00e9, za\u010dala realiza\u010dn\u00edmu t\u00fdmu zd\u00e1nliv\u011b nekon\u010d\u00edc\u00ed mraven\u010d\u00ed pr\u00e1ce, nebo\u0165 polo\u017eek bylo v&nbsp;sou\u010dtu p\u0159es 350 od t\u00e9m\u011b\u0159 50 dodavatel\u016f.\u00a0 Na jednu ka\u017edou polo\u017eku bylo pot\u0159eba vypracovat pr\u016fzkum trhu, vyhodnotit nab\u00eddky dodavatel\u016f, tematicky je slou\u010dit tak, aby n\u00e1kup byl co nejekonomi\u010dt\u011bj\u0161\u00ed apod. Jen s&nbsp;malou m\u00edrou nads\u00e1zky m\u016f\u017eeme \u0159\u00edci, \u017ee jsme sh\u00e1n\u011bli pom\u016fcky \u201eod \u0161pendl\u00edku po lokomotivu\u201c. Moc n\u00e1s t\u011b\u0161ila radost, kterou m\u011bli ve \u0161kol\u00e1ch z\u00a0knih, stavebnic, didaktick\u00fdch her, ale i&nbsp;nov\u00fdch klouza\u010dek a&nbsp;venkovn\u00edch hern\u00edch prvk\u016f, sportovn\u00edho vybaven\u00ed, po\u010d\u00edta\u010d\u016f, tablet\u016f \u010di t\u0159eba profesion\u00e1ln\u00edho n\u00e1\u0159ad\u00ed na \u00fadr\u017ebu \u0161koln\u00edch zahrad. Dostaly jsme n\u011bkolik moc p\u011bkn\u00fdch d\u011bkovn\u00fdch dopis\u016f od \u0159editel\u016f a&nbsp;\u0159editelek, ze kter\u00fdch jsme m\u011bli velkou radost.<\/p>\r\n<p>&nbsp;<\/p>\r\n<p><strong>Jak va\u0161i pr\u00e1ci ovlivnily dv\u011b d\u016fle\u017eit\u00e9 ud\u00e1losti posledn\u00edch let \u2013 pandemie onemocn\u011bn\u00ed covid-19 a&nbsp;jej\u00ed dopad na \u0161koly a&nbsp;ud\u00e1losti na Ukrajin\u011b.<\/strong><\/p>\r\n<p>Jako ka\u017ed\u00e9ho, i&nbsp;n\u00e1\u0161 projekt obdob\u00ed pandemie citeln\u011b zas\u00e1hlo. Vzhledem k\u00a0enormn\u00ed z\u00e1t\u011b\u017ei \u0161kol jsme se museli p\u0159izp\u016fsobit a&nbsp;zbyte\u010dn\u011b nezat\u011b\u017eovat veden\u00ed \u0161kol a&nbsp;u\u010ditele v\u00edce, ne\u017e bylo pot\u0159ebn\u00e9. Zpo\u010d\u00e1tku jsme tedy pracovali p\u0159edev\u0161\u00edm na projektov\u00e9 dokumentaci, pot\u00e9 co jsme p\u0159e\u0161li do on-line prostoru, za\u010daly se prost\u0159ednictv\u00edm komunika\u010dn\u00edch platforem sch\u00e1zet pracovn\u00ed skupiny a&nbsp;\u0159e\u0161it nastalou situaci dle sv\u00e9ho zam\u011b\u0159en\u00ed. V\u00fdznamn\u011b jsme se tak\u00e9 pod\u00edleli na zprost\u0159edkov\u00e1n\u00ed IT techniky pro \u017e\u00e1ky i&nbsp;p\u0159ed\u0161kol\u00e1ky, kte\u0159\u00ed m\u011bli omezen\u00e9 mo\u017enosti distan\u010dn\u00ed v\u00fduky. Covid nezastavil ani na\u0161e vzd\u011bl\u00e1vac\u00ed aktivity pro u\u010ditele, z\u00a0celkov\u00e9ho po\u010dtu pades\u00e1ti akc\u00ed prob\u011bhla cca polovina z\u00a0nich on-line.<\/p>\r\n<p>A sotva se \u0161koly (a&nbsp;my s\u00a0nimi) trochu oklepali z&nbsp;nejtvrd\u0161\u00edch covidov\u00fdch opat\u0159en\u00ed, p\u0159i\u0161la dal\u0161\u00ed fat\u00e1ln\u00ed ud\u00e1lost \u2013 rozpout\u00e1n\u00ed v\u00e1lky na Ukrajin\u011b Ruskou federac\u00ed a&nbsp;s&nbsp;n\u00ed vlna uprchl\u00edk\u016f tvo\u0159en\u00e1 p\u0159edev\u0161\u00edm \u017eenami a&nbsp;d\u011btmi. I&nbsp;my v\u00a0MAP\u00a0 jsme se zapojili do rozjezdu celkem dvan\u00e1cti adapta\u010dn\u00edch skupin. Komunikovali jsme s\u00a0ukrajinsk\u00fdmi u\u010ditelkami, kter\u00e9 v\u00a0t\u011bchto skupin\u00e1ch p\u016fsobily, a&nbsp;spolu s\u00a0nimi jsme vytvo\u0159ili metodiku pro pr\u00e1ci s\u00a0ukrajinsk\u00fdmi d\u011btmi. Tak\u00e9 jsme propojovali skupiny nap\u0159\u00ed\u010d \u0161kolami a&nbsp;neziskovkami a&nbsp;pom\u00e1hali jsme pro n\u011b zaji\u0161\u0165ovat atraktivn\u00ed programy. Do ka\u017ed\u00e9 skupiny jsme sehnali lektorku \u010desk\u00e9ho jazyka, kter\u00e1 d\u011btem pom\u00e1hala v\u00a0socializaci a&nbsp;p\u0159ipravovala je na vstup do b\u011b\u017en\u00fdch t\u0159\u00edd. Nav\u00edc se n\u00e1m poda\u0159ilo zajistit p\u0159es 40 ukrajinsk\u00fdch \u010di ruskojazy\u010dn\u00fdch zahrani\u010dn\u00edch student\u016f, kte\u0159\u00ed se v&nbsp;Praze v\u00a0jazykov\u00fdch \u0161kol\u00e1ch p\u0159ipravovali na vysoko\u0161kolsk\u00e9 studium, a&nbsp;ti velmi aktivn\u011b p\u016fsobili ve skupin\u00e1ch jako asistenti a&nbsp;tak\u00e9 jako komunika\u010dn\u00ed podpora pro \u010desk\u00e9 \u0161koln\u00ed pracovn\u00edky.<\/p>\r\n<p>&nbsp;<\/p>\r\n<p><strong>Co pova\u017eujete za dobu realizace projektu za v\u00e1\u0161 nejv\u011bt\u0161\u00ed \u00fasp\u011bch?<\/strong><\/p>\r\n<p>Za nej\u00fasp\u011b\u0161n\u011bj\u0161\u00ed pova\u017eujeme aktivity projektu, kter\u00e9 maj\u00ed p\u0159\u00edm\u00fd p\u0159\u00ednos pro \u0161koly, jejich veden\u00ed, pedagogy, rodi\u010de, d\u011bti i&nbsp;\u0161ir\u0161\u00ed ve\u0159ejnost. T\u011b\u0161\u00ed n\u00e1s skv\u011bl\u00e1 spolupr\u00e1ce se \u0161kolami, otev\u0159enost diskus\u00ed v\u00a0pracovn\u00edch skupin\u00e1ch, setk\u00e1v\u00e1n\u00ed s&nbsp;aktivn\u00edmi a&nbsp;motivovan\u00fdmi u\u010diteli.\u00a0 M\u00e1me velkou radost, \u017ee veden\u00ed \u0161kol na\u0161\u00ed pr\u00e1ci d\u016fv\u011b\u0159uje, oce\u0148uje ji a&nbsp;obrac\u00ed se na n\u00e1s, pokud pot\u0159ebuje pomoci. Je skv\u011bl\u00e9, \u017ee n\u011bkter\u00e9 v\u00fdstupy projektu za\u010d\u00ednaj\u00ed \u017e\u00edt vlastn\u00edm \u017eivotem a&nbsp;u\u010ditel\u00e9 u\u017e na nich d\u00e1le spolupracuj\u00ed sami, bez n\u00e1s. Mluv\u00edme te\u010f t\u0159eba konkr\u00e9tn\u011b o&nbsp;\u010cten\u00e1\u0159sk\u00e9m maratonu Prahy&nbsp;7 nebo Dni jazyk\u016f na Sedmi\u010dce. To jsou akce, kter\u00e9 jsme zah\u00e1jili, a&nbsp;nyn\u00ed se ji\u017e st\u00e1vaj\u00ed tradic\u00ed. A&nbsp;samoz\u0159ejm\u011b jsme tak\u00e9 py\u0161n\u00ed t\u0159eba na to, \u017ee jsme iniciovali vytvo\u0159en\u00ed Demografick\u00e9 studie, kter\u00e1 v\u00fdznamn\u011b zas\u00e1hla do pl\u00e1nov\u00e1n\u00ed vzd\u011bl\u00e1vac\u00edch kapacit v\u00a0Praze 7.<\/p>\r\n<p>&nbsp;<\/p>\r\n<p><strong>A naopak, je n\u011bco, co se v\u00e1m nepovedlo, co byste ud\u011blali jinak, kdybyste m\u011bli mo\u017enost?<\/strong><\/p>\r\n<p>V\u017edycky je samoz\u0159ejm\u011b mo\u017en\u00e9 d\u011blat v\u011bci l\u00e9pe, a&nbsp;to se t\u00fdk\u00e1 i&nbsp;n\u00e1s. Nap\u0159\u00edklad se n\u00e1m pom\u011brn\u011b dlouho neda\u0159ilo vt\u00e1hnout do na\u0161ich aktivit rodi\u010de d\u011bt\u00ed a&nbsp;\u017e\u00e1k\u016f. Sice jsme pro n\u011b p\u0159ipravili \u00fasp\u011b\u0161n\u00fd semin\u00e1\u0159, t\u00fdkaj\u00edc\u00ed se p\u0159\u00edpravy d\u00edt\u011bte na p\u0159echod do mate\u0159sk\u00e9 \u0161koly, a&nbsp;m\u011bli jsme v\u00a0pl\u00e1nu i&nbsp;dal\u0161\u00ed akce, ale z\u00e1jem nebyl takov\u00fd, jak\u00fd jsme si p\u0159edstavovali. Situace se zm\u011bnila v&nbsp;dob\u011b v\u00fd\u0161e zm\u00edn\u011bn\u00e9 pandemie covidu a&nbsp;s\u00a0t\u00edm spojen\u00e9 distan\u010dn\u00ed v\u00fduky, kdy se vlastn\u011b v\u0161ichni rodi\u010de stali vzd\u011blavateli sv\u00fdch d\u011bt\u00ed a&nbsp;mohli si tak pr\u00e1ci u\u010ditele v\u00edce p\u0159edstavit. Sv\u016fj n\u00e1zor n\u00e1m sd\u011blili v\u00a0r\u00e1mci rozs\u00e1hl\u00e9ho dotazn\u00edkov\u00e9ho \u0161et\u0159en a&nbsp;na z\u00e1klad\u011b jeho v\u00fdstup\u016f pak \u0161koly upravovaly podm\u00ednky distan\u010dn\u00ed v\u00fduky v\u00a0dal\u0161\u00edm obdob\u00ed. Ve spolupr\u00e1ci s\u00a0odd\u011blen\u00edm vzd\u011bl\u00e1v\u00e1n\u00ed jsme tak\u00e9 uspo\u0159\u00e1dali n\u011bkolik fokusn\u00edch skupin s\u00a0rodi\u010di a&nbsp;rodi\u010dovsk\u00fdmi spolky na vybran\u00e1 t\u00e9mata vzd\u011bl\u00e1v\u00e1n\u00ed v\u00a0Praze 7, kter\u00e9 se setkaly s\u00a0velk\u00fdm z\u00e1jmem rodi\u010d\u016f. V\u00a0tomto form\u00e1tu spolupr\u00e1ce hodl\u00e1me pokra\u010dovat i&nbsp;v\u00a0navazuj\u00edc\u00edm projektu MAP III.<\/p>\r\n<p>&nbsp;<\/p>\r\n<p><strong>Tak\u017ee projekt MAP II skon\u010dil, a\u0165 \u017eije MAP III?<\/strong><\/p>\r\n<p>Vzhledem k\u00a0tomu, \u017ee mezi koncem projektu MAP II a&nbsp;za\u010d\u00e1tkem navazuj\u00edc\u00edho projektu MAP III jsme nem\u011bli pauzu ani jeden den, je jasn\u00e9, \u017ee pokra\u010dujeme bez p\u0159est\u00e1vky d\u00e1l. Pokra\u010dujeme v\u00a0tom, co u\u017e dob\u0159e um\u00edme a&nbsp;m\u00e1me \u00fa\u010deln\u011b nastaven\u00e9, pokus\u00edme se zlep\u0161it to, v\u00a0\u010dem jsme v\u00a0minul\u00e9m obdob\u00ed tak trochu \u201eplavali\u201c. A&nbsp;po\u0159\u00e1d jsme tu p\u0159edev\u0161\u00edm pro \u0161koly, pro na\u0161e skv\u011bl\u00e9 \u0159editele a&nbsp;u\u010ditele a&nbsp;jejich prost\u0159ednictv\u00edm samoz\u0159ejm\u011b tak\u00e9 pro d\u011bti a&nbsp;\u017e\u00e1ky i&nbsp;jejich rodi\u010de. Jejich d\u016fv\u011bra n\u00e1s zavazuje a&nbsp;t\u011b\u0161\u00ed.<\/p>\r\n<p>&nbsp;<\/p>\r\n<h3><span style=\"color: #0000ff;\">MAP II v\u00a0datech<\/span><\/h3>\r\n<p><span style=\"color: #0000ff;\">&#8211;\u00a0\u00a0\u00a0\u00a0\u00a0\u00a0\u00a0\u00a0\u00a0 Vytvo\u0159ili jsme 6 pracovn\u00edch skupin, kter\u00e9 m\u011bly 30 aktivn\u00edch \u010dlen\u016f<\/span><\/p>\r\n<p><span style=\"color: #0000ff;\">&#8211;\u00a0\u00a0\u00a0\u00a0\u00a0\u00a0\u00a0\u00a0\u00a0 Zrealizovali jsme 50 semin\u00e1\u0159\u016f a&nbsp;webin\u00e1\u0159\u016f, kter\u00fdmi pro\u0161lo v\u00edce ne\u017e 560 u\u010ditel\u016f<\/span><\/p>\r\n<p><span style=\"color: #0000ff;\">&#8211;\u00a0\u00a0\u00a0\u00a0\u00a0\u00a0\u00a0\u00a0\u00a0 Podpo\u0159ili jsme realizaci dvou ro\u010dn\u00edk\u016f \u010cten\u00e1\u0159sk\u00e9ho maratonu pod z\u00e1\u0161titou pracovn\u00ed skupiny pro \u010dten\u00e1\u0159skou gramotnost \u2013 z\u00fa\u010dastnilo se jich cca 1000 d\u011bt\u00ed<\/span><\/p>\r\n<p><span style=\"color: #0000ff;\">&#8211;\u00a0\u00a0\u00a0\u00a0\u00a0\u00a0\u00a0\u00a0\u00a0 Kolem 400 d\u011bt\u00ed se z\u00fa\u010dastnilo Dne jazyk\u016f na Sedmi\u010dce<\/span><\/p>\r\n<p><span style=\"color: #0000ff;\">&#8211;\u00a0\u00a0\u00a0\u00a0\u00a0\u00a0\u00a0\u00a0\u00a0 \u0160kol\u00e1m jsme hradili interaktivn\u00ed p\u0159edstaven\u00ed oce\u0148ovan\u00e9 finan\u010dn\u00edmi odborn\u00edky \u2013 Pen\u00edze nerostou na stromech \u2013 zam\u011b\u0159en\u00e9 na rozvoj finan\u010dn\u00ed gramotnosti \u017e\u00e1k\u016f<\/span><\/p>\r\n<p><span style=\"color: #0000ff;\">&#8211;\u00a0\u00a0\u00a0\u00a0\u00a0\u00a0\u00a0\u00a0\u00a0 Zprost\u0159edkovali jsme besedy s\u00a0obl\u00edben\u00fdmi autorkami d\u011btsk\u00e9 literatury<\/span><\/p>\r\n<p><span style=\"color: #0000ff;\">&#8211;\u00a0\u00a0\u00a0\u00a0\u00a0\u00a0\u00a0\u00a0\u00a0 Pro\u0161kolili jsme z\u00e1jemce z\u00a0\u0159ad u\u010ditelek M\u0160 v\u00a0z\u00e1kladech pr\u00e1ce s\u00a0ozoboty (robotika pro p\u0159ed\u0161koln\u00ed d\u011bti) a&nbsp;tak\u00e9 v\u00a0oboru logopedick\u00fdch asistent\u016f<\/span><\/p>\r\n<p><span style=\"color: #0000ff;\">&#8211;\u00a0\u00a0\u00a0\u00a0\u00a0\u00a0\u00a0\u00a0\u00a0 \u0158editel\u016fm jsme p\u0159edstavili mo\u017enosti formativn\u00edho hodnocen\u00ed ve \u0161kol\u00e1ch<\/span><\/p>\r\n<p><span style=\"color: #0000ff;\">&#8211;\u00a0\u00a0\u00a0\u00a0\u00a0\u00a0\u00a0\u00a0\u00a0 Zajistili jsme sd\u00edlen\u00e9 odborn\u00edky, kte\u0159\u00ed byli k\u00a0dispozici zapojen\u00fdm \u0161kol\u00e1m (zahradnice, nutri\u010dn\u00ed terapeutka, logopedka, \u0161koln\u00edk pro M\u0160, speci\u00e1ln\u00ed pedago\u017eka, psycholo\u017eka, architektka)<\/span><\/p>\r\n<p><span style=\"color: #0000ff;\">&#8211;\u00a0\u00a0\u00a0\u00a0\u00a0\u00a0\u00a0\u00a0\u00a0 Nakoupili jsme \u0161kol\u00e1m didaktick\u00e9 pom\u016fcky v\u00a0celkov\u00e9 hodnot\u011b 1\u00a0260\u00a0000,- K\u010d<\/span><\/p>\r\n<p><span style=\"color: #0000ff;\">&#8211;\u00a0\u00a0\u00a0\u00a0\u00a0\u00a0\u00a0\u00a0\u00a0 Nab\u00eddli jsme vz\u00e1jemn\u00e9 on-line n\u00e1slechy pro u\u010ditele v\u00a0dob\u011b distan\u010dn\u00ed v\u00fduky<\/span><\/p>\r\n<p><span style=\"color: #0000ff;\">&#8211;\u00a0\u00a0\u00a0\u00a0\u00a0\u00a0\u00a0\u00a0\u00a0 Z\u00edskali jsme p\u0159es 200 notebook\u016f pro pot\u0159ebu d\u011bt\u00ed v\u00a0dob\u011b distan\u010dn\u00ed v\u00fduky<\/span><\/p>\r\n<p><span style=\"color: #0000ff;\">&#8211;\u00a0\u00a0\u00a0\u00a0\u00a0\u00a0\u00a0\u00a0\u00a0 Zalo\u017eili jsme webovou str\u00e1nku v\u011bnovanou projektu MAP, na kter\u00e9 bylo mo\u017en\u00e9 se na jednotliv\u00e9 nab\u00edzen\u00e9 akce rovn\u011b\u017e p\u0159ihla\u0161ovat a&nbsp;kde z\u00e1jemci mohli nal\u00e9zt informace a&nbsp;ve\u0161ker\u00e9 dokumenty vztahuj\u00edc\u00ed se k\u00a0projektu i&nbsp;na\u0161\u00ed \u010dinnosti<\/span><\/p>\r\n<p><span style=\"color: #0000ff;\">&#8211;\u00a0\u00a0\u00a0\u00a0\u00a0\u00a0\u00a0\u00a0\u00a0 Zalo\u017eili jsme skupiny na FB pro sd\u00edlen\u00ed zku\u0161enost\u00ed u\u010ditel\u016f M\u0160 a&nbsp;Z\u0160<\/span><\/p>\r\n<p><span style=\"color: #0000ff;\">&#8211;\u00a0\u00a0\u00a0\u00a0\u00a0\u00a0\u00a0\u00a0\u00a0 Zadali jsme vytvo\u0159en\u00ed Demografick\u00e9 studie Prahy&nbsp;7 s\u00a0v\u00fdhledem na 30 let<\/span><\/p>\r\n<p><span style=\"color: #0000ff;\">&#8211;\u00a0\u00a0\u00a0\u00a0\u00a0\u00a0\u00a0\u00a0\u00a0 Na\u0161e anal\u00fdza hodnocen\u00ed distan\u010dn\u00ed v\u00fduky v\u00a0prvn\u00ed vln\u011b pandemie poslou\u017eila pro efektivn\u00ed nastaven\u00ed opat\u0159en\u00ed v\u00a0dal\u0161\u00edm obdob\u00ed<\/span><\/p>\r\n<p><span style=\"color: #0000ff;\">&#8211;\u00a0\u00a0\u00a0\u00a0\u00a0\u00a0\u00a0\u00a0\u00a0 Iniciovali jsme vznik expertn\u00ed skupiny, kter\u00e1 se v\u00fdznamn\u00fdm zp\u016fsobem pod\u00edlela na p\u0159\u00edprav\u00e1ch podklad\u016f pro vybudov\u00e1n\u00ed nov\u00e9 z\u00e1kladn\u00ed \u0161koly v\u00a0Praze 7 \u2013 Z\u0160 Jana Vod\u0148ansk\u00e9ho<\/span><\/p>\r\n<p><span style=\"color: #0000ff;\">&#8211;\u00a0\u00a0\u00a0\u00a0\u00a0\u00a0\u00a0\u00a0\u00a0 Pod\u00edleli jsme se na vytvo\u0159en\u00ed a&nbsp;bezprobl\u00e9mov\u00e9m fungov\u00e1n\u00ed 12 adapta\u010dn\u00edch skupin pro ukrajinsk\u00e9 d\u011bti<\/span><\/p>\r\n<p><span style=\"color: #0000ff;\">&#8211;\u00a0\u00a0\u00a0\u00a0\u00a0\u00a0\u00a0\u00a0\u00a0 Realizovali jsme dotazn\u00edkov\u00e9 \u0161et\u0159en\u00ed na t\u00e9ma za\u010dle\u0148ov\u00e1n\u00ed ukrajinsk\u00fdch d\u011bt\u00ed a&nbsp;\u017e\u00e1k\u016f do v\u00fduky, na z\u00e1klad\u011b jeho v\u00fdsledk\u016f jsme navrhli doporu\u010den\u00ed pro u\u010ditele p\u0159i vzd\u011bl\u00e1v\u00e1n\u00ed \u010desk\u00fdch a&nbsp;ukrajinsk\u00fdch d\u011bti ve \u0161koln\u00edm roce 2022\/2023<\/span><\/p>\r\n<p>&nbsp;<\/p>\r\n<p>&nbsp;<\/p>\r\n<p><strong>Projekt \u201eM\u00edstn\u00ed ak\u010dn\u00ed pl\u00e1ny rozvoje vzd\u011bl\u00e1v\u00e1n\u00ed II \u2013 spr\u00e1vn\u00ed obvod Praha&nbsp;7\u201c, reg. \u010d. CZ.02.3.68\/0.0\/0.0\/17_047\/0011690, realizuje M\u010c Praha&nbsp;7 za podpory Evropsk\u00e9 unie.<\/strong><\/p>\r\n<p>&nbsp;<\/p>\r\n<p><img loading=\"lazy\" src=\"https:\/\/www.praha7.cz\/wp-content\/uploads\/2022\/09\/MAP-2.jpg\" alt=\"\" width=\"1024\" height=\"682\" class=\"alignnone size-full wp-image-60821\" srcset=\"https:\/\/www.praha7.cz\/wp-content\/uploads\/2022\/09\/MAP-2.jpg 1024w, https:\/\/www.praha7.cz\/wp-content\/uploads\/2022\/09\/MAP-2-600x400.jpg 600w, https:\/\/www.praha7.cz\/wp-content\/uploads\/2022\/09\/MAP-2-768x512.jpg 768w\" sizes=\"(max-width: 1024px) 100vw, 1024px\" \/><img loading=\"lazy\" src=\"https:\/\/www.praha7.cz\/wp-content\/uploads\/2022\/09\/MAP-1.jpg\" alt=\"\" width=\"1024\" height=\"682\" class=\"alignnone size-full wp-image-60820\" srcset=\"https:\/\/www.praha7.cz\/wp-content\/uploads\/2022\/09\/MAP-1.jpg 1024w, https:\/\/www.praha7.cz\/wp-content\/uploads\/2022\/09\/MAP-1-600x400.jpg 600w, https:\/\/www.praha7.cz\/wp-content\/uploads\/2022\/09\/MAP-1-768x512.jpg 768w\" sizes=\"(max-width: 1024px) 100vw, 1024px\" \/><img loading=\"lazy\" src=\"https:\/\/www.praha7.cz\/wp-content\/uploads\/2022\/09\/MAP-4.jpg\" alt=\"\" width=\"1024\" height=\"683\" class=\"alignnone size-full wp-image-60823\" srcset=\"https:\/\/www.praha7.cz\/wp-content\/uploads\/2022\/09\/MAP-4.jpg 1024w, https:\/\/www.praha7.cz\/wp-content\/uploads\/2022\/09\/MAP-4-600x400.jpg 600w, https:\/\/www.praha7.cz\/wp-content\/uploads\/2022\/09\/MAP-4-768x512.jpg 768w\" sizes=\"(max-width: 1024px) 100vw, 1024px\" \/><img loading=\"lazy\" src=\"https:\/\/www.praha7.cz\/wp-content\/uploads\/2022\/09\/MAP-5.jpg\" alt=\"\" width=\"766\" height=\"574\" class=\"alignnone size-full wp-image-60824\" srcset=\"https:\/\/www.praha7.cz\/wp-content\/uploads\/2022\/09\/MAP-5.jpg 766w, https:\/\/www.praha7.cz\/wp-content\/uploads\/2022\/09\/MAP-5-534x400.jpg 534w\" sizes=\"(max-width: 766px) 100vw, 766px\" \/><img loading=\"lazy\" src=\"https:\/\/www.praha7.cz\/wp-content\/uploads\/2022\/09\/MAP-6.jpg\" alt=\"\" width=\"766\" height=\"574\" class=\"alignnone size-full wp-image-60825\" srcset=\"https:\/\/www.praha7.cz\/wp-content\/uploads\/2022\/09\/MAP-6.jpg 766w, https:\/\/www.praha7.cz\/wp-content\/uploads\/2022\/09\/MAP-6-534x400.jpg 534w\" sizes=\"(max-width: 766px) 100vw, 766px\" \/><\/p>\r\n<p>&nbsp;<\/p>\r\n<p>&nbsp;<\/p>\r\n<p>&nbsp;<\/p>","protected":false},"excerpt":{"rendered":"[perex] V\u00a0srpnu roku 2019 byl v\u00a0Praze 7 zah\u00e1jen projekt MAP II neboli M\u00edstn\u00ed ak\u010dn\u00ed pl\u00e1ny rozvoje vzd\u011bl\u00e1v\u00e1n\u00ed, kter\u00fd je zam\u011b\u0159en na podporu kvalitn\u00edho vzd\u011bl\u00e1v\u00e1n\u00ed d\u011bt\u00ed a&nbsp;\u017e\u00e1k\u016f. T\u00fdk\u00e1 se mate\u0159sk\u00fdch a&nbsp;z\u00e1kladn\u00edch \u0161kol, z\u00e1kladn\u00edch um\u011bleck\u00fdch \u0161kol a&nbsp;tak\u00e9 organizac\u00ed realizuj\u00edc\u00edch volno\u010dasov\u00e9 aktivity na \u00fazem\u00ed Prahy&nbsp;7. Do projektu se zapojilo 21 \u0161kol a&nbsp;\u0161kolek, jejich\u017e z\u0159izovateli jsou m\u011bstsk\u00e1 \u010d\u00e1st Praha&nbsp;7, [&hellip;]","protected":false},"author":5,"featured_media":60822,"comment_status":"closed","ping_status":"open","sticky":false,"template":"","format":"standard","meta":[],"categories":[34],"tags":[],"_links":{"self":[{"href":"https:\/\/www.praha7.cz\/api\/wp\/v2\/posts\/60819"}],"collection":[{"href":"https:\/\/www.praha7.cz\/api\/wp\/v2\/posts"}],"about":[{"href":"https:\/\/www.praha7.cz\/api\/wp\/v2\/types\/post"}],"author":[{"embeddable":true,"href":"https:\/\/www.praha7.cz\/api\/wp\/v2\/users\/5"}],"replies":[{"embeddable":true,"href":"https:\/\/www.praha7.cz\/api\/wp\/v2\/comments?post=60819"}],"version-history":[{"count":5,"href":"https:\/\/www.praha7.cz\/api\/wp\/v2\/posts\/60819\/revisions"}],"predecessor-version":[{"id":60830,"href":"https:\/\/www.praha7.cz\/api\/wp\/v2\/posts\/60819\/revisions\/60830"}],"wp:featuredmedia":[{"embeddable":true,"href":"https:\/\/www.praha7.cz\/api\/wp\/v2\/media\/60822"}],"wp:attachment":[{"href":"https:\/\/www.praha7.cz\/api\/wp\/v2\/media?parent=60819"}],"wp:term":[{"taxonomy":"category","embeddable":true,"href":"https:\/\/www.praha7.cz\/api\/wp\/v2\/categories?post=60819"},{"taxonomy":"post_tag","embeddable":true,"href":"https:\/\/www.praha7.cz\/api\/wp\/v2\/tags?post=60819"}],"curies":[{"name":"wp","href":"https:\/\/api.w.org\/{rel}","templated":true}]}}