    
{"id":60581,"date":"2022-09-20T13:47:25","date_gmt":"2022-09-20T11:47:25","guid":{"rendered":"https:\/\/www.praha7.cz\/?p=60581"},"modified":"2022-09-21T13:52:18","modified_gmt":"2022-09-21T11:52:18","slug":"pozvanka-na-konferenci-o-zdravi-prospesnem-stravovani","status":"publish","type":"post","link":"https:\/\/www.praha7.cz\/pozvanka-na-konferenci-o-zdravi-prospesnem-stravovani\/","title":{"rendered":"Pozv\u00e1nka na konferenci o&nbsp;zdrav\u00ed prosp\u011b\u0161n\u00e9m stravov\u00e1n\u00ed"},"content":{"rendered":"<p>[perex]<\/p>\r\n<p>Spolek pro zdravou v\u00fd\u017eivu zve odbornou i&nbsp;laickou ve\u0159ejnost na 4.&nbsp;ro\u010dn\u00edk odborn\u00e9 konference Sou\u010dasn\u00e9 trendy ve speci\u00e1ln\u00ed v\u00fd\u017eiv\u011b s&nbsp;t\u00e9matem Zdrav\u00e9 a&nbsp;bezpe\u010dn\u00e9 potraviny. Konference se kon\u00e1 ve \u010dtvrtek 22.&nbsp;z\u00e1\u0159\u00ed 2022 v\u00a0N\u00e1rodn\u00edm zem\u011bd\u011blsk\u00e9m muzeu. Vstup je zdarma po p\u0159edchoz\u00ed <a href=\"https:\/\/potravinyprotebe.cz\/konference-2022\/\">registraci<\/a>.\u00a0<\/p>\r\n<p>[\/perex]<\/p>\r\n<p>&nbsp;<\/p>\r\n<p><a href=\"https:\/\/www.praha7.cz\/wp-content\/uploads\/2022\/09\/pozvanka-digital1_pages-to-jpg-0001.jpg\"><img loading=\"lazy\" src=\"https:\/\/www.praha7.cz\/wp-content\/uploads\/2022\/09\/pozvanka-digital1_pages-to-jpg-0001-708x1000.jpg\" alt=\"\" width=\"640\" height=\"904\" class=\"alignnone size-large wp-image-60583\" srcset=\"https:\/\/www.praha7.cz\/wp-content\/uploads\/2022\/09\/pozvanka-digital1_pages-to-jpg-0001-708x1000.jpg 708w, https:\/\/www.praha7.cz\/wp-content\/uploads\/2022\/09\/pozvanka-digital1_pages-to-jpg-0001-283x400.jpg 283w, https:\/\/www.praha7.cz\/wp-content\/uploads\/2022\/09\/pozvanka-digital1_pages-to-jpg-0001-768x1085.jpg 768w, https:\/\/www.praha7.cz\/wp-content\/uploads\/2022\/09\/pozvanka-digital1_pages-to-jpg-0001.jpg 1241w\" sizes=\"(max-width: 640px) 100vw, 640px\" \/><\/a><\/p>\r\n<p>&nbsp;<\/p>\r\n<p>&nbsp;<\/p>\r\n<p>&nbsp;<\/p>\r\n<p>&nbsp;<\/p>\r\n<p>&nbsp;<\/p>","protected":false},"excerpt":{"rendered":"[perex] Spolek pro zdravou v\u00fd\u017eivu zve odbornou i&nbsp;laickou ve\u0159ejnost na 4.&nbsp;ro\u010dn\u00edk odborn\u00e9 konference Sou\u010dasn\u00e9 trendy ve speci\u00e1ln\u00ed v\u00fd\u017eiv\u011b s&nbsp;t\u00e9matem Zdrav\u00e9 a&nbsp;bezpe\u010dn\u00e9 potraviny. Konference se kon\u00e1 ve \u010dtvrtek 22.&nbsp;z\u00e1\u0159\u00ed 2022 v\u00a0N\u00e1rodn\u00edm zem\u011bd\u011blsk\u00e9m muzeu. Vstup je zdarma po p\u0159edchoz\u00ed registraci.\u00a0 [\/perex] &nbsp; &nbsp; &nbsp; &nbsp; &nbsp; &nbsp;","protected":false},"author":251,"featured_media":60590,"comment_status":"closed","ping_status":"open","sticky":false,"template":"","format":"standard","meta":[],"categories":[34],"tags":[],"_links":{"self":[{"href":"https:\/\/www.praha7.cz\/api\/wp\/v2\/posts\/60581"}],"collection":[{"href":"https:\/\/www.praha7.cz\/api\/wp\/v2\/posts"}],"about":[{"href":"https:\/\/www.praha7.cz\/api\/wp\/v2\/types\/post"}],"author":[{"embeddable":true,"href":"https:\/\/www.praha7.cz\/api\/wp\/v2\/users\/251"}],"replies":[{"embeddable":true,"href":"https:\/\/www.praha7.cz\/api\/wp\/v2\/comments?post=60581"}],"version-history":[{"count":1,"href":"https:\/\/www.praha7.cz\/api\/wp\/v2\/posts\/60581\/revisions"}],"predecessor-version":[{"id":60587,"href":"https:\/\/www.praha7.cz\/api\/wp\/v2\/posts\/60581\/revisions\/60587"}],"wp:featuredmedia":[{"embeddable":true,"href":"https:\/\/www.praha7.cz\/api\/wp\/v2\/media\/60590"}],"wp:attachment":[{"href":"https:\/\/www.praha7.cz\/api\/wp\/v2\/media?parent=60581"}],"wp:term":[{"taxonomy":"category","embeddable":true,"href":"https:\/\/www.praha7.cz\/api\/wp\/v2\/categories?post=60581"},{"taxonomy":"post_tag","embeddable":true,"href":"https:\/\/www.praha7.cz\/api\/wp\/v2\/tags?post=60581"}],"curies":[{"name":"wp","href":"https:\/\/api.w.org\/{rel}","templated":true}]}}