    
{"id":60575,"date":"2022-09-21T11:56:37","date_gmt":"2022-09-21T09:56:37","guid":{"rendered":"https:\/\/www.praha7.cz\/?p=60575"},"modified":"2022-10-05T13:37:49","modified_gmt":"2022-10-05T11:37:49","slug":"dopravni-omezeni-vltavska-delnicka-docasne-preruseni-provozu-tramvaji","status":"publish","type":"post","link":"https:\/\/www.praha7.cz\/dopravni-omezeni-vltavska-delnicka-docasne-preruseni-provozu-tramvaji\/","title":{"rendered":"Dopravn\u00ed omezen\u00ed Vltavsk\u00e1\u2013D\u011blnick\u00e1: do\u010dasn\u00e9 p\u0159eru\u0161en\u00ed provozu tramvaj\u00ed"},"content":{"rendered":"<p>[perex]<\/p>\r\n<p>Z d\u016fvodu rekonstrukce tramvajov\u00e9 trati, zast\u00e1vek, kanalizace, vodovodu, vozovek i&nbsp;chodn\u00edk\u016f na Bubensk\u00e9m n\u00e1b\u0159e\u017e\u00ed doch\u00e1z\u00ed <strong>od pond\u011bl\u00ed 26.&nbsp;z\u00e1\u0159\u00ed 2022 do \u010dtvrtka 15.&nbsp;prosince 2022<\/strong> k&nbsp;do\u010dasn\u00e9mu p\u0159eru\u0161en\u00ed provozu tramvaj\u00ed. Dopravn\u00ed omezen\u00ed se t\u00fdkaj\u00ed tak\u00e9 automobilov\u00e9 dopravy na Bubensk\u00e9m n\u00e1b\u0159e\u017e\u00ed. V\u00edce informac\u00ed o&nbsp;uzav\u00edrk\u00e1ch a&nbsp;obj\u00edzdn\u00fdch tras\u00e1ch najdete n\u00ed\u017ee v&nbsp;\u010dl\u00e1nku.<\/p>\r\n<p>[\/perex]<\/p>\r\n<p>V\u00a0r\u00e1mci stavby dojde ke zm\u011bn\u011b konstrukce tramvajov\u00e9 trati. M\u00edsto sou\u010dasn\u00fdch velkoplo\u0161n\u00fdch panel\u016f bude tra\u0165 z\u0159\u00edzena na betonov\u00e9 desce s\u00a0pru\u017en\u00fdm upevn\u011bn\u00edm kolejnic a&nbsp;s\u00a0asfaltov\u00fdm povrchem. Stejn\u00e1 technologie je ji\u017e pou\u017eita nap\u0159\u00edklad v\u00a0ulici Komunard\u016f nebo mezi Vltavskou a&nbsp;Argentinskou. T\u00edm dojde k\u00a0propojen\u00ed obou ned\u00e1vno zrekonstruovan\u00fdch \u00fasek\u016f. Zast\u00e1vky Hole\u0161ovick\u00e1 tr\u017enice budou v\u00a0obou sm\u011brech nov\u011b \u0159e\u0161eny jako bezbari\u00e9rov\u00e9.<\/p>\r\n<p>Stavebn\u00ed pr\u00e1ce jsou koordinov\u00e1ny s\u00a0dal\u0161\u00edmi \u010dinnostmi, zejm\u00e9na stavbou l\u00e1vky p\u0159es Vltavu, rekonstrukc\u00ed kanalizace, vodovodu, p\u0159estavbou k\u0159i\u017eovatky Bubensk\u00e9 n\u00e1b\u0159e\u017e\u00ed \u2013 Argentinsk\u00e1 \u010di v\u00fdm\u011bnou povrchu vozovek a&nbsp;chodn\u00edk\u016f.\u00a0<\/p>\r\n<h3><\/h3>\r\n<h3>Zm\u011bny tras tramvajov\u00fdch linek<\/h3>\r\n<p>\u00b7\u00a0\u00a0\u00a0\u00a0\u00a0\u00a0\u00a0\u00a0 Linky \u010d\u00edslo\u00a0<strong>1\u00a0a\u00a025<\/strong>\u00a0jsou v&nbsp;\u00faseku\u00a0Strossmayerovo n\u00e1m\u011bst\u00ed \u2013 D\u011blnick\u00e1\u00a0odklon\u011bny p\u0159es zast\u00e1vky\u00a0Veletr\u017en\u00ed pal\u00e1c,\u00a0V\u00fdstavi\u0161t\u011b,\u00a0N\u00e1dra\u017e\u00ed Hole\u0161ovice\u00a0a\u00a0Ortenovo n\u00e1m\u011bst\u00ed.<\/p>\r\n<p>\u00b7\u00a0\u00a0\u00a0\u00a0\u00a0\u00a0\u00a0\u00a0 Linka \u010d\u00edslo\u00a0<strong>6<\/strong>\u00a0je ve sm\u011bru od Kub\u00e1nsk\u00e9ho n\u00e1m\u011bst\u00ed ze zast\u00e1vky\u00a0Vyso\u010dansk\u00e1\u00a0prodlou\u017eena p\u0159es zast\u00e1vky\u00a0Kolbenova\u00a0a\u00a0Hloub\u011bt\u00edn\u00a0do obrati\u0161t\u011b\u00a0Lehovec.<\/p>\r\n<p>\u00b7\u00a0\u00a0\u00a0\u00a0\u00a0\u00a0\u00a0\u00a0 V&nbsp;\u00faseku\u00a0Palmovka\u2013Vyso\u010dansk\u00e1\u00a0je provoz linky \u010d\u00edslo\u00a06\u00a0pos\u00edlen.<\/p>\r\n<p>\u00b7\u00a0\u00a0\u00a0\u00a0\u00a0\u00a0\u00a0\u00a0 Linka \u010d\u00edslo\u00a0<strong>12<\/strong>\u00a0je ve sm\u011bru ze S\u00eddli\u0161t\u011b Barrandov zkr\u00e1cena do zast\u00e1vky\u00a0Vltavsk\u00e1\u00a0(na p\u0159edmost\u00ed Hl\u00e1vkova mostu), odkud d\u00e1le pokra\u010duje jako linka \u010d\u00edslo\u00a014\u00a0sm\u011br Spo\u0159ilov.<\/p>\r\n<p>\u00b7\u00a0\u00a0\u00a0\u00a0\u00a0\u00a0\u00a0\u00a0 Linka \u010d\u00edslo\u00a0<strong>14<\/strong>\u00a0je ve sm\u011bru od Spo\u0159ilova zkr\u00e1cena do zast\u00e1vky\u00a0Vltavsk\u00e1\u00a0(na p\u0159edmost\u00ed Hl\u00e1vkova mostu), odkud d\u00e1le pokra\u010duje jako linka \u010d\u00edslo\u00a012\u00a0sm\u011br S\u00eddli\u0161t\u011b Barrandov.<\/p>\r\n<p>&nbsp;<\/p>\r\n<h3>Zm\u011bny v&nbsp;zast\u00e1vk\u00e1ch tramvaj\u00ed<\/h3>\r\n<p>Z\u0159izuj\u00ed se zast\u00e1vky:<\/p>\r\n<p>\u00b7\u00a0\u00a0\u00a0\u00a0\u00a0\u00a0\u00a0\u00a0 <strong>Vltavsk\u00e1<\/strong>\u00a0v obou sm\u011brech na p\u0159edmost\u00ed Hl\u00e1vkova mostu,<\/p>\r\n<p>\u00b7\u00a0\u00a0\u00a0\u00a0\u00a0\u00a0\u00a0\u00a0 <strong>Palmovka\u00a0<\/strong>ve sm\u011bru do centra v&nbsp;Sokolovsk\u00e9 ulici.<\/p>\r\n<p>&nbsp;<\/p>\r\n<p><strong>Pro cestu do oblasti Hole\u0161ovic doporu\u010dujeme vyu\u017e\u00edt p\u0159estup na tramvaj ve stanici metra\u00a0N\u00e1dra\u017e\u00ed Hole\u0161ovice.<\/strong><br \/>\r\n\u00a0<\/p>\r\n<h3>N\u00e1hradn\u00ed doprava<\/h3>\r\n<p>\u00b7\u00a0\u00a0\u00a0\u00a0\u00a0\u00a0\u00a0\u00a0 V&nbsp;denn\u00edm provozu je zavedena n\u00e1hradn\u00ed autobusov\u00e1 doprava\u00a0<strong>X25<\/strong>\u00a0v trase\u00a0Maniny\u00a0\u2013\u00a0Vltavsk\u00e1\u00a0\u2013\u00a0Strossmayerovo n\u00e1m\u011bst\u00ed.<\/p>\r\n<p>\u00b7\u00a0\u00a0\u00a0\u00a0\u00a0\u00a0\u00a0\u00a0 <strong>Zast\u00e1vky linky\u00a0X25:<\/strong><\/p>\r\n<p>o\u00a0\u00a0\u00a0 Maniny\u00a0\u2013\u00a0n\u00e1stupn\u00ed: v&nbsp;zast\u00e1vce tramvaj\u00ed<\/p>\r\n<p>o\u00a0\u00a0\u00a0 D\u011blnick\u00e1: v&nbsp;D\u011blnick\u00e9 ulici, p\u0159ibli\u017en\u011b 75 metr\u016f za k\u0159i\u017eovatkou s&nbsp;ulic\u00ed Komunard\u016f<\/p>\r\n<p>o\u00a0\u00a0\u00a0 Argentinsk\u00e1: v&nbsp;Argentinsk\u00e9 ulici, v&nbsp;zast\u00e1vce autobusov\u00e9 linky\u00a0156\u00a0sm\u011br OC Stromovka<\/p>\r\n<p>o\u00a0\u00a0\u00a0 Vltavsk\u00e1: na n\u00e1b\u0159e\u017e\u00ed Kapit\u00e1na Jaro\u0161e, v&nbsp;zast\u00e1vce autobusov\u00e9 linky\u00a0156\u00a0sm\u011br OC Stromovka<\/p>\r\n<p>o\u00a0\u00a0\u00a0 Strossmayerovo n\u00e1m\u011bst\u00ed: v&nbsp;ulici Dukelsk\u00fdch hrdin\u016f, v&nbsp;zast\u00e1vce autobusov\u00e9 linky\u00a0156\u00a0sm\u011br OC Stromovka<\/p>\r\n<p>o\u00a0\u00a0\u00a0 Vltavsk\u00e1: na n\u00e1b\u0159e\u017e\u00ed Kapit\u00e1na Jaro\u0161e, v&nbsp;zast\u00e1vce autobusov\u00e9 linky\u00a0156\u00a0sm\u011br N\u00e1dra\u017e\u00ed Hole\u0161ovice<\/p>\r\n<p>o\u00a0\u00a0\u00a0 Hole\u0161ovick\u00e1 tr\u017enice: v&nbsp;Jate\u010dn\u00ed ulici, za k\u0159i\u017eovatkou s&nbsp;ulic\u00ed U&nbsp;Gar\u00e1\u017e\u00ed<\/p>\r\n<p>o\u00a0\u00a0\u00a0 Tusarova\u00a0(do 8.\u00a0\u0159\u00edjna 2022): v&nbsp;Jate\u010dn\u00ed ulici, p\u0159ibli\u017en\u011b 40 metr\u016f za k\u0159i\u017eovatkou s&nbsp;ulic\u00ed Komunard\u016f<\/p>\r\n<p>o\u00a0\u00a0\u00a0 D\u011blnick\u00e1\u00a0(od 9.\u00a0\u0159\u00edjna 2022): v&nbsp;zast\u00e1vce tramvaj\u00ed<\/p>\r\n<p>o\u00a0\u00a0\u00a0 Maniny\u00a0\u2013\u00a0v\u00fdstupn\u00ed: v&nbsp;zast\u00e1vce tramvaj\u00ed<\/p>\r\n<h3><\/h3>\r\n<p>&nbsp;<\/p>\r\n<h3>Zm\u011bny v&nbsp;zast\u00e1vk\u00e1ch autobus\u016f<\/h3>\r\n<p>Pro linku\u00a0<strong>156<\/strong>\u00a0se z\u0159izuj\u00ed zast\u00e1vky:<\/p>\r\n<p>\u00b7\u00a0\u00a0\u00a0\u00a0\u00a0\u00a0\u00a0\u00a0 <strong>D\u011blnick\u00e1<\/strong>\u00a0(sm\u011br OC Stromovka) \u2013 v&nbsp;D\u011blnick\u00e9 ulici, p\u0159ibli\u017en\u011b 75 metr\u016f za k\u0159i\u017eovatkou s&nbsp;ulic\u00ed Komunard\u016f<\/p>\r\n<p>\u00b7\u00a0\u00a0\u00a0\u00a0\u00a0\u00a0\u00a0\u00a0<strong> Tusarova<\/strong>\u00a0(sm\u011br N\u00e1dra\u017e\u00ed Hole\u0161ovice) pouze od 4.&nbsp;\u0159\u00edjna 2022 do 8.\u00a0\u0159\u00edjna 2022 \u2013 v&nbsp;Jate\u010dn\u00ed ulici, p\u0159ibli\u017en\u011b 40 metr\u016f za k\u0159i\u017eovatkou s&nbsp;ulic\u00ed Komunard\u016f<\/p>\r\n<p>&nbsp;<\/p>\r\n<p><a href=\"https:\/\/www.praha7.cz\/wp-content\/uploads\/2022\/09\/Letak_k_opatreni_Vltavska_Delnicka-1.pdf\"><strong>Let\u00e1k k&nbsp;dprovozu MHD<\/strong><\/a><\/p>\r\n<p>&nbsp;<\/p>\r\n<h3>Automobilov\u00e1 doprava<\/h3>\r\n<p>V\u00a0pr\u016fb\u011bhu stavebn\u00edch prac\u00ed je t\u0159eba na m\u00edst\u011b po\u010d\u00edtat s\u00a0 dopravn\u00edmi omezen\u00edmi tak\u00e9 pro automobilovou dopravu, p\u0159edev\u0161\u00edm v\u00a0okol\u00ed k\u0159i\u017eovatky Bubensk\u00e9 n\u00e1b\u0159. \u2013 Argentinsk\u00e1. V&nbsp;\u00faseku Negrelliho viadukt &#8211; Komunard\u016f je automobilov\u00fd provoz zachov\u00e1n v&nbsp;re\u017eimu 2 + 2 j\u00edzdn\u00ed pruhy. Doprava jedouc\u00ed z&nbsp;Hl\u00e1vkova mostu je na Bubensk\u00e9m n\u00e1b\u0159e\u017e\u00ed p\u0159evedena p\u0159es tramvajovou tra\u0165 k&nbsp;z\u00e1stavb\u011b a&nbsp;d\u00e1le vedena do ul. Argentinsk\u00e1. Doprava jedouc\u00ed po n\u00e1b\u0159e\u017e\u00ed Kapit\u00e1na Jaro\u0161e je na Bubensk\u00e9m n\u00e1b\u0159e\u017e\u00ed p\u0159evedena p\u0159es tramvajovou tra\u0165 a&nbsp;d\u00e1le vedena ul. Za Viaduktem a&nbsp;U&nbsp;Top\u00edren do ul. Argentinsk\u00e1. Tato trasa je ur\u010dena pouze pro vozidla nep\u0159esahuj\u00edc\u00ed \u0161\u00ed\u0159ku 2,25&nbsp;m. Bubensk\u00e9 n\u00e1b\u0159e\u017e\u00ed pod\u00e9l pra\u017esk\u00e9 tr\u017enice je uzav\u0159eno.<\/p>\r\n<p><strong>Pros\u00edme \u0159idi\u010de, kte\u0159\u00ed jedou z\u00a0n\u00e1b\u0159e\u017e\u00ed Kapit\u00e1na Jaro\u0161e , aby se zbyte\u010dn\u011b nepokou\u0161eli p\u0159e\u0159azovat z&nbsp;lev\u00e9ho pruhu do prav\u00e9ho. By\u0165 se lev\u00fd pruh dle zna\u010den\u00ed zd\u00e1nliv\u011b vrac\u00ed zp\u00e1tky, dostanete se tudy do ul. Argentinsk\u00e1 (viz popis v\u00fd\u0161e).<\/strong><\/p>\r\n<p>&nbsp;<\/p>\r\n<p><img loading=\"lazy\" src=\"https:\/\/www.praha7.cz\/wp-content\/uploads\/2022\/09\/zna\u010den\u00ed-Bubensk\u00e9-n\u00e1b\u0159e\u017e\u00ed-1-534x400.jpg\" alt=\"\" width=\"534\" height=\"400\" class=\"alignnone wp-image-60776 size-medium\" srcset=\"https:\/\/www.praha7.cz\/wp-content\/uploads\/2022\/09\/zna\u010den\u00ed-Bubensk\u00e9-n\u00e1b\u0159e\u017e\u00ed-1-534x400.jpg 534w, https:\/\/www.praha7.cz\/wp-content\/uploads\/2022\/09\/zna\u010den\u00ed-Bubensk\u00e9-n\u00e1b\u0159e\u017e\u00ed-1.jpg 718w\" sizes=\"(max-width: 534px) 100vw, 534px\" \/><\/p>\r\n<p>Z\u00a0d\u016fvod\u016f zm\u011bn veden\u00ed osobn\u00ed i&nbsp;n\u00e1hradn\u00ed autobusov\u00e9 dopravy a&nbsp;z\u00a0d\u016fvod\u016f z\u0159\u00edzen\u00ed do\u010dasn\u00fdch zast\u00e1vek bude v\u00a0n\u011bkter\u00fdch \u00fasec\u00edch platit d\u00edl\u010d\u00ed z\u00e1kaz zastaven\u00ed.<\/p>\r\n<p>Pros\u00edme, v\u011bnujte pozornost dopravn\u00edmu zna\u010den\u00ed v\u00a0dot\u010den\u00fdch m\u00edstech.<\/p>\r\n<h3><\/h3>\r\n<h3><strong>Omezen\u00ed pro p\u011b\u0161\u00ed\u00a0<\/strong><\/h3>\r\n<p>P\u011b\u0161\u00ed doprava na n\u00e1b\u0159e\u017e\u00ed bude vylou\u010dena v\u00a0\u00faseku Argentinsk\u00e1 \u2013 Komunard\u016f. Pro p\u0159\u00edstup do Pra\u017esk\u00e9 tr\u017enice bude mo\u017en\u00e9 vyu\u017e\u00edvat vstupy z\u00a0Argentinsk\u00e9 \u010di Jate\u010dn\u00ed ulice.<\/p>","protected":false},"excerpt":{"rendered":"[perex] Z&nbsp;d\u016fvodu rekonstrukce tramvajov\u00e9 trati, zast\u00e1vek, kanalizace, vodovodu, vozovek i&nbsp;chodn\u00edk\u016f na Bubensk\u00e9m n\u00e1b\u0159e\u017e\u00ed doch\u00e1z\u00ed od pond\u011bl\u00ed 26.&nbsp;z\u00e1\u0159\u00ed 2022 do \u010dtvrtka 15.&nbsp;prosince 2022 k&nbsp;do\u010dasn\u00e9mu p\u0159eru\u0161en\u00ed provozu tramvaj\u00ed. Dopravn\u00ed omezen\u00ed se t\u00fdkaj\u00ed tak\u00e9 automobilov\u00e9 dopravy na Bubensk\u00e9m n\u00e1b\u0159e\u017e\u00ed. V\u00edce informac\u00ed o&nbsp;uzav\u00edrk\u00e1ch a&nbsp;obj\u00edzdn\u00fdch tras\u00e1ch najdete n\u00ed\u017ee v&nbsp;\u010dl\u00e1nku. [\/perex] V\u00a0r\u00e1mci stavby dojde ke zm\u011bn\u011b konstrukce tramvajov\u00e9 trati. M\u00edsto [&hellip;]","protected":false},"author":5,"featured_media":60576,"comment_status":"closed","ping_status":"open","sticky":false,"template":"","format":"standard","meta":[],"categories":[34],"tags":[],"_links":{"self":[{"href":"https:\/\/www.praha7.cz\/api\/wp\/v2\/posts\/60575"}],"collection":[{"href":"https:\/\/www.praha7.cz\/api\/wp\/v2\/posts"}],"about":[{"href":"https:\/\/www.praha7.cz\/api\/wp\/v2\/types\/post"}],"author":[{"embeddable":true,"href":"https:\/\/www.praha7.cz\/api\/wp\/v2\/users\/5"}],"replies":[{"embeddable":true,"href":"https:\/\/www.praha7.cz\/api\/wp\/v2\/comments?post=60575"}],"version-history":[{"count":14,"href":"https:\/\/www.praha7.cz\/api\/wp\/v2\/posts\/60575\/revisions"}],"predecessor-version":[{"id":60780,"href":"https:\/\/www.praha7.cz\/api\/wp\/v2\/posts\/60575\/revisions\/60780"}],"wp:featuredmedia":[{"embeddable":true,"href":"https:\/\/www.praha7.cz\/api\/wp\/v2\/media\/60576"}],"wp:attachment":[{"href":"https:\/\/www.praha7.cz\/api\/wp\/v2\/media?parent=60575"}],"wp:term":[{"taxonomy":"category","embeddable":true,"href":"https:\/\/www.praha7.cz\/api\/wp\/v2\/categories?post=60575"},{"taxonomy":"post_tag","embeddable":true,"href":"https:\/\/www.praha7.cz\/api\/wp\/v2\/tags?post=60575"}],"curies":[{"name":"wp","href":"https:\/\/api.w.org\/{rel}","templated":true}]}}